{"id":426941,"date":"2025-09-29T20:33:17","date_gmt":"2025-09-29T20:33:17","guid":{"rendered":"https:\/\/www.europesays.com\/fr\/426941\/"},"modified":"2025-09-29T20:33:17","modified_gmt":"2025-09-29T20:33:17","slug":"cinema-quand-fr3-assistait-au-tournage-du-film-culte-adieu-poulet-avec-lino-ventura-et-patrick-dewaere-a-rouen","status":"publish","type":"post","link":"https:\/\/www.europesays.com\/fr\/426941\/","title":{"rendered":"Cin\u00e9ma. Quand FR3 assistait au tournage du film culte \u00ab\u00a0Adieu poulet !\u00a0\u00bb avec Lino Ventura et Patrick Dewaere \u00e0 Rouen"},"content":{"rendered":"<p class=\"article__intro\">Ce lundi 29 septembre 2025, le cin\u00e9ma l&rsquo;Omnia R\u00e9publique de Rouen projette \u00ab\u00a0Adieu poulet !\u00a0\u00bb pour les 50 ans de ce long m\u00e9trage. Un film essentiellement tourn\u00e9 \u00e0 Rouen. Le 4 juillet 1975, une \u00e9quipe de FR3 se rendait sur le tournage.<\/p>\n<p>\n      L\u2019actu des r\u00e9gions\n    <\/p>\n<p>\n      Chaque jour, un tour d\u2019horizon des principales infos de toutes les r\u00e9gions.\n    <\/p>\n<p>    France T\u00e9l\u00e9visions utilise votre adresse e-mail afin de vous envoyer la newsletter \u00ab\u00a0L\u2019actu des r\u00e9gions\u00a0\u00bb. Vous pouvez vous d\u00e9sinscrire \u00e0 tout moment via le lien en bas de cette newsletter. <a target=\"_blank\" href=\"https:\/\/www.francetelevisions.fr\/groupe\/confidentialite\/politique-de-confidentialite\/politique-de-confidentialite-de-france-televisions-6503\" rel=\"nofollow noopener\">Notre politique de confidentialit\u00e9<\/a><\/p>\n<p>C&rsquo;est un film qui r\u00e9unit \u00e0 l&rsquo;\u00e9cran Lino Ventura et Patrick Dewaere, deux stars du cin\u00e9ma fran\u00e7ais des ann\u00e9es 70. Mais si ce 4 juillet 1975, la journaliste de FR3 Marie-Claire Gautier s&rsquo;int\u00e9resse \u00e0 ce long m\u00e9trage, c&rsquo;est qu&rsquo;il est tourn\u00e9 dans les rues de Rouen.<\/p>\n<p>\u00c0 l&rsquo;antenne ce jour d&rsquo;\u00e9t\u00e9 75, la troisi\u00e8me cha\u00eene r\u00e9gionale diffuse une alternance de tournages de sc\u00e8ne et des interviews des principaux acteurs et du r\u00e9alisateur. Nous avons retrouv\u00e9 ces images d&rsquo;archives.<\/p>\n<p><strong>ARCHIVES. Voici le reportage du 4 juillet 1975 :<\/strong><\/p>\n<p>    dur\u00e9e de la vid\u00e9o : 00h04mn00s<\/p>\n<p>        <img decoding=\"async\" width=\"640\" height=\"426\" class=\"article-image not-lazy\" src=\"https:\/\/www.europesays.com\/fr\/wp-content\/uploads\/2025\/09\/e76714d9-4122-402b-ba27-88f662c2937d.jpg\" alt=\"\" fetchpriority=\"high\"\/><\/p>\n<p>              Voir la video\u00a0(4 minutes).\u00a0<br \/>\n                  4 min<\/p>\n<p>\n          Ce long-m\u00e9trage de Pierre Grannier-Deferre a \u00e9t\u00e9 tourn\u00e9 dans les rues de Rouen au cours de l&rsquo;\u00e9t\u00e9 1975. Un reportage diffus\u00e9 le 4 juillet 1975.<\/p>\n<p>        \u2022<\/p>\n<p>              \u00a9France T\u00e9l\u00e9visions \/ INA\n      <\/p>\n<p>\u00a0Au pied de l&rsquo;h\u00f4tel de Ville, parfaitement reconnaissable en arri\u00e8re-plan, le r\u00e9alisateur Pierre Granier-Deferre r\u00e9sume en quelques mots l&rsquo;histoire du film \u00e0 la journaliste r\u00e9gionale : \u00ab\u00a0c&rsquo;est l&rsquo;histoire d&rsquo;un commissaire de police, un petit peu Don Quichotte, un petit peu sh\u00e9rif, qui croit qu&rsquo;il faut chasser les voyous. Il pense qu&rsquo;il y a les honn\u00eates gens et les mauvais et puis qui s&rsquo;aper\u00e7oit que le m\u00e9lange est mieux fait que \u00e7a et que quelques fois dans les hautes sph\u00e8res dirigeantes, il y a aussi des malhonn\u00eates. Et il se r\u00e9volte contre tout \u00e7a et qui s\u00e8me la panique.\u00a0\u00bb<\/p>\n<p>Dans le r\u00f4le du commissaire Verjeat, Lino Ventura. En pleine campagne \u00e9lectorale il m\u00e8ne avec son adjoint Lef\u00e8vre interpr\u00e9t\u00e9 par Patrick Dewaere une enqu\u00eate sur la mort d&rsquo;un colleur d&rsquo;affiches. Celle-ci les conduit \u00e0 Pierre Lardatte jou\u00e9 par Victor Lanoux, un politique. S&rsquo;attaquer \u00e0 cet homme d&rsquo;influence pourrait signifier la fin de la carri\u00e8re des deux policiers.<\/p>\n<p>Derri\u00e8re de grandes lunettes de soleil, cigarette \u00e0 la main, Lino Ventura d\u00e9crit son personnage : \u00ab\u00a0Je crois que c&rsquo;est un monsieur qui va jusqu&rsquo;au bout des choses. Par divers c\u00f4t\u00e9s, il est sympathique. Il est t\u00eatu, opini\u00e2tre\u00a0\u00bb. <\/p>\n<p>Plus nature, voire un peu d\u00e9concertant, Patrick Dewaere, costume clair et cravate sombre, sur fond de ciel bleu d\u00e9crit ce qu&rsquo;il aime dans ce r\u00f4le : \u00ab\u00a0moi ce qui m&rsquo;int\u00e9resse, c&rsquo;est de faire des mecs finalement. Un flic, qu&rsquo;est-ce que c&rsquo;est au d\u00e9part ? C&rsquo;est un mec qui s&rsquo;est engag\u00e9 dans les flics. \u00c7a pourrait tr\u00e8s bien m&rsquo;arriver. Si j&rsquo;avais pas \u00e9t\u00e9 acteur, et que j&rsquo;avais vraiment pas trouv\u00e9 de boulot, j&rsquo;aurais tr\u00e8s bien pu \u00eatre dans les flics, surtout que c&rsquo;est marrant.\u00a0\u00bb<\/p>\n<p>Sorti en salle le 10 d\u00e9cembre 1975, le film \u00ab\u00a0Adieu Poulet\u00a0\u00bb s&rsquo;inspire d&rsquo;un fait divers survenu en r\u00e9gion parisienne dans les ann\u00e9es 70.<\/p>\n<p>Avec pr\u00e8s de deux millions d&rsquo;entr\u00e9es, le film fait partie du top 20 annuel du box-office 1975. Patrick Dewaere signe une seconde performance remarqu\u00e9e apr\u00e8s son r\u00f4le dans \u00ab\u00a0Les Valseuses\u00a0\u00bb l&rsquo;ann\u00e9e qui pr\u00e9c\u00e8de. Il est m\u00eame nomin\u00e9 au C\u00e9sar du meilleur acteur dans un second r\u00f4le.<\/p>\n<\/p>\n<p>Pour toutes ces raisons, l&rsquo;Omnia R\u00e9publique consacre ce lundi 29 septembre 2025 une soir\u00e9e sp\u00e9ciale \u00e0 \u00ab\u00a0Adieu Poulet\u00a0\u00bb avec projection du film et \u00e9changes avec les descendants du r\u00e9alisateur et de Victor Lanoux.<\/p>\n","protected":false},"excerpt":{"rendered":"Ce lundi 29 septembre 2025, le cin\u00e9ma l&rsquo;Omnia R\u00e9publique de Rouen projette \u00ab\u00a0Adieu poulet !\u00a0\u00bb pour les 50&hellip;\n","protected":false},"author":2,"featured_media":426942,"comment_status":"","ping_status":"","sticky":false,"template":"","format":"standard","meta":{"footnotes":""},"categories":[9587],"tags":[1111,11,1777,674,1011,27,12,5161,25,9590],"class_list":{"0":"post-426941","1":"post","2":"type-post","3":"status-publish","4":"format-standard","5":"has-post-thumbnail","7":"category-rouen","8":"tag-actu","9":"tag-actualites","10":"tag-eu","11":"tag-europe","12":"tag-fr","13":"tag-france","14":"tag-news","15":"tag-normandie","16":"tag-republique-francaise","17":"tag-rouen"},"share_on_mastodon":{"url":"https:\/\/pubeurope.com\/@fr\/115289496529838361","error":""},"_links":{"self":[{"href":"https:\/\/www.europesays.com\/fr\/wp-json\/wp\/v2\/posts\/426941","targetHints":{"allow":["GET"]}}],"collection":[{"href":"https:\/\/www.europesays.com\/fr\/wp-json\/wp\/v2\/posts"}],"about":[{"href":"https:\/\/www.europesays.com\/fr\/wp-json\/wp\/v2\/types\/post"}],"author":[{"embeddable":true,"href":"https:\/\/www.europesays.com\/fr\/wp-json\/wp\/v2\/users\/2"}],"replies":[{"embeddable":true,"href":"https:\/\/www.europesays.com\/fr\/wp-json\/wp\/v2\/comments?post=426941"}],"version-history":[{"count":0,"href":"https:\/\/www.europesays.com\/fr\/wp-json\/wp\/v2\/posts\/426941\/revisions"}],"wp:featuredmedia":[{"embeddable":true,"href":"https:\/\/www.europesays.com\/fr\/wp-json\/wp\/v2\/media\/426942"}],"wp:attachment":[{"href":"https:\/\/www.europesays.com\/fr\/wp-json\/wp\/v2\/media?parent=426941"}],"wp:term":[{"taxonomy":"category","embeddable":true,"href":"https:\/\/www.europesays.com\/fr\/wp-json\/wp\/v2\/categories?post=426941"},{"taxonomy":"post_tag","embeddable":true,"href":"https:\/\/www.europesays.com\/fr\/wp-json\/wp\/v2\/tags?post=426941"}],"curies":[{"name":"wp","href":"https:\/\/api.w.org\/{rel}","templated":true}]}}