{"id":426944,"date":"2025-09-29T20:36:42","date_gmt":"2025-09-29T20:36:42","guid":{"rendered":"https:\/\/www.europesays.com\/fr\/426944\/"},"modified":"2025-09-29T20:36:42","modified_gmt":"2025-09-29T20:36:42","slug":"grenoble-ce-bar-du-centre-ville-vise-par-un-cocktail-molotov-ce-que-lon-sait","status":"publish","type":"post","link":"https:\/\/www.europesays.com\/fr\/426944\/","title":{"rendered":"Grenoble. Ce bar du centre-ville vis\u00e9 par un cocktail Molotov : ce que l&rsquo;on sait"},"content":{"rendered":"<p>            Par<br \/>\n        <strong><br \/>\n            <a href=\"https:\/\/actu.fr\/auteur\/lisa-rodrigues\" title=\"Consulter tous les articles de Lisa Rodrigues\" target=\"_blank\" rel=\"noopener\">Lisa Rodrigues<\/a><br \/>\n        <\/strong><\/p>\n<p>        Publi\u00e9 le<\/p>\n<p>            29 sept. 2025 \u00e0 17h57        <\/p>\n<p>Les faits se sont produits bien avant l\u2019ouverture de l\u2019\u00e9tablissement. Le <strong>Monkey\u2019s Caf\u00e9<\/strong>, bar restaurant \u00e0 l\u2019angle de la rue Millet et de la rue de la Poste \u00e0 <a href=\"https:\/\/actu.fr\/auvergne-rhone-alpes\/grenoble_38185\" target=\"_blank\" rel=\"noopener\">Grenoble<\/a>, a \u00e9t\u00e9 d\u00e9grad\u00e9 t\u00f4t lundi 29 septembre au matin, d\u2019apr\u00e8s la DIPN.<\/p>\n<p>    <a href=\"https:\/\/www.google.com\/maps\/embed?pb=!1m18!1m12!1m3!1d295.5661744065554!2d5.72784125725219!3d45.1888132041463!2m3!1f0!2f0!3f0!3m2!1i1024!2i768!4f13.1!3m3!1m2!1s0x478af5003972c127%3A0x45ce6a79c33ec4a1!2sMonkey%27s%20Caf%C3%A9!5e0!3m2!1sfr!2sfr!4v1759159806955!5m2!1sfr!2sfr\" title=\"Ouvrie le lien\" target=\"_blank\" rel=\"noopener\">Cliquez ici pour visualiser le contenu<\/a><\/p>\n<p class=\" wall-content\">Aux alentours de 5h45, un individu a bris\u00e9 la vitre du bar avant de <strong>jeter \u00e0 l\u2019int\u00e9rieur un cocktail Molotov<\/strong>. L\u2019homme a ensuite pris la fuite.<\/p>\n<p>D\u00e9g\u00e2ts mat\u00e9riels uniquement<\/p>\n<p class=\" wall-content\">Sur place, les sapeurs-pompiers proc\u00e8dent au d\u00e9senfumage du caf\u00e9, le cocktail Molotov s\u2019\u00e9tant \u00ab\u00a0\u00e9teint de lui-m\u00eame\u00a0\u00bb, selon les forces de l\u2019ordre. Aucun bless\u00e9 n\u2019est \u00e0 d\u00e9plorer et seuls des <strong>d\u00e9g\u00e2ts mat\u00e9riels minimes<\/strong> ont \u00e9t\u00e9 relev\u00e9s.<\/p>\n<p class=\" wall-content\">Une enqu\u00eate a \u00e9t\u00e9 ouverte pour \u00e9claircir les circonstances de cet acte.<\/p>\n<p class=\" wall-content\">Personnalisez votre actualit\u00e9 en ajoutant vos villes et m\u00e9dias en favori avec <a href=\"https:\/\/moncompte.actu.fr\" title=\"D\u00e9couvez Mon Actu\" rel=\"nofollow noopener\" data-trk=\"{&quot;cta&quot;:{&quot;action&quot;:&quot;https:\\\/\\\/moncompte.actu.fr&quot;,&quot;category&quot;:&quot;mon compte&quot;,&quot;from&quot;:&quot;article footer&quot;,&quot;name&quot;:&quot;Mon actu&quot;,&quot;type&quot;:&quot;cta&quot;}}\" target=\"_blank\">Mon Actu<\/a>.<\/p>\n","protected":false},"excerpt":{"rendered":"Par Lisa Rodrigues Publi\u00e9 le 29 sept. 2025 \u00e0 17h57 Les faits se sont produits bien avant l\u2019ouverture&hellip;\n","protected":false},"author":2,"featured_media":426945,"comment_status":"","ping_status":"","sticky":false,"template":"","format":"standard","meta":{"footnotes":""},"categories":[9566],"tags":[1111,11,2430,1777,674,118,1011,27,2731,12,1072,25],"class_list":{"0":"post-426944","1":"post","2":"type-post","3":"status-publish","4":"format-standard","5":"has-post-thumbnail","7":"category-grenoble","8":"tag-actu","9":"tag-actualites","10":"tag-auvergne-rhone-alpes","11":"tag-eu","12":"tag-europe","13":"tag-faits-divers","14":"tag-fr","15":"tag-france","16":"tag-grenoble","17":"tag-news","18":"tag-police","19":"tag-republique-francaise"},"share_on_mastodon":{"url":"https:\/\/pubeurope.com\/@fr\/115289508078977253","error":""},"_links":{"self":[{"href":"https:\/\/www.europesays.com\/fr\/wp-json\/wp\/v2\/posts\/426944","targetHints":{"allow":["GET"]}}],"collection":[{"href":"https:\/\/www.europesays.com\/fr\/wp-json\/wp\/v2\/posts"}],"about":[{"href":"https:\/\/www.europesays.com\/fr\/wp-json\/wp\/v2\/types\/post"}],"author":[{"embeddable":true,"href":"https:\/\/www.europesays.com\/fr\/wp-json\/wp\/v2\/users\/2"}],"replies":[{"embeddable":true,"href":"https:\/\/www.europesays.com\/fr\/wp-json\/wp\/v2\/comments?post=426944"}],"version-history":[{"count":0,"href":"https:\/\/www.europesays.com\/fr\/wp-json\/wp\/v2\/posts\/426944\/revisions"}],"wp:featuredmedia":[{"embeddable":true,"href":"https:\/\/www.europesays.com\/fr\/wp-json\/wp\/v2\/media\/426945"}],"wp:attachment":[{"href":"https:\/\/www.europesays.com\/fr\/wp-json\/wp\/v2\/media?parent=426944"}],"wp:term":[{"taxonomy":"category","embeddable":true,"href":"https:\/\/www.europesays.com\/fr\/wp-json\/wp\/v2\/categories?post=426944"},{"taxonomy":"post_tag","embeddable":true,"href":"https:\/\/www.europesays.com\/fr\/wp-json\/wp\/v2\/tags?post=426944"}],"curies":[{"name":"wp","href":"https:\/\/api.w.org\/{rel}","templated":true}]}}