{"id":426946,"date":"2025-09-29T20:37:25","date_gmt":"2025-09-29T20:37:25","guid":{"rendered":"https:\/\/www.europesays.com\/fr\/426946\/"},"modified":"2025-09-29T20:37:25","modified_gmt":"2025-09-29T20:37:25","slug":"a-pace-morgane-cardignan-pour-son-spectacle-la-nuit-je-mens","status":"publish","type":"post","link":"https:\/\/www.europesays.com\/fr\/426946\/","title":{"rendered":"\u00c0 Pac\u00e9, Morgane Cardignan pour son spectacle \u00ab\u00a0La nuit je mens\u00a0\u00bb"},"content":{"rendered":"<p>Morgane Cadignan a choisi le mensonge comme fil conducteur de son nouveau seule-en-sc\u00e8ne, intitul\u00e9 La nuit je mens. Elle sera sur la sc\u00e8ne du Ponant \u00e0 Pac\u00e9, jeudi 2\u00a0octobre 2025. <strong>\u00ab\u00a0J\u2019\u00e9voque notre rapport \u00e0 la v\u00e9rit\u00e9, mais je parle aussi de moi, de l\u2019enfance et j\u2019explore d\u2019autres sujets\u00a0\u00bb,<\/strong> r\u00e9sume l\u2019humoriste de 34\u00a0ans.<\/p>\n<p>Le titre du spectacle est aussi un clin d\u2019\u0153il \u00e0 la chanson d\u2019Alain Bashung, <strong>\u00ab\u00a0un artiste qui a beaucoup compt\u00e9 dans ma vie. Pour parler du mensonge, on doit parler de la nuit, c\u2019est le th\u00e9\u00e2tre de toutes les excentricit\u00e9s.\u00a0\u00bb<\/strong><\/p>\n<p>Jeudi 2\u00a0octobre 2025, \u00e0 20\u00a0h, au Ponant \u00e0 Pac\u00e9, 32\u00a0\u20ac<\/p>\n<p>\u00a0<\/p>\n","protected":false},"excerpt":{"rendered":"Morgane Cadignan a choisi le mensonge comme fil conducteur de son nouveau seule-en-sc\u00e8ne, intitul\u00e9 La nuit je mens.&hellip;\n","protected":false},"author":2,"featured_media":426947,"comment_status":"","ping_status":"","sticky":false,"template":"","format":"standard","meta":{"footnotes":""},"categories":[2821],"tags":[1111,11,829,55557,1777,674,1011,27,38949,55556,12,293,9569,3086,584,25,3140],"class_list":{"0":"post-426946","1":"post","2":"type-post","3":"status-publish","4":"format-standard","5":"has-post-thumbnail","7":"category-rennes","8":"tag-actu","9":"tag-actualites","10":"tag-bretagne","11":"tag-cardignan","12":"tag-eu","13":"tag-europe","14":"tag-fr","15":"tag-france","16":"tag-mens","17":"tag-morgane","18":"tag-news","19":"tag-nuit","20":"tag-pace","21":"tag-redon","22":"tag-rennes","23":"tag-republique-francaise","24":"tag-spectacle"},"share_on_mastodon":{"url":"https:\/\/pubeurope.com\/@fr\/115289511962069949","error":""},"_links":{"self":[{"href":"https:\/\/www.europesays.com\/fr\/wp-json\/wp\/v2\/posts\/426946","targetHints":{"allow":["GET"]}}],"collection":[{"href":"https:\/\/www.europesays.com\/fr\/wp-json\/wp\/v2\/posts"}],"about":[{"href":"https:\/\/www.europesays.com\/fr\/wp-json\/wp\/v2\/types\/post"}],"author":[{"embeddable":true,"href":"https:\/\/www.europesays.com\/fr\/wp-json\/wp\/v2\/users\/2"}],"replies":[{"embeddable":true,"href":"https:\/\/www.europesays.com\/fr\/wp-json\/wp\/v2\/comments?post=426946"}],"version-history":[{"count":0,"href":"https:\/\/www.europesays.com\/fr\/wp-json\/wp\/v2\/posts\/426946\/revisions"}],"wp:featuredmedia":[{"embeddable":true,"href":"https:\/\/www.europesays.com\/fr\/wp-json\/wp\/v2\/media\/426947"}],"wp:attachment":[{"href":"https:\/\/www.europesays.com\/fr\/wp-json\/wp\/v2\/media?parent=426946"}],"wp:term":[{"taxonomy":"category","embeddable":true,"href":"https:\/\/www.europesays.com\/fr\/wp-json\/wp\/v2\/categories?post=426946"},{"taxonomy":"post_tag","embeddable":true,"href":"https:\/\/www.europesays.com\/fr\/wp-json\/wp\/v2\/tags?post=426946"}],"curies":[{"name":"wp","href":"https:\/\/api.w.org\/{rel}","templated":true}]}}