{"id":426949,"date":"2025-09-29T20:39:12","date_gmt":"2025-09-29T20:39:12","guid":{"rendered":"https:\/\/www.europesays.com\/fr\/426949\/"},"modified":"2025-09-29T20:39:12","modified_gmt":"2025-09-29T20:39:12","slug":"nicolas-matt-denonce-un-feminisme-de-facade-et-convoque-laffaire-polesi","status":"publish","type":"post","link":"https:\/\/www.europesays.com\/fr\/426949\/","title":{"rendered":"Nicolas Matt d\u00e9nonce \u00ab\u00a0un f\u00e9minisme de fa\u00e7ade\u00a0\u00bb et convoque l\u2019affaire Polesi"},"content":{"rendered":"<p>\u00ab\u00a0\u00c0 ce jour, nous n\u2019avons aucune information sur les suites donn\u00e9es \u00e0 <a href=\"https:\/\/www.dna.fr\/faits-divers-justice\/2025\/06\/16\/pas-de-sanction-disciplinaire-pour-herve-polesi-qui-quitte-l-unistra\" target=\"_blank\" rel=\"noopener\">l\u2019affaire Polesi (*)<\/a>. \u00bb Nicolas Matt a salu\u00e9 ces \u00ab\u00a0n\u00e9cessaires\u00a0\u00bb subventions soumises \u00e0 d\u00e9lib\u00e9ration, en faveur des droits des femmes, puis \u00ab\u00a0l\u2019initiative d\u2019avoir form\u00e9 18 personnes pour cr\u00e9er des safe places \u00a0\u00bb, mais attaque vite. \u00ab\u00a0Avez-vous rencontr\u00e9 les agentes concern\u00e9es\u00a0? Et surtout, comment vont-elles\u00a0?\u00a0\u00bb, \u00ab\u00a0Quel est le r\u00e9sultat de l\u2019audit pour recueillir leur parole\u00a0? Et surtout, quelles pr\u00e9conisations tirez-vous\u00a0?\u00a0\u00bb<\/p>\n<p>\u00ab\u00a0F\u00e9minisme de fa\u00e7ade\u00a0\u00bb<\/p>\n<p>Le conseiller d\u2019opposition de fustiger qu\u2019\u00e0 d\u00e9faut de \u00ab\u00a0bilan transparent\u00a0\u00bb, ces subventions ressemblent davantage \u00e0 \u00ab\u00a0un f\u00e9minisme de fa\u00e7ade\u00a0\u00bb. \u00ab\u00a0On ne peut pas, d\u2019un c\u00f4t\u00e9, financer des projets pour l\u2019\u00e9galit\u00e9\u00a0\u00bb et \u00ab\u00a0de l\u2019autre, temporiser face \u00e0 <a href=\"https:\/\/www.dna.fr\/politique\/2025\/03\/26\/polesi-sur-le-depart-le-courrier-qui-a-tout-declenche-une-affaire-dans-l-affaire\" target=\"_blank\" rel=\"noopener\">des&#8230;<\/a><\/p>\n","protected":false},"excerpt":{"rendered":"\u00ab\u00a0\u00c0 ce jour, nous n\u2019avons aucune information sur les suites donn\u00e9es \u00e0 l\u2019affaire Polesi (*). \u00bb Nicolas Matt&hellip;\n","protected":false},"author":2,"featured_media":426950,"comment_status":"","ping_status":"","sticky":false,"template":"","format":"standard","meta":{"footnotes":""},"categories":[2820],"tags":[1111,11,1984,2880,1777,674,6757,107,1011,27,775,3539,2759,12,8387,316,3370,25,104,640,2879],"class_list":{"0":"post-426949","1":"post","2":"type-post","3":"status-publish","4":"format-standard","5":"has-post-thumbnail","7":"category-strasbourg","8":"tag-actu","9":"tag-actualites","10":"tag-conseil-municipal","11":"tag-edition-strasbourg","12":"tag-eu","13":"tag-europe","14":"tag-feminisme","15":"tag-fil-info","16":"tag-fr","17":"tag-france","18":"tag-grand-est","19":"tag-les-ecologistes","20":"tag-modem","21":"tag-news","22":"tag-parti-communiste","23":"tag-politique","24":"tag-renaissance","25":"tag-republique-francaise","26":"tag-societe","27":"tag-strasbourg","28":"tag-strasbourg-ville"},"share_on_mastodon":{"url":"https:\/\/pubeurope.com\/@fr\/115289519933106870","error":""},"_links":{"self":[{"href":"https:\/\/www.europesays.com\/fr\/wp-json\/wp\/v2\/posts\/426949","targetHints":{"allow":["GET"]}}],"collection":[{"href":"https:\/\/www.europesays.com\/fr\/wp-json\/wp\/v2\/posts"}],"about":[{"href":"https:\/\/www.europesays.com\/fr\/wp-json\/wp\/v2\/types\/post"}],"author":[{"embeddable":true,"href":"https:\/\/www.europesays.com\/fr\/wp-json\/wp\/v2\/users\/2"}],"replies":[{"embeddable":true,"href":"https:\/\/www.europesays.com\/fr\/wp-json\/wp\/v2\/comments?post=426949"}],"version-history":[{"count":0,"href":"https:\/\/www.europesays.com\/fr\/wp-json\/wp\/v2\/posts\/426949\/revisions"}],"wp:featuredmedia":[{"embeddable":true,"href":"https:\/\/www.europesays.com\/fr\/wp-json\/wp\/v2\/media\/426950"}],"wp:attachment":[{"href":"https:\/\/www.europesays.com\/fr\/wp-json\/wp\/v2\/media?parent=426949"}],"wp:term":[{"taxonomy":"category","embeddable":true,"href":"https:\/\/www.europesays.com\/fr\/wp-json\/wp\/v2\/categories?post=426949"},{"taxonomy":"post_tag","embeddable":true,"href":"https:\/\/www.europesays.com\/fr\/wp-json\/wp\/v2\/tags?post=426949"}],"curies":[{"name":"wp","href":"https:\/\/api.w.org\/{rel}","templated":true}]}}