{"id":426961,"date":"2025-09-29T20:45:15","date_gmt":"2025-09-29T20:45:15","guid":{"rendered":"https:\/\/www.europesays.com\/fr\/426961\/"},"modified":"2025-09-29T20:45:15","modified_gmt":"2025-09-29T20:45:15","slug":"canto-due-en-ouverture-a-bordeaux","status":"publish","type":"post","link":"https:\/\/www.europesays.com\/fr\/426961\/","title":{"rendered":"Canto Due en ouverture \u00e0 Bordeaux"},"content":{"rendered":"<p>Le Festival International du Film Ind\u00e9pendant de Bordeaux (FIFIB) l\u00e8ve le rideau le 7 octobre prochain avec un \u00e9v\u00e9nement attendu\u00a0: la projection en avant-premi\u00e8re fran\u00e7aise de Mektoub My Love\u00a0: Canto Due. Huit ans apr\u00e8s le premier opus, le film d\u2019Abdellatif Kechiche marquera l\u2019ouverture de la 14\u1d49 \u00e9dition, en pr\u00e9sence des com\u00e9diens.<\/p>\n<p>\n                      Un retour tr\u00e8s attendu \u00e0 S\u00e8te<\/p>\n<p>Pr\u00e9sent\u00e9 pour la premi\u00e8re fois au Festival de Locarno cet \u00e9t\u00e9, Mektoub My Love\u00a0: Canto Due trouve \u00e0 Bordeaux une sc\u00e8ne in\u00e9dite en France. Le film, d\u2019une dur\u00e9e de 134 minutes, reprend le fil des aventures d\u2019Amin et de ses proches, \u00e0 la fin de l\u2019\u00e9t\u00e9 1994. Sous le soleil m\u00e9diterran\u00e9en, l\u2019histoire poursuit son exploration de l\u2019amiti\u00e9, des d\u00e9sirs et des d\u00e9sillusions.<br class=\"autobr\"\/><\/p>\n<p><img loading=\"lazy\" decoding=\"async\" src=\"https:\/\/www.europesays.com\/fr\/wp-content\/uploads\/2025\/09\/nwqj80svf_6f-63f73.png\" width=\"983\" height=\"1229\" alt=\"\"\/><br class=\"autobr\"\/><br \/>\nAmin, de retour de Paris o\u00f9 il a suivi des \u00e9tudes de cin\u00e9ma, nourrit toujours l\u2019ambition de r\u00e9aliser son projet, Les Principes essentiels de l\u2019existence universelle. Le hasard place sur sa route un producteur am\u00e9ricain qui s\u2019y int\u00e9resse, proposant m\u00eame \u00e0 sa femme Jess d\u2019en devenir l\u2019h\u00e9ro\u00efne. Mais le r\u00e9cit, r\u00e9solument tragicomique, montre combien le destin impose ses propres d\u00e9tours.<\/p>\n<p>Entre fresque intime et questionnements contemporains<\/p>\n<p>Le choix du FIFIB d\u2019ouvrir avec ce long m\u00e9trage ne tient pas seulement \u00e0 l\u2019attente des cin\u00e9philes. L\u2019\u00e9quipe du festival souligne que le film interroge des enjeux br\u00fblants\u00a0: la repr\u00e9sentation des classes sociales, les questions de genre, ou encore la mani\u00e8re dont le regard du cin\u00e9aste fa\u00e7onne celui du spectateur. Autant de th\u00e8mes qui r\u00e9sonnent avec le reste de la programmation, notamment les films de Hafsia Herzi, actrice du projet devenue r\u00e9alisatrice, \u00e9galement invit\u00e9e \u00e0 Bordeaux.<\/p>\n<p>La dimension feuilletonesque du r\u00e9cit, son m\u00e9lange de com\u00e9die et de drame, mais aussi son incursion dans les codes du film de genre, confirment la volont\u00e9 de Kechiche de bousculer les attentes. Le film, en r\u00e9unissant plusieurs g\u00e9n\u00e9rations d\u2019acteurs, t\u00e9moigne aussi d\u2019une aventure collective.<\/p>\n<p>Un film marqu\u00e9 par son histoire de production<\/p>\n<p>Canto Due arrive sur les \u00e9crans apr\u00e8s un long parcours. En 2019, le projet avait \u00e9t\u00e9 marqu\u00e9 par l\u2019absence remarqu\u00e9e d\u2019Oph\u00e9lie Bau au Festival de Cannes, celle-ci estimant que le montage final ne respectait pas les engagements pris. Six ans plus tard, l\u2019actrice a affirm\u00e9 \u00e0 Locarno que la version d\u00e9sormais pr\u00e9sent\u00e9e correspond au contrat initial avec le r\u00e9alisateur.<\/p>\n<p>Salim Kechiouche, autre membre de la distribution, a rappel\u00e9 lors de la m\u00eame conf\u00e9rence de presse que l\u2019essence du cin\u00e9ma r\u00e9side dans le travail collectif, celui de \u00ab\u00a0cent personnes\u00a0\u00bb r\u00e9unies pour une \u0153uvre commune. Un t\u00e9moignage qui \u00e9claire la port\u00e9e de ce second opus\u00a0: au-del\u00e0 des pol\u00e9miques, il s\u2019agit d\u2019une cr\u00e9ation fa\u00e7onn\u00e9e par une \u00e9quipe soud\u00e9e.<\/p>\n<p>Une ouverture \u00e0 forte port\u00e9e symbolique<\/p>\n<p>En programmant Mektoub My Love\u00a0: Canto Due en ouverture, le FIFIB affirme son r\u00f4le de tremplin pour les films qui interrogent autant qu\u2019ils fascinent. Le festival mise sur une \u0153uvre qui croise m\u00e9moire des ann\u00e9es 1990 et r\u00e9sonances contemporaines, tout en attirant l\u2019attention sur la vitalit\u00e9 du cin\u00e9ma ind\u00e9pendant.<\/p>\n<p>La projection aura lieu le <strong>mardi 7 octobre \u00e0 18h30 \u00e0 l\u2019UGC Cin\u00e9 Cit\u00e9 Gambetta<\/strong>, en pr\u00e9sence des acteurs du film\u00a0: Sha\u00efn Boumedine, Oph\u00e9lie Bau, Jessica Pennington, Salim Kechiouche, Hafsia Herzi, et d\u2019autres membres de la distribution.<\/p>\n<p>Le rendez-vous marque le coup d\u2019envoi d\u2019une semaine de cin\u00e9ma ind\u00e9pendant au c\u0153ur de Bordeaux, entre avant-premi\u00e8res, rencontres et d\u00e9couvertes.<\/p>\n","protected":false},"excerpt":{"rendered":"Le Festival International du Film Ind\u00e9pendant de Bordeaux (FIFIB) l\u00e8ve le rideau le 7 octobre prochain avec un&hellip;\n","protected":false},"author":2,"featured_media":426962,"comment_status":"","ping_status":"","sticky":false,"template":"","format":"standard","meta":{"footnotes":""},"categories":[2817],"tags":[1111,11,1997,1777,674,1011,27,12,2219,25],"class_list":{"0":"post-426961","1":"post","2":"type-post","3":"status-publish","4":"format-standard","5":"has-post-thumbnail","7":"category-bordeaux","8":"tag-actu","9":"tag-actualites","10":"tag-bordeaux","11":"tag-eu","12":"tag-europe","13":"tag-fr","14":"tag-france","15":"tag-news","16":"tag-nouvelle-aquitaine","17":"tag-republique-francaise"},"share_on_mastodon":{"url":"https:\/\/pubeurope.com\/@fr\/115289543906176310","error":""},"_links":{"self":[{"href":"https:\/\/www.europesays.com\/fr\/wp-json\/wp\/v2\/posts\/426961","targetHints":{"allow":["GET"]}}],"collection":[{"href":"https:\/\/www.europesays.com\/fr\/wp-json\/wp\/v2\/posts"}],"about":[{"href":"https:\/\/www.europesays.com\/fr\/wp-json\/wp\/v2\/types\/post"}],"author":[{"embeddable":true,"href":"https:\/\/www.europesays.com\/fr\/wp-json\/wp\/v2\/users\/2"}],"replies":[{"embeddable":true,"href":"https:\/\/www.europesays.com\/fr\/wp-json\/wp\/v2\/comments?post=426961"}],"version-history":[{"count":0,"href":"https:\/\/www.europesays.com\/fr\/wp-json\/wp\/v2\/posts\/426961\/revisions"}],"wp:featuredmedia":[{"embeddable":true,"href":"https:\/\/www.europesays.com\/fr\/wp-json\/wp\/v2\/media\/426962"}],"wp:attachment":[{"href":"https:\/\/www.europesays.com\/fr\/wp-json\/wp\/v2\/media?parent=426961"}],"wp:term":[{"taxonomy":"category","embeddable":true,"href":"https:\/\/www.europesays.com\/fr\/wp-json\/wp\/v2\/categories?post=426961"},{"taxonomy":"post_tag","embeddable":true,"href":"https:\/\/www.europesays.com\/fr\/wp-json\/wp\/v2\/tags?post=426961"}],"curies":[{"name":"wp","href":"https:\/\/api.w.org\/{rel}","templated":true}]}}