{"id":426963,"date":"2025-09-29T20:46:14","date_gmt":"2025-09-29T20:46:14","guid":{"rendered":"https:\/\/www.europesays.com\/fr\/426963\/"},"modified":"2025-09-29T20:46:14","modified_gmt":"2025-09-29T20:46:14","slug":"a-bordeaux-un-plan-pour-accompagner-les-jeunes-des-aubiers","status":"publish","type":"post","link":"https:\/\/www.europesays.com\/fr\/426963\/","title":{"rendered":"\u00e0 Bordeaux, un plan pour accompagner les jeunes des Aubiers"},"content":{"rendered":"<p>Ce lundi 29\u00a0septembre apr\u00e8s-midi, les discussions tournent autour des jeunes des Aubiers et de leur potentiel. Le cadre est d\u2019ailleurs symbolique\u00a0: l\u2019\u00e9cole primaire Louise-Michel. Dehors, les rires des enfants fusent, tandis qu\u2019\u00e0 l\u2019int\u00e9rieur, le maire de Bordeaux Pierre Hurmic, accompagn\u00e9 de plusieurs de ses adjoints, pr\u00e9sente le plan d\u2019action d\u00e9di\u00e9 \u00e0 la jeunesse du quartier. Il sera vot\u00e9 mardi 30\u00a0septembre en d\u00e9lib\u00e9ration, lors du conseil municipal, \u00e0 14\u00a0heures. Une enveloppe de 80\u00a0000\u00a0euros devrait \u00eatre d\u00e9bloqu\u00e9e pour le financer.<\/p>\n<p>Selon l\u2019\u00e9dile, ce \u00ab\u00a0plan d\u2019envergure\u00a0\u00bb est le fruit d\u2019une \u00ab\u00a0mobilisation collective\u00a0\u00bb. En mai dernier, la Ville a rencontr\u00e9 des habitants, des associations, des acteurs agissant sur le terrain de ce quartier dit \u00ab\u00a0sensible\u00a0\u00bb. De leurs suggestions est n\u00e9e une s\u00e9rie de 15\u00a0actions, d\u00e9j\u00e0 engag\u00e9es ou \u00e0 venir.<\/p>\n<p>L\u2019\u00e9ducation par le sport<\/p>\n<p>BMX, escalade, boxe, judo, tennis, voile ou encore cirque\u2026 La palette d\u2019activit\u00e9s sportives offerte aux jeunes des Aubiers est plut\u00f4t vaste. Le <a href=\"https:\/\/www.sudouest.fr\/sport\/rugby\/lionnes-du-stade-bordelais\/elite-1f-le-stade-bordelais-realise-le-triple-c-est-ouf-ce-qu-on-fait-24674222.php\" target=\"_blank\" rel=\"follow nofollow noopener\">Stade Bordelais<\/a> pilote le projet. Une douzaine d\u2019enfants (entre 6 et 11\u00a0ans) a d\u00e9j\u00e0 acc\u00e8s \u00e0 son \u00e9cole multisport pour tester ces activit\u00e9s. En septembre 2026, un nombre bien plus large pourra b\u00e9n\u00e9ficier de licences sportives \u00e0 prix r\u00e9duit \u2013 un budget sera vot\u00e9 lors de prochains conseils municipaux. En plus du <a href=\"https:\/\/www.sudouest.fr\/gironde\/bordeaux\/projet-de-dojo-solidaire-dans-le-quartier-des-aubiers-a-bordeaux-le-judo-aide-a-se-construire-et-a-s-emanciper-15577332.php\" target=\"_blank\" rel=\"follow nofollow noopener\">dojo solidaire<\/a>, inaugur\u00e9 en juin dernier, qu\u2019il g\u00e8re, l\u2019organisme propose aussi, chaque ann\u00e9e, des vacances sportives. Au total, 150\u00a0jeunes du quartier en ont b\u00e9n\u00e9fici\u00e9 cet \u00e9t\u00e9.<\/p>\n<p>La cr\u00e9ation de sections sportives est en outre en r\u00e9flexion au sein du coll\u00e8ge de Bordeaux-Lac, sans parler de la mise en place de temps sportifs sur la pause de midi dans les groupes scolaires Louise-Michel et Gis\u00e8le-Halimi. \u00ab\u00a0Le sport participe \u00e0 une reconqu\u00eate de l\u2019estime de soi face \u00e0 l\u2019\u00e9chec\u201d, consid\u00e8re Fannie Le Boulanger, adjointe en charge de la politique de la ville, \u00ab\u00a0et ici, l\u2019\u00e9chec scolaire est l\u2019un des plus importants de l\u2019acad\u00e9mie de Bordeaux\u00a0\u00bb.<\/p>\n<p>Avec ce plan bas\u00e9 sur la pr\u00e9vention, la mairie esp\u00e8re \u00ab\u00a0changer l\u2019image du quartier, en compl\u00e9ment du <a href=\"https:\/\/www.sudouest.fr\/gironde\/bordeaux\/gironde-la-rehabilitation-des-residences-des-aubiers-et-du-lac-signe-la-transformation-en-cours-d-un-quartier-a-bordeaux-25275898.php\" target=\"_blank\" rel=\"follow nofollow noopener\">renouvellement urbain en cours<\/a>\u00a0\u00bb, rappelle Pierre Hurmic. Ce renouvellement devrait se terminer en 2030.<\/p>\n<p>    D\u2019autres actions dans le quartier<br \/>\nLe sport ne r\u00e8gle pas tout. Pour faire face aux violences scolaires, un poste de m\u00e9diatrice a \u00e9t\u00e9 cr\u00e9\u00e9 et subventionn\u00e9, dans les \u00e9coles Louise-Michel et Gis\u00e8le-Halimi. Il vise \u00e0 d\u00e9samorcer les tensions et les conflits non seulement entre \u00e9l\u00e8ves mais aussi entre familles et \u00e9tablissements.<br \/>\u00ab\u00a0Pour travailler sur la question des jeunes, il faut travailler sur la question des femmes dans un quartier\u00a0\u00bb, affirme l\u2019adjointe \u00e0 la politique de la ville. Depuis d\u00e9but septembre, <a href=\"https:\/\/www.sudouest.fr\/gironde\/bordeaux\/bordeaux-promofemmes-fete-30-ans-d-engagements-aupres-des-femmes-d-origine-etrangere-22278186.php\" target=\"_blank\" rel=\"follow nofollow noopener\">Promofemmes<\/a> ouvre ses portes tous les lundis apr\u00e8s-midi, de 14\u00a0heures \u00e0 16\u00a0h\u00a030 aux habitantes du quartier, pour boire un th\u00e9, faire du tricot, discuter. \u00ab\u00a0Il faut que les femmes sortent de chez elles, qu\u2019elles sachent ce qui se passe dehors, qu\u2019elles connaissent leurs droits et soient actrices de leurs vies\u00a0\u00bb, estime Mar\u00e8ne Diagne, administratrice de l\u2019association.<\/p>\n","protected":false},"excerpt":{"rendered":"Ce lundi 29\u00a0septembre apr\u00e8s-midi, les discussions tournent autour des jeunes des Aubiers et de leur potentiel. Le cadre&hellip;\n","protected":false},"author":2,"featured_media":426964,"comment_status":"","ping_status":"","sticky":false,"template":"","format":"standard","meta":{"footnotes":""},"categories":[2817],"tags":[1111,11,1997,1777,674,1011,27,12,2219,25],"class_list":{"0":"post-426963","1":"post","2":"type-post","3":"status-publish","4":"format-standard","5":"has-post-thumbnail","7":"category-bordeaux","8":"tag-actu","9":"tag-actualites","10":"tag-bordeaux","11":"tag-eu","12":"tag-europe","13":"tag-fr","14":"tag-france","15":"tag-news","16":"tag-nouvelle-aquitaine","17":"tag-republique-francaise"},"share_on_mastodon":{"url":"https:\/\/pubeurope.com\/@fr\/115289547353396803","error":""},"_links":{"self":[{"href":"https:\/\/www.europesays.com\/fr\/wp-json\/wp\/v2\/posts\/426963","targetHints":{"allow":["GET"]}}],"collection":[{"href":"https:\/\/www.europesays.com\/fr\/wp-json\/wp\/v2\/posts"}],"about":[{"href":"https:\/\/www.europesays.com\/fr\/wp-json\/wp\/v2\/types\/post"}],"author":[{"embeddable":true,"href":"https:\/\/www.europesays.com\/fr\/wp-json\/wp\/v2\/users\/2"}],"replies":[{"embeddable":true,"href":"https:\/\/www.europesays.com\/fr\/wp-json\/wp\/v2\/comments?post=426963"}],"version-history":[{"count":0,"href":"https:\/\/www.europesays.com\/fr\/wp-json\/wp\/v2\/posts\/426963\/revisions"}],"wp:featuredmedia":[{"embeddable":true,"href":"https:\/\/www.europesays.com\/fr\/wp-json\/wp\/v2\/media\/426964"}],"wp:attachment":[{"href":"https:\/\/www.europesays.com\/fr\/wp-json\/wp\/v2\/media?parent=426963"}],"wp:term":[{"taxonomy":"category","embeddable":true,"href":"https:\/\/www.europesays.com\/fr\/wp-json\/wp\/v2\/categories?post=426963"},{"taxonomy":"post_tag","embeddable":true,"href":"https:\/\/www.europesays.com\/fr\/wp-json\/wp\/v2\/tags?post=426963"}],"curies":[{"name":"wp","href":"https:\/\/api.w.org\/{rel}","templated":true}]}}