{"id":426965,"date":"2025-09-29T20:47:10","date_gmt":"2025-09-29T20:47:10","guid":{"rendered":"https:\/\/www.europesays.com\/fr\/426965\/"},"modified":"2025-09-29T20:47:10","modified_gmt":"2025-09-29T20:47:10","slug":"un-job-dating-defense-aeronautique-et-spatial-a-toulouse","status":"publish","type":"post","link":"https:\/\/www.europesays.com\/fr\/426965\/","title":{"rendered":"Un \u00ab\u00a0Job Dating\u00a0\u00bb d\u00e9fense, a\u00e9ronautique et spatial \u00e0 Toulouse"},"content":{"rendered":"<p>Le cluster occitan <a href=\"https:\/\/www.touleco.tv\/Cluster-Primus-Les-besoins-en-sous-traitance-dans-l-industrie-de,44645\" class=\"spip_out\" rel=\"external noopener\" target=\"_blank\">Primus<\/a>, sp\u00e9cialis\u00e9e dans la d\u00e9fense et la s\u00e9curit\u00e9, en partenariat avec le minist\u00e8re des Arm\u00e9es, la R\u00e9gion Occitanie, La Cit\u00e9 et plusieurs acteurs industriels et acad\u00e9miques, organise, ce jeudi 2\u00a0octobre, la quatri\u00e8me \u00e9dition du \u00ab\u00a0Job Dating D\u00e9fense, A\u00e9ronautique &amp; Spatial\u00a0\u00bb.<\/p>\n<p>Cet \u00e9v\u00e9nement a r\u00e9uni plus de 1500 candidats en 2024 et devrait r\u00e9unir en 2025 plus de 77 structures proposant plus de 3500 opportunit\u00e9s professionnelles. Il s\u2019adresse \u00e0 un large public (\u00e9tudiants, jeunes dipl\u00f4m\u00e9s, personnes en reconversion) et vise \u00e0 favoriser les rencontres entre talents et recruteurs dans les secteurs d\u00e9fense, a\u00e9ronautique et spatial. Plus d\u2019informations <a href=\"https:\/\/clusterprimus.fr\/agenda-prive\/job-dating-defense-aeronautique-spatial-toulouse\/\" class=\"spip_out\" rel=\"external noopener\" target=\"_blank\">en ligne<\/a>.<\/p>\n","protected":false},"excerpt":{"rendered":"Le cluster occitan Primus, sp\u00e9cialis\u00e9e dans la d\u00e9fense et la s\u00e9curit\u00e9, en partenariat avec le minist\u00e8re des Arm\u00e9es,&hellip;\n","protected":false},"author":2,"featured_media":373637,"comment_status":"","ping_status":"","sticky":false,"template":"","format":"standard","meta":{"footnotes":""},"categories":[2816],"tags":[1111,11,296,55558,554,341,1777,674,1011,27,12,2680,25,656,671,2312],"class_list":{"0":"post-426965","1":"post","2":"type-post","3":"status-publish","4":"format-standard","5":"has-post-thumbnail","7":"category-toulouse","8":"tag-actu","9":"tag-actualites","10":"tag-aeronautique","11":"tag-cluster-primus","12":"tag-defense","13":"tag-emploi","14":"tag-eu","15":"tag-europe","16":"tag-fr","17":"tag-france","18":"tag-news","19":"tag-occitanie","20":"tag-republique-francaise","21":"tag-securite","22":"tag-spatial","23":"tag-toulouse"},"share_on_mastodon":{"url":"https:\/\/pubeurope.com\/@fr\/115289551280242517","error":""},"_links":{"self":[{"href":"https:\/\/www.europesays.com\/fr\/wp-json\/wp\/v2\/posts\/426965","targetHints":{"allow":["GET"]}}],"collection":[{"href":"https:\/\/www.europesays.com\/fr\/wp-json\/wp\/v2\/posts"}],"about":[{"href":"https:\/\/www.europesays.com\/fr\/wp-json\/wp\/v2\/types\/post"}],"author":[{"embeddable":true,"href":"https:\/\/www.europesays.com\/fr\/wp-json\/wp\/v2\/users\/2"}],"replies":[{"embeddable":true,"href":"https:\/\/www.europesays.com\/fr\/wp-json\/wp\/v2\/comments?post=426965"}],"version-history":[{"count":0,"href":"https:\/\/www.europesays.com\/fr\/wp-json\/wp\/v2\/posts\/426965\/revisions"}],"wp:featuredmedia":[{"embeddable":true,"href":"https:\/\/www.europesays.com\/fr\/wp-json\/wp\/v2\/media\/373637"}],"wp:attachment":[{"href":"https:\/\/www.europesays.com\/fr\/wp-json\/wp\/v2\/media?parent=426965"}],"wp:term":[{"taxonomy":"category","embeddable":true,"href":"https:\/\/www.europesays.com\/fr\/wp-json\/wp\/v2\/categories?post=426965"},{"taxonomy":"post_tag","embeddable":true,"href":"https:\/\/www.europesays.com\/fr\/wp-json\/wp\/v2\/tags?post=426965"}],"curies":[{"name":"wp","href":"https:\/\/api.w.org\/{rel}","templated":true}]}}