{"id":426968,"date":"2025-09-29T20:49:29","date_gmt":"2025-09-29T20:49:29","guid":{"rendered":"https:\/\/www.europesays.com\/fr\/426968\/"},"modified":"2025-09-29T20:49:29","modified_gmt":"2025-09-29T20:49:29","slug":"5-facades-de-la-rue-de-lalma-soulignees-dun-meme-trait","status":"publish","type":"post","link":"https:\/\/www.europesays.com\/fr\/426968\/","title":{"rendered":"5 fa\u00e7ades de la rue de l\u2019Alma soulign\u00e9es d\u2019un m\u00eame trait"},"content":{"rendered":"<p class=\"introduction\">Les habitants ne peuvent passer \u00e0 c\u00f4t\u00e9 de la fresque sign\u00e9e F\u00e9lix &amp; Kylab d\u00e9velopp\u00e9e du 142 au 150 rue de l\u2019Alma, ainsi qu\u2019\u00e0 l\u2019angle de la rue de Fontenoy. R\u00e9alis\u00e9e avec la participation des enfants du Centre Social de l\u2019Alma, elle questionne le rapport au r\u00eave et \u00e0 l\u2019imaginaire dans la ville.<\/p>\n<p>Un projet transitoire positif<\/p>\n<p>Compos\u00e9e \u00e0 partir de dessins r\u00e9alis\u00e9s par des enfants de 8 \u00e0 10 ans accueillis le mercredi au Centre Social de l\u2019Alma, cette fresque questionne le rapport au r\u00eave et \u00e0 l\u2019imaginaire dans la ville. Avec ses motifs na\u00effs et spontan\u00e9s, elle d\u00e9centre notre regard sur la rue, son pass\u00e9 et son devenir. Elle apporte une image positive dans un angle de rue passant et visible, face \u00e0 la pharmacie, \u00e0 proximit\u00e9 de l\u2019\u00e9cole et du centre social.<\/p>\n<p>Les enfants du quartier mobilis\u00e9s<\/p>\n<p><a href=\"https:\/\/felixgodefroy.com\/\" target=\"_blank\" rel=\"noopener\">F\u00e9lix<\/a> &amp; <a href=\"https:\/\/www.instagram.com\/kylab.pdf\/?hl=fr\" target=\"_blank\" rel=\"noopener\">Kylab<\/a> sont venus \u00e0 la rencontre des enfants du centre social de l\u2019Alma en septembre :<\/p>\n<p>\u00ab L\u2019id\u00e9e \u00e9tait de faire dessiner les enfants \u00e0 l\u2019encre de Chine sur une th\u00e9matique imaginaire et surr\u00e9aliste en partant des objets, \u00e9l\u00e9ments naturels\u2026 du quotidien, mais remani\u00e9s de fa\u00e7on po\u00e9tique et bucolique. Apr\u00e8s une s\u00e9lection parmi des centaines de dessins, nous avons opt\u00e9 pour les plus repr\u00e9sentatifs, s\u2019alliant dans une composition dynamique. Le tout avec un parti-pris pour des couleurs impactantes. Les enfants sont venus peindre les diff\u00e9rentes formes sur les murs avec nous \u00bb expliquent les deux artistes.<\/p>\n<p>Pour un dialogue engag\u00e9<\/p>\n<p>Cette fresque est r\u00e9alis\u00e9e dans le cadre du <a href=\"https:\/\/renovationurbaineroubaix.fr\/\" target=\"_blank\" rel=\"noopener\">Nouveau Programme National de Renouvellement Urbain<\/a> et s\u2019inscrit dans un projet d\u2019urbanisme transitoire qui permet d\u2019animer les fa\u00e7ades des immeubles en l\u2019attente de leur d\u00e9construction. Sur cet emplacement, la nouvelle place du march\u00e9 de l\u2019Alma verra le jour d\u2019ici quelques ann\u00e9es.<\/p>\n<p>En attendant, cette fresque invite \u00e0 parler du projet urbain avec les habitants, via les ateliers pr\u00e9alables et le go\u00fbter de restitution.<\/p>\n<p><script async src=\"\/\/www.instagram.com\/embed.js\"><\/script><\/p>\n","protected":false},"excerpt":{"rendered":"Les habitants ne peuvent passer \u00e0 c\u00f4t\u00e9 de la fresque sign\u00e9e F\u00e9lix &amp; Kylab d\u00e9velopp\u00e9e du 142 au&hellip;\n","protected":false},"author":2,"featured_media":426969,"comment_status":"","ping_status":"","sticky":false,"template":"","format":"standard","meta":{"footnotes":""},"categories":[2815],"tags":[1111,11,24105,1777,674,1011,27,23001,811,1307,12,14466,25,7189],"class_list":{"0":"post-426968","1":"post","2":"type-post","3":"status-publish","4":"format-standard","5":"has-post-thumbnail","7":"category-lille","8":"tag-actu","9":"tag-actualites","10":"tag-alma","11":"tag-eu","12":"tag-europe","13":"tag-fr","14":"tag-france","15":"tag-fresque","16":"tag-hauts-de-france","17":"tag-lille","18":"tag-news","19":"tag-npnru","20":"tag-republique-francaise","21":"tag-street-art"},"share_on_mastodon":{"url":"https:\/\/pubeurope.com\/@fr\/115289559214648551","error":""},"_links":{"self":[{"href":"https:\/\/www.europesays.com\/fr\/wp-json\/wp\/v2\/posts\/426968","targetHints":{"allow":["GET"]}}],"collection":[{"href":"https:\/\/www.europesays.com\/fr\/wp-json\/wp\/v2\/posts"}],"about":[{"href":"https:\/\/www.europesays.com\/fr\/wp-json\/wp\/v2\/types\/post"}],"author":[{"embeddable":true,"href":"https:\/\/www.europesays.com\/fr\/wp-json\/wp\/v2\/users\/2"}],"replies":[{"embeddable":true,"href":"https:\/\/www.europesays.com\/fr\/wp-json\/wp\/v2\/comments?post=426968"}],"version-history":[{"count":0,"href":"https:\/\/www.europesays.com\/fr\/wp-json\/wp\/v2\/posts\/426968\/revisions"}],"wp:featuredmedia":[{"embeddable":true,"href":"https:\/\/www.europesays.com\/fr\/wp-json\/wp\/v2\/media\/426969"}],"wp:attachment":[{"href":"https:\/\/www.europesays.com\/fr\/wp-json\/wp\/v2\/media?parent=426968"}],"wp:term":[{"taxonomy":"category","embeddable":true,"href":"https:\/\/www.europesays.com\/fr\/wp-json\/wp\/v2\/categories?post=426968"},{"taxonomy":"post_tag","embeddable":true,"href":"https:\/\/www.europesays.com\/fr\/wp-json\/wp\/v2\/tags?post=426968"}],"curies":[{"name":"wp","href":"https:\/\/api.w.org\/{rel}","templated":true}]}}