{"id":426972,"date":"2025-09-29T20:51:13","date_gmt":"2025-09-29T20:51:13","guid":{"rendered":"https:\/\/www.europesays.com\/fr\/426972\/"},"modified":"2025-09-29T20:51:13","modified_gmt":"2025-09-29T20:51:13","slug":"de-larmenie-a-litalie-plus-de-40-pays-se-devoilent-au-public-provencal","status":"publish","type":"post","link":"https:\/\/www.europesays.com\/fr\/426972\/","title":{"rendered":"de l&rsquo;Arm\u00e9nie \u00e0 l&rsquo;Italie, plus de 40 pays se d\u00e9voilent au public proven\u00e7al"},"content":{"rendered":"<p>Le tour du monde des pays \u00e0 la <a href=\"https:\/\/www.laprovence.com\/article\/region\/91653058039336\/foire-de-marseille-palais-des-jeux-stands-100-marseillais-les-nouveautes-pour-les-100-ans\" target=\"_blank\" rel=\"noopener\">Foire internationale de Marseille<\/a> commence in\u00e9vitablement par l\u2019Italie. Il suffit de se laisser guider par les effluves de truffes, d\u2019olives et de caf\u00e9s cors\u00e9s pour trouver le pavillon italien, v\u00e9ritable vitrine du savoir-faire transalpin.<\/p>\n<p>Depuis 33\u00a0ans, la Chambre de commerce italienne pour la France de Marseille y occupe une place centrale. Dans le hall 1, elle pr\u00e9sente la culture italienne\u00a0: <a href=\"https:\/\/www.laprovence.com\/article\/edition-martigues-istres\/6483104\/les-saveurs-de-la-botte-pour-lancer-les-italiennes.html\" target=\"_blank\" rel=\"noopener\">gastronomie<\/a>, artisanat, mode\u2026 en s\u00e9lectionnant soigneusement ses exposants. Chocolats de Cuneo sans sucre, panettone, limoncello de la c\u00f4te amalfitaine, charcuterie d\u2019\u00c9milie-Romagne, parmigiano-reggiano bio\u2026 le pavillon regorge de saveurs. Mais ce n\u2019est pas tout\u00a0: les visiteurs y trouvent aussi du verre de Murano, des masques v\u00e9nitiens, des bijoux faits main, des vestes et sacs en cuir, qui rappellent que l\u2019Italie, c\u2019est aussi un art de vivre reconnu dans le monde entier.<\/p>\n<p>Cette ann\u00e9e, la <a href=\"https:\/\/www.laprovence.com\/article\/region\/4739714425770914\/animations-combi-vintage-un-avant-gout-de-la-foire-de-marseille-sur-le-vieux-port-ce-samedi\" target=\"_blank\" rel=\"noopener\">Chambre de commerce<\/a> a eu envie de donner une visibilit\u00e9 \u00e0 de petites entreprises encore m\u00e9connues en France. Dans le cadre du projet europ\u00e9en QM Export, financ\u00e9 par le programme Interreg Italie-France-Maritime 2021-2027, quinze soci\u00e9t\u00e9s venues de Toscane, Ligurie et Sardaigne so&#8230;<\/p>\n","protected":false},"excerpt":{"rendered":"Le tour du monde des pays \u00e0 la Foire internationale de Marseille commence in\u00e9vitablement par l\u2019Italie. Il suffit&hellip;\n","protected":false},"author":2,"featured_media":426973,"comment_status":"","ping_status":"","sticky":false,"template":"","format":"standard","meta":{"footnotes":""},"categories":[2814],"tags":[17,1111,11,39845,1777,674,4434,1011,27,55559,32040,2831,884,12,5457,378,882,25],"class_list":{"0":"post-426972","1":"post","2":"type-post","3":"status-publish","4":"format-standard","5":"has-post-thumbnail","7":"category-marseille","8":"tag-17","9":"tag-actu","10":"tag-actualites","11":"tag-devoilent","12":"tag-eu","13":"tag-europe","14":"tag-foire","15":"tag-fr","16":"tag-france","17":"tag-larmenie","18":"tag-litalie","19":"tag-loisirs-traditions","20":"tag-marseille","21":"tag-news","22":"tag-pays","23":"tag-plus","24":"tag-provence-alpes-cote-dazur","25":"tag-republique-francaise"},"share_on_mastodon":{"url":"https:\/\/pubeurope.com\/@fr\/115289566980348893","error":""},"_links":{"self":[{"href":"https:\/\/www.europesays.com\/fr\/wp-json\/wp\/v2\/posts\/426972","targetHints":{"allow":["GET"]}}],"collection":[{"href":"https:\/\/www.europesays.com\/fr\/wp-json\/wp\/v2\/posts"}],"about":[{"href":"https:\/\/www.europesays.com\/fr\/wp-json\/wp\/v2\/types\/post"}],"author":[{"embeddable":true,"href":"https:\/\/www.europesays.com\/fr\/wp-json\/wp\/v2\/users\/2"}],"replies":[{"embeddable":true,"href":"https:\/\/www.europesays.com\/fr\/wp-json\/wp\/v2\/comments?post=426972"}],"version-history":[{"count":0,"href":"https:\/\/www.europesays.com\/fr\/wp-json\/wp\/v2\/posts\/426972\/revisions"}],"wp:featuredmedia":[{"embeddable":true,"href":"https:\/\/www.europesays.com\/fr\/wp-json\/wp\/v2\/media\/426973"}],"wp:attachment":[{"href":"https:\/\/www.europesays.com\/fr\/wp-json\/wp\/v2\/media?parent=426972"}],"wp:term":[{"taxonomy":"category","embeddable":true,"href":"https:\/\/www.europesays.com\/fr\/wp-json\/wp\/v2\/categories?post=426972"},{"taxonomy":"post_tag","embeddable":true,"href":"https:\/\/www.europesays.com\/fr\/wp-json\/wp\/v2\/tags?post=426972"}],"curies":[{"name":"wp","href":"https:\/\/api.w.org\/{rel}","templated":true}]}}