{"id":426975,"date":"2025-09-29T20:53:11","date_gmt":"2025-09-29T20:53:11","guid":{"rendered":"https:\/\/www.europesays.com\/fr\/426975\/"},"modified":"2025-09-29T20:53:11","modified_gmt":"2025-09-29T20:53:11","slug":"lyon-lheure-du-bilan-pour-la-biennale-de-la-danse-qui-a-accueilli-240-000-festivaliers","status":"publish","type":"post","link":"https:\/\/www.europesays.com\/fr\/426975\/","title":{"rendered":"Lyon. L\u2019heure du bilan pour la Biennale de la danse qui a accueilli 240\u00a0000 festivaliers"},"content":{"rendered":"<p>Elle n\u2019est pas tout \u00e0 fait termin\u00e9e (le spectacle de Philippe Decoufl\u00e9 est \u00e0 l\u2019affiche de la Maison de la danse jusqu\u2019au 4\u00a0octobre) mais c\u2019est bien l\u2019heure du bilan pour la Biennale de la danse. Les organisateurs ont d\u00e9voil\u00e9 les chiffres de fr\u00e9quentation de cette 21e\u00a0\u00e9dition qui a rassembl\u00e9 240\u00a0000 personnes entre le 6 et le 28\u00a0septembre.<\/p>\n<p>  40 spectacles dans les salles de la r\u00e9gion<\/p>\n<p>Les \u00e9v\u00e9nements organis\u00e9s gratuitement dans l\u2019espace public, \u00e0 commencer par\u00a0le d\u00e9fil\u00e9 le 7\u00a0septembre, ont rassembl\u00e9 \u00e0 eux seuls 183\u00a0000 personnes.<\/p>\n<p>Les 40 spectacles propos\u00e9s dans de nombreuses salles de la M\u00e9tropole de Lyon et de la r\u00e9gion ont quant \u00e0 eux\u00a0\u00e9t\u00e9 vus par 38\u00a0174 personnes, pour un taux de remplissage de 88\u00a0%.<\/p>\n","protected":false},"excerpt":{"rendered":"Elle n\u2019est pas tout \u00e0 fait termin\u00e9e (le spectacle de Philippe Decoufl\u00e9 est \u00e0 l\u2019affiche de la Maison&hellip;\n","protected":false},"author":2,"featured_media":426976,"comment_status":"","ping_status":"","sticky":false,"template":"","format":"standard","meta":{"footnotes":""},"categories":[1889],"tags":[1111,11,2430,1687,2757,1777,674,1011,27,2428,2756,12,25,2429,3140],"class_list":{"0":"post-426975","1":"post","2":"type-post","3":"status-publish","4":"format-standard","5":"has-post-thumbnail","7":"category-lyon","8":"tag-actu","9":"tag-actualites","10":"tag-auvergne-rhone-alpes","11":"tag-culture-loisirs","12":"tag-edition-lyon-villeurbanne","13":"tag-eu","14":"tag-europe","15":"tag-fr","16":"tag-france","17":"tag-lyon","18":"tag-lyon-bassin","19":"tag-news","20":"tag-republique-francaise","21":"tag-rhone","22":"tag-spectacle"},"share_on_mastodon":{"url":"https:\/\/pubeurope.com\/@fr\/115289574910504735","error":""},"_links":{"self":[{"href":"https:\/\/www.europesays.com\/fr\/wp-json\/wp\/v2\/posts\/426975","targetHints":{"allow":["GET"]}}],"collection":[{"href":"https:\/\/www.europesays.com\/fr\/wp-json\/wp\/v2\/posts"}],"about":[{"href":"https:\/\/www.europesays.com\/fr\/wp-json\/wp\/v2\/types\/post"}],"author":[{"embeddable":true,"href":"https:\/\/www.europesays.com\/fr\/wp-json\/wp\/v2\/users\/2"}],"replies":[{"embeddable":true,"href":"https:\/\/www.europesays.com\/fr\/wp-json\/wp\/v2\/comments?post=426975"}],"version-history":[{"count":0,"href":"https:\/\/www.europesays.com\/fr\/wp-json\/wp\/v2\/posts\/426975\/revisions"}],"wp:featuredmedia":[{"embeddable":true,"href":"https:\/\/www.europesays.com\/fr\/wp-json\/wp\/v2\/media\/426976"}],"wp:attachment":[{"href":"https:\/\/www.europesays.com\/fr\/wp-json\/wp\/v2\/media?parent=426975"}],"wp:term":[{"taxonomy":"category","embeddable":true,"href":"https:\/\/www.europesays.com\/fr\/wp-json\/wp\/v2\/categories?post=426975"},{"taxonomy":"post_tag","embeddable":true,"href":"https:\/\/www.europesays.com\/fr\/wp-json\/wp\/v2\/tags?post=426975"}],"curies":[{"name":"wp","href":"https:\/\/api.w.org\/{rel}","templated":true}]}}