{"id":426981,"date":"2025-09-29T20:57:18","date_gmt":"2025-09-29T20:57:18","guid":{"rendered":"https:\/\/www.europesays.com\/fr\/426981\/"},"modified":"2025-09-29T20:57:18","modified_gmt":"2025-09-29T20:57:18","slug":"benyamin-netanyahou-dit-soutenir-le-plan-de-donald-trump-pour-mettre-fin-au-conflit","status":"publish","type":"post","link":"https:\/\/www.europesays.com\/fr\/426981\/","title":{"rendered":"Benyamin N\u00e9tanyahou dit \u00ab\u00a0soutenir\u00a0\u00bb le plan de Donald Trump pour mettre fin au conflit"},"content":{"rendered":"\n<p class=\"c-chapo \">\n  De son c\u00f4t\u00e9, le pr\u00e9sident am\u00e9ricain a assur\u00e9 que les Etats-Unis \u00e9taient \u00ab\u00a0tr\u00e8s, tr\u00e8s proches\u00a0\u00bb de conclure un accord de paix, attendant que le Hamas se prononce.\n<\/p>\n<p>      lire plus tard<\/p>\n<p id=\"dialog__title\" class=\"dialog__title\">Pour sauvegarder cet article, connectez-vous ou cr\u00e9ez un compte franceinfo<\/p>\n<p class=\"dialog__description\">Sans paiement. Sans abonnement.<\/p>\n<p>        Fermer la fen\u00eatre d\u2019activation des notifications France Info<\/p>\n<p>      cr\u00e9er votre compte<\/p>\n<p>      se connecter<\/p>\n<p>        Fermer la fen\u00eatre de pr\u00e9sentation<\/p>\n<p>    <img loading=\"lazy\" decoding=\"async\" class=\"signature__image lazyload\" width=\"100\" height=\"100\" data- alt=\"\" src=\"https:\/\/www.europesays.com\/fr\/wp-content\/uploads\/2025\/05\/64a68815cd1a7_placeholder-36b69ec8.png\"\/><\/p>\n<p>    Publi\u00e9 le 29\/09\/2025 22:21<\/p>\n<p>        Temps de lecture : 3min<\/p>\n<p>    <img decoding=\"async\"  alt=\"Le Premier ministre isra\u00e9lien, Benyamin N\u00e9tanyahou, \u00e0 la Maison Blanche, le 29 septembre 2025. (ALEX WONG \/ GETTY IMAGES NORTH AMERICA \/ AFP)\" width=\"432\" height=\"243\" src=\"https:\/\/www.europesays.com\/fr\/wp-content\/uploads\/2025\/09\/063-2238142115-68dae71590892254971632.jpg\" fetchpriority=\"high\"\/><\/p>\n<p>      Le Premier ministre isra\u00e9lien, Benyamin N\u00e9tanyahou, \u00e0 la Maison Blanche, le 29 septembre 2025. (ALEX WONG \/ GETTY IMAGES NORTH AMERICA \/ AFP)<\/p>\n<p>Bient\u00f4t la paix dans la bande de Gaza ? Lors d&rsquo;une conf\u00e9rence de presse \u00e0 la Maison Blanche, lundi 29 septembre, Benyamin N\u00e9tanyahou a dit \u00ab\u00a0soutenir\u00a0\u00bb le plan de paix de Donald Trump.\u00a0\u00ab\u00a0Je soutiens votre plan pour mettre fin \u00e0 la guerre \u00e0 Gaza, qui nous permet d&rsquo;atteindre nos buts de guerre\u00a0\u00bb, a d\u00e9clar\u00e9 le Premier ministre isra\u00e9lien.<\/p>\n<p>\u00ab\u00a0Si le Hamas rejette votre plan, M. le Pr\u00e9sident, ou s&rsquo;ils disent l&rsquo;accepter, mais font ensuite tout pour le bloquer, Isra\u00ebl va terminer le travail soi-m\u00eame\u00a0\u00bb, a averti Benyamin N\u00e9tanyahou. Il a insist\u00e9 sur le fait que l&rsquo;Autorit\u00e9 palestinienne n&rsquo;aurait, selon le plan pr\u00e9sent\u00e9 par Donald Trump, aucun r\u00f4le \u00e0 jouer dans la bande de Gaza sans un changement \u00ab\u00a0radical\u00a0\u00bb.<\/p>\n<blockquote class=\"ftvi_content_quote\">\n<p class=\"ftvi_citation_quote\">\u00ab\u00a0Gaza aura une administration civile et pacifique qui ne sera dirig\u00e9e ni par le Hamas ni par l&rsquo;Autorit\u00e9 palestinienne.\u00a0\u00bb<\/p>\n<p>Benyamin N\u00e9tanyahou, Premier ministre isra\u00e9lien<\/p>\n<p class=\"ftvi_citation_source\">lors d&rsquo;une conf\u00e9rence de presse \u00e0 la Maison Blanche<\/p>\n<\/blockquote>\n<p>De son c\u00f4t\u00e9, Donald Trump a assur\u00e9 que les Etats-Unis \u00e9taient \u00ab\u00a0tr\u00e8s, tr\u00e8s proches\u00a0\u00bb de conclure un accord pour mettre fin \u00e0 la guerre \u00e0 Gaza. \u00ab\u00a0C&rsquo;est un grand, grand jour, un jour magnifique\u00a0\u00bb, a d\u00e9clar\u00e9 le pr\u00e9sident am\u00e9ricain aux c\u00f4t\u00e9s du Premier ministre isra\u00e9lien. Il a \u00e9galement affirm\u00e9 que \u00ab\u00a0tout le monde\u00a0\u00bb, sauf le Hamas, avait approuv\u00e9 son plan \u00e0 ce stade. \u00ab\u00a0Mais j&rsquo;ai le pressentiment que nous allons avoir une r\u00e9ponse positive\u00a0\u00bb de la part du mouvement islamiste palestinien, a-t-il ajout\u00e9.<\/p>\n<p>Le Forum des familles, principale organisation isra\u00e9lienne de proches d&rsquo;otages retenus \u00e0 Gaza, a rapidement salu\u00e9 dans un \u00ab\u00a0un accord historique qui permettra \u00e0 notre peuple de gu\u00e9rir, de mettre fin \u00e0 la guerre et de tracer un nouvel avenir pour le Moyen-Orient\u00a0\u00bb.<\/p>\n<p>Dans un communiqu\u00e9 envoy\u00e9 \u00e0 plusieurs m\u00e9dias, dont le\u00a0<a href=\"https:\/\/www.nytimes.com\/live\/2025\/09\/29\/world\/trump-netanyahu-israel-gaza?partner=slack&amp;smid=sl-share\" target=\"_blank\" rel=\"noopener nofollow\">New York Times(Nouvelle fen\u00eatre)<\/a>, Donald Trump a partag\u00e9 son plan en 20 points pour mettre fin \u00e0 la guerre dans la bande de Gaza, pr\u00e9voyant notamment qu&rsquo;il pr\u00e9side un comit\u00e9 supervisant la transition dans le territoire palestinien. Ce plan, dans lequel la Maison Blanche assure que\u00a0\u00ab\u00a0personne ne sera forc\u00e9 de quitter Gaza\u00a0\u00bb, a \u00e9t\u00e9 diffus\u00e9 peu avant la conf\u00e9rence de presse conjointe entre le pr\u00e9sident am\u00e9ricain et le Premier ministre isra\u00e9lien. <\/p>\n<p>Le texte augure \u00e9galement un retrait par \u00e9tapes des forces isra\u00e9liennes et une lib\u00e9ration des otages dans les 72 heures suivant le feu vert d&rsquo;Isra\u00ebl. Une fois les otages lib\u00e9r\u00e9s, Isra\u00ebl rel\u00e2cherait, selon le plan am\u00e9ricain, plus de 1 000 prisonniers palestiniens, dont plusieurs centaines condamn\u00e9s \u00e0 perp\u00e9tuit\u00e9.<\/p>\n<p>Selon l&rsquo;administration am\u00e9ricaine, Benyamin N\u00e9tanyahou a par ailleurs promis au Qatar de ne pas frapper le pays \u00e0 nouveau. Le Qatar et Isra\u00ebl vont collaborer avec les Etats-Unis pour r\u00e9soudre leurs \u00ab\u00a0griefs mutuels\u00a0\u00bb, a fait savoir Maison Blanche. Isra\u00ebl a frapp\u00e9 le 9 septembre un quartier r\u00e9sidentiel de Doha, <a href=\"https:\/\/www.franceinfo.fr\/monde\/proche-orient\/guerre\/guerre-au-proche-orient-des-explosions-entendues-a-doha-au-qatar-israel-affirme-avoir-frappe-de-hauts-responsables-du-hamas_7482541.html\" rel=\"nofollow noopener\" target=\"_blank\">disant viser des dirigeants du Hamas<\/a>.\u00a0<\/p>\n","protected":false},"excerpt":{"rendered":"De son c\u00f4t\u00e9, le pr\u00e9sident am\u00e9ricain a assur\u00e9 que les Etats-Unis \u00e9taient \u00ab\u00a0tr\u00e8s, tr\u00e8s proches\u00a0\u00bb de conclure un&hellip;\n","protected":false},"author":2,"featured_media":426982,"comment_status":"","ping_status":"","sticky":false,"template":"","format":"standard","meta":{"footnotes":""},"categories":[1888],"tags":[1111,1928,11,1927,1777,674,1011,27,12,1926,626,1925,25],"class_list":{"0":"post-426981","1":"post","2":"type-post","3":"status-publish","4":"format-standard","5":"has-post-thumbnail","7":"category-paris","8":"tag-actu","9":"tag-actu-paris","10":"tag-actualites","11":"tag-actualites-paris","12":"tag-eu","13":"tag-europe","14":"tag-fr","15":"tag-france","16":"tag-news","17":"tag-news-paris","18":"tag-paris","19":"tag-paris-news","20":"tag-republique-francaise"},"share_on_mastodon":{"url":"https:\/\/pubeurope.com\/@fr\/115289591076992513","error":""},"_links":{"self":[{"href":"https:\/\/www.europesays.com\/fr\/wp-json\/wp\/v2\/posts\/426981","targetHints":{"allow":["GET"]}}],"collection":[{"href":"https:\/\/www.europesays.com\/fr\/wp-json\/wp\/v2\/posts"}],"about":[{"href":"https:\/\/www.europesays.com\/fr\/wp-json\/wp\/v2\/types\/post"}],"author":[{"embeddable":true,"href":"https:\/\/www.europesays.com\/fr\/wp-json\/wp\/v2\/users\/2"}],"replies":[{"embeddable":true,"href":"https:\/\/www.europesays.com\/fr\/wp-json\/wp\/v2\/comments?post=426981"}],"version-history":[{"count":0,"href":"https:\/\/www.europesays.com\/fr\/wp-json\/wp\/v2\/posts\/426981\/revisions"}],"wp:featuredmedia":[{"embeddable":true,"href":"https:\/\/www.europesays.com\/fr\/wp-json\/wp\/v2\/media\/426982"}],"wp:attachment":[{"href":"https:\/\/www.europesays.com\/fr\/wp-json\/wp\/v2\/media?parent=426981"}],"wp:term":[{"taxonomy":"category","embeddable":true,"href":"https:\/\/www.europesays.com\/fr\/wp-json\/wp\/v2\/categories?post=426981"},{"taxonomy":"post_tag","embeddable":true,"href":"https:\/\/www.europesays.com\/fr\/wp-json\/wp\/v2\/tags?post=426981"}],"curies":[{"name":"wp","href":"https:\/\/api.w.org\/{rel}","templated":true}]}}