{"id":426989,"date":"2025-09-29T21:01:14","date_gmt":"2025-09-29T21:01:14","guid":{"rendered":"https:\/\/www.europesays.com\/fr\/426989\/"},"modified":"2025-09-29T21:01:14","modified_gmt":"2025-09-29T21:01:14","slug":"moscou-veut-inclure-les-armes-nucleaires-francaises-et-britanniques-dans-les-negociations-sur-le-desarmement-zone-militaire","status":"publish","type":"post","link":"https:\/\/www.europesays.com\/fr\/426989\/","title":{"rendered":"Moscou veut inclure les armes nucl\u00e9aires fran\u00e7aises et britanniques dans les n\u00e9gociations sur le d\u00e9sarmement &#8211; Zone Militaire"},"content":{"rendered":"<ol>\n<li><a href=\"https:\/\/news.google.com\/rss\/articles\/CBMi3AFBVV95cUxQWVlhb2pfTlVLY3RhWVBZYnhObjZlSzBoT0liNjZWUE02M29pUk02Y280S3A2UE1iaXhxWEx0aDB6N1k1bkJVMExMQXJpQmhFcWlxMHd4UUJVMXFLN2NZUjF0VnhmeDRucXpQYnFMQU1SZE5JZm56c0tHOG9XRW9DcjU5Vk9TRERlWXdLOUVfUUNLYmxfM1pyRi1xOV81U0Y5OGs4SWY2MTVzUW53ZFJCZXhaMjZ4eV9DYV96SnJpRnd0UnkwRThha3N1TkdvTkdiRUl1bFNBNHZueHlt?oc=5\" target=\"_blank\" rel=\"noopener\">Moscou veut inclure les armes nucl\u00e9aires fran\u00e7aises et britanniques dans les n\u00e9gociations sur le d\u00e9sarmement<\/a>&nbsp;&nbsp;Zone Militaire<\/li>\n<li><a href=\"https:\/\/news.google.com\/rss\/articles\/CBMi3wFBVV95cUxPRlhKYlE3QzhLa2pqQ3lVSjIxaHVxWE1veWtla2tQMllGcHptenBQb3FvVGwxYTI1WXBzT2lWMGVCcF9HSTY2MWJGd245TVRrY1NYd1FlOElySHh5a2dvekJobTRJZHFpNW9PWndFY1RjWlVKUF9TNTZWOG5BdGdKSmRfSlhFWnlrY29GUkVra2lZV1E2MlVZMWJkaFRqenJqRmhaUlA5X0lEdzFGWTg4SW9ReE1HZGpMR0JIZXlDbmJjaExCSXpKZmtaTGxUeVZkZy1sXzdqRGdEd2JoQkEw?oc=5\" target=\"_blank\" rel=\"noopener\">Vladimir Poutine propose \u00e0 Washington de respecter un an de plus le trait\u00e9 de d\u00e9sarmement nucl\u00e9aire<\/a>&nbsp;&nbsp;Le Figaro<\/li>\n<li><a href=\"https:\/\/news.google.com\/rss\/articles\/CBMi9AFBVV95cUxOek9NV0FWUGhydmRWWEdDdC16Qi1hV2R4RHh1dFg3aktJUkxucHNBVmFqLVFFQVl0aG9qMVo4Zk1fdEpjUW9ON1NhTWxqQ0xBU1pxMEhBRDhmODBldU5nWVgzd1dOMmxRVGpJQk9PVUVzb0ZLWXZsdWkwVldUdnBSZ3hJZ2N2WmRVTWdibC1tN3JIalM0NWc4eG9tWkMwaEFWNlltWTF3NFY5YlFFbHFWd0Qyd1BYb3FJdFhHQ0J6dkc1cHVWLW9IdUFHRFlITkdEX05hX3g0QkNCT2dnSXI3TG5MeWFZSG1wTkFOeTEwaDJBM3Jn?oc=5\" target=\"_blank\" rel=\"noopener\">Vladimir Poutine propose \u00e0 Donald Trump de le prolonger : quel est ce trait\u00e9 dont Moscou a parl\u00e9, ce lundi<\/a>&nbsp;&nbsp;Centre Presse Aveyron<\/li>\n<li><a href=\"https:\/\/news.google.com\/rss\/articles\/CBMixAFBVV95cUxNX0FLYm4xcDJSbGNtbGF0V1pINHFMOW1faElsVUZiWlEwX2lpZkZHWGpKNk9sTGtuZ21aVHg3RzdEUDd3b3JoZElmWTNmcmM3dDZBeXQtTXp6OG5FNkRQajl6S1QwYkRiQjFzTUpFUGNyclBTXzhjLUNHekJCQVhCTHZVYTIyQzhWREpoZEJ4MmZ5MlBsNDZmM1piVDhMdmpSczRYWVJseXlTSVFvdEZKNEROeFo3R1JqZHVObDlRNmdBamlF?oc=5\" target=\"_blank\" rel=\"noopener\">C\u2019est quoi ce trait\u00e9 de New Start entre la Russie et les Etats-Unis, qui expire bient\u00f4t ?<\/a>&nbsp;&nbsp;20 Minutes<\/li>\n<li><a href=\"https:\/\/news.google.com\/rss\/articles\/CBMiRkFVX3lxTE1VNFdwcjNrNFhpV1NVZG9JRjVvVmhUZ3R0MS1jU1QxZEN0dXZiU0RVRk5BUjVaQ3ZyT3d3c1BDMlZyMmhZRVHSAUJBVV95cUxNU2NNNmlnM3dfUVh2bXJtUFFFblB5ekpEaDVtSzNfMFYzQ05WUjB4azU0WVRZX1Z4XzRUTERMUkJabFE?oc=5\" target=\"_blank\" rel=\"noopener\">el Al Jazeera a d\u00e9clar\u00e9 que les n\u00e9gociations sur le trait\u00e9 de \u00ab Nouveau START \u00bb devraient tenir en compte l\u2019armement britannique et Fran\u00e7ais<\/a>&nbsp;&nbsp;VOI.ID<\/li>\n<\/ol>\n","protected":false},"excerpt":{"rendered":"Moscou veut inclure les armes nucl\u00e9aires fran\u00e7aises et britanniques dans les n\u00e9gociations sur le d\u00e9sarmement&nbsp;&nbsp;Zone Militaire Vladimir Poutine&hellip;\n","protected":false},"author":2,"featured_media":426990,"comment_status":"","ping_status":"","sticky":false,"template":"","format":"standard","meta":{"footnotes":""},"categories":[1591],"tags":[11,55560,309,27291,73,1887,27,693,6644,55561,12,5654,473,1885,1886,132],"class_list":{"0":"post-426989","1":"post","2":"type-post","3":"status-publish","4":"format-standard","5":"has-post-thumbnail","7":"category-russie","8":"tag-actualites","9":"tag-arsenal-nucleaire","10":"tag-chine","11":"tag-dissuasion","12":"tag-etats-unis","13":"tag-federation-de-russie","14":"tag-france","15":"tag-industrie","16":"tag-negociations","17":"tag-new-start","18":"tag-news","19":"tag-nucleaire","20":"tag-royaume-uni","21":"tag-russia","22":"tag-russian-federation","23":"tag-russie"},"share_on_mastodon":{"url":"","error":""},"_links":{"self":[{"href":"https:\/\/www.europesays.com\/fr\/wp-json\/wp\/v2\/posts\/426989","targetHints":{"allow":["GET"]}}],"collection":[{"href":"https:\/\/www.europesays.com\/fr\/wp-json\/wp\/v2\/posts"}],"about":[{"href":"https:\/\/www.europesays.com\/fr\/wp-json\/wp\/v2\/types\/post"}],"author":[{"embeddable":true,"href":"https:\/\/www.europesays.com\/fr\/wp-json\/wp\/v2\/users\/2"}],"replies":[{"embeddable":true,"href":"https:\/\/www.europesays.com\/fr\/wp-json\/wp\/v2\/comments?post=426989"}],"version-history":[{"count":0,"href":"https:\/\/www.europesays.com\/fr\/wp-json\/wp\/v2\/posts\/426989\/revisions"}],"wp:featuredmedia":[{"embeddable":true,"href":"https:\/\/www.europesays.com\/fr\/wp-json\/wp\/v2\/media\/426990"}],"wp:attachment":[{"href":"https:\/\/www.europesays.com\/fr\/wp-json\/wp\/v2\/media?parent=426989"}],"wp:term":[{"taxonomy":"category","embeddable":true,"href":"https:\/\/www.europesays.com\/fr\/wp-json\/wp\/v2\/categories?post=426989"},{"taxonomy":"post_tag","embeddable":true,"href":"https:\/\/www.europesays.com\/fr\/wp-json\/wp\/v2\/tags?post=426989"}],"curies":[{"name":"wp","href":"https:\/\/api.w.org\/{rel}","templated":true}]}}