{"id":426991,"date":"2025-09-29T21:02:13","date_gmt":"2025-09-29T21:02:13","guid":{"rendered":"https:\/\/www.europesays.com\/fr\/426991\/"},"modified":"2025-09-29T21:02:13","modified_gmt":"2025-09-29T21:02:13","slug":"est-de-lukraine-lacher-du-terrain-ou-combattre-jusquau-bout","status":"publish","type":"post","link":"https:\/\/www.europesays.com\/fr\/426991\/","title":{"rendered":"Est de l\u2019Ukraine, l\u00e2cher du terrain ou combattre jusqu\u2019au bout ?"},"content":{"rendered":"<p>\n                                                Plus de trois ans et demi apr\u00e8s la perc\u00e9e des chars russes et 11 ans apr\u00e8s le d\u00e9but du conflit, Kramatorsk, devenue de fait la capitale du Donbass ukrainien, voit le front se rapprocher. Les premiers combats sont \u00e0 une quinzaine de km \u00e0 vol d\u2019oiseau et la ville elle-m\u00eame est r\u00e9guli\u00e8rement bombard\u00e9e.\u00a0Partir ou rester ? La question se fait de plus en plus pressante pour de nombreux habitants de la partie du Donbass sous contr\u00f4le ukrainien.                    <\/p>\n<p>\u00c0 mesure que le front se rapproche, et avec lui, les destructions, des centaines de personnes sont oblig\u00e9es de prendre la route de l&rsquo;exil.\u00a0<\/p>\n<p>La Russie contr\u00f4le plus de 70% de la r\u00e9gion de Donetsk et la quasi-totalit\u00e9 de celle de Louhansk. Elle cherche \u00e0 s\u2019emparer de la totalit\u00e9 de ce territoire par la force ou la n\u00e9gociation. Une perspective terriblement redout\u00e9e mais esp\u00e9r\u00e9e aussi par certains, alors que les conditions de vie se d\u00e9gradent chaque jour un peu plus.<\/p>\n<p><strong>\u00abEst de l\u2019Ukraine, l\u00e2cher du terrain ou combattre jusqu\u2019au bout ?\u00bb, un Grand reportage d\u2019Anastasia Becchio et Julien Boileau.<\/strong><\/p>\n","protected":false},"excerpt":{"rendered":"Plus de trois ans et demi apr\u00e8s la perc\u00e9e des chars russes et 11 ans apr\u00e8s le d\u00e9but&hellip;\n","protected":false},"author":2,"featured_media":426992,"comment_status":"","ping_status":"","sticky":false,"template":"","format":"standard","meta":{"footnotes":""},"categories":[1590],"tags":[11,554,1777,674,2494,12,132,220],"class_list":{"0":"post-426991","1":"post","2":"type-post","3":"status-publish","4":"format-standard","5":"has-post-thumbnail","7":"category-ukraine","8":"tag-actualites","9":"tag-defense","10":"tag-eu","11":"tag-europe","12":"tag-grand-reportage","13":"tag-news","14":"tag-russie","15":"tag-ukraine"},"share_on_mastodon":{"url":"https:\/\/pubeurope.com\/@fr\/115289610203213450","error":""},"_links":{"self":[{"href":"https:\/\/www.europesays.com\/fr\/wp-json\/wp\/v2\/posts\/426991","targetHints":{"allow":["GET"]}}],"collection":[{"href":"https:\/\/www.europesays.com\/fr\/wp-json\/wp\/v2\/posts"}],"about":[{"href":"https:\/\/www.europesays.com\/fr\/wp-json\/wp\/v2\/types\/post"}],"author":[{"embeddable":true,"href":"https:\/\/www.europesays.com\/fr\/wp-json\/wp\/v2\/users\/2"}],"replies":[{"embeddable":true,"href":"https:\/\/www.europesays.com\/fr\/wp-json\/wp\/v2\/comments?post=426991"}],"version-history":[{"count":0,"href":"https:\/\/www.europesays.com\/fr\/wp-json\/wp\/v2\/posts\/426991\/revisions"}],"wp:featuredmedia":[{"embeddable":true,"href":"https:\/\/www.europesays.com\/fr\/wp-json\/wp\/v2\/media\/426992"}],"wp:attachment":[{"href":"https:\/\/www.europesays.com\/fr\/wp-json\/wp\/v2\/media?parent=426991"}],"wp:term":[{"taxonomy":"category","embeddable":true,"href":"https:\/\/www.europesays.com\/fr\/wp-json\/wp\/v2\/categories?post=426991"},{"taxonomy":"post_tag","embeddable":true,"href":"https:\/\/www.europesays.com\/fr\/wp-json\/wp\/v2\/tags?post=426991"}],"curies":[{"name":"wp","href":"https:\/\/api.w.org\/{rel}","templated":true}]}}