{"id":42700,"date":"2025-04-22T00:11:10","date_gmt":"2025-04-22T00:11:10","guid":{"rendered":"https:\/\/www.europesays.com\/fr\/42700\/"},"modified":"2025-04-22T00:11:10","modified_gmt":"2025-04-22T00:11:10","slug":"jeux-olympiques-nba-euroligue-le-basket-francais-brille-de-mille-feux","status":"publish","type":"post","link":"https:\/\/www.europesays.com\/fr\/42700\/","title":{"rendered":"Jeux olympiques, NBA, Euroligue\u2026 Le basket fran\u00e7ais brille de mille feux"},"content":{"rendered":"<p><strong>D\u00c9CRYPTAGE &#8211; <\/strong>Que ce soit par ses clubs en Euroligue, ses p\u00e9pites qui brillent en NBA ou ses \u00e9quipes de France, le basket tricolore se porte mieux que jamais.<\/p>\n<p class=\"fig-paragraph\">\u00c0 la sortie des\u00a0<a href=\"http:\/\/www.lefigaro.fr\/sports\/jeux-olympiques\/jo-basket-f-on-etait-si-proches-de-marquer-l-histoire-souffle-valeriane-ayayi-pour-le-figaro-20240813\" data-fig-type=\"NewsFlash\" data-gtm-custom-categorie=\"navigation\" data-gtm-custom-action=\"crossclick\" data-gtm-custom-label=\"Contextuel\" data-gtm-event=\"customEventSPE\" data-fig-domain=\"LEFIGARO\" target=\"_blank\" rel=\"noopener\">Jeux olympiques<\/a>, qui avaient \u00e9merveill\u00e9 le pays, le Paris Basketball avait pris l\u2019habitude de convier des m\u00e9daill\u00e9s \u00e0 ses matchs, pour leur offrir une ovation et \u00e9mouvoir le public, nostalgie oblige. Cette flamme olympique, le club francilien l\u2019a aussi entretenue sur le parquet, et c\u2019est toute la France qui fait des \u00e9tincelles. D\u00e8s sa premi\u00e8re saison en Euroligue, la plus prestigieuse Coupe d\u2019Europe et la meilleure comp\u00e9tition au monde derri\u00e8re la NBA, Paris a d\u00e9croch\u00e9 son billet pour les playoffs, qu\u2019il commence \u00e0 Fenerbah\u00e7e, ce mardi soir (19\u00a0h\u00a045, en direct sur Skweek).<\/p>\n<p class=\"fig-paragraph\">Le lendemain, Monaco, invit\u00e9 r\u00e9gulier du gratin europ\u00e9en, lancera \u00e0 son tour son quart de finale contre le FC\u00a0Barcelone. La France n\u2019avait plus plac\u00e9 deux clubs \u00e0 ce stade de la comp\u00e9tition depuis 1999 (Pau-Orthez et l\u2019Asvel). \u00ab\u00a0Le basket fran\u00e7ais se porte mieux qu\u2019il ne s\u2019est jamais port\u00e9\u00a0\u00bb, savoure Ali Traor\u00e9, vice-champion d\u2019Europe en 2011 avec les Bleus (56\u00a0s\u00e9lections) et consultant pour Skweek<\/p>\n<p class=\"fig-premium-paywall__infos\">\n        Cet article est r\u00e9serv\u00e9 aux abonn\u00e9s.        Il vous reste 85% \u00e0 d\u00e9couvrir.\n    <\/p>\n<p>                <img  data- alt=\"Le Figaro\" class=\"fig-img--complete fig-img\"\/><\/p>\n<p class=\"fig-premium-paywall__title\">Vous avez envie de lire la suite ?<\/p>\n<p class=\"fig-premium-paywall__subtitle\">D\u00e9bloquez tous les articles imm\u00e9diatement.<\/p>\n<p class=\"fig-premium-paywall__connect\">\n                D\u00e9j\u00e0 abonn\u00e9\u00a0?                <a class=\"fig-premium-paywall__connect-link\" href=\"https:\/\/connect.lefigaro.fr\/login?client=horizon_web&amp;type=main&amp;redirect_uri=https%3A%2F%2Fwww.lefigaro.fr%2Fsports%2Fbasket%2Fjeux-olympiques-nba-euroligue-le-basket-francais-brille-de-mille-feux-20250421\" data-js-gtm=\"{&quot;customCategorie&quot;: &quot;conversion&quot;, &quot;customAction&quot;: &quot;before_Landing_Connexion_paywall_auto&quot;, &quot;customLabel&quot;: &quot;bGVmaWdhcm8uZnJfXzFmMDFlOTJjLWMyMmYtNjE0YS05YzRmLTI3MDAwMGI1ZjQ4Y19fQXJ0aWNsZQ==_Jeux olympiques, NBA, Euroligue\u2026 Le basket fran\u00e7ais brille de mille feux_405&quot;, &quot;customIDSPE&quot;: &quot;bGVmaWdhcm8uZnJfXzFmMDFlOTJjLWMyMmYtNjE0YS05YzRmLTI3MDAwMGI1ZjQ4Y19fQXJ0aWNsZQ==&quot;, &quot;event&quot;: &quot;customEventSPE&quot;}\" target=\"_blank\" rel=\"noopener\"><br \/>\n                    Connectez-vous<br \/>\n                <\/a>\n            <\/p>\n","protected":false},"excerpt":{"rendered":"D\u00c9CRYPTAGE &#8211; Que ce soit par ses clubs en Euroligue, ses p\u00e9pites qui brillent en NBA ou ses&hellip;\n","protected":false},"author":2,"featured_media":42701,"comment_status":"","ping_status":"","sticky":false,"template":"","format":"standard","meta":{"footnotes":""},"categories":[1888],"tags":[1111,1928,11,1927,2190,1465,1464,2180,2192,814,64,1777,450,2183,674,1011,27,2191,2193,820,2181,2182,12,1926,626,2179,1925,2189,2186,2184,2185,25,1980,2188,2187,12957],"class_list":{"0":"post-42700","1":"post","2":"type-post","3":"status-publish","4":"format-standard","5":"has-post-thumbnail","7":"category-paris","8":"tag-actu","9":"tag-actu-paris","10":"tag-actualites","11":"tag-actualites-paris","12":"tag-asvel","13":"tag-basket","14":"tag-basketball","15":"tag-championnats-deurope","16":"tag-cholet","17":"tag-direct","18":"tag-equipe-de-france","19":"tag-eu","20":"tag-euro","21":"tag-euroligue","22":"tag-europe","23":"tag-fr","24":"tag-france","25":"tag-le-mans","26":"tag-limoges","27":"tag-live","28":"tag-mondial","29":"tag-nba","30":"tag-news","31":"tag-news-paris","32":"tag-paris","33":"tag-paris-basketball","34":"tag-paris-news","35":"tag-photos","36":"tag-play-offs","37":"tag-pro-a","38":"tag-pro-b","39":"tag-republique-francaise","40":"tag-resultats","41":"tag-statistiques","42":"tag-stats","43":"tag-victor-wembanyama"},"share_on_mastodon":{"url":"https:\/\/pubeurope.com\/@fr\/114378721405942773","error":""},"_links":{"self":[{"href":"https:\/\/www.europesays.com\/fr\/wp-json\/wp\/v2\/posts\/42700","targetHints":{"allow":["GET"]}}],"collection":[{"href":"https:\/\/www.europesays.com\/fr\/wp-json\/wp\/v2\/posts"}],"about":[{"href":"https:\/\/www.europesays.com\/fr\/wp-json\/wp\/v2\/types\/post"}],"author":[{"embeddable":true,"href":"https:\/\/www.europesays.com\/fr\/wp-json\/wp\/v2\/users\/2"}],"replies":[{"embeddable":true,"href":"https:\/\/www.europesays.com\/fr\/wp-json\/wp\/v2\/comments?post=42700"}],"version-history":[{"count":0,"href":"https:\/\/www.europesays.com\/fr\/wp-json\/wp\/v2\/posts\/42700\/revisions"}],"wp:featuredmedia":[{"embeddable":true,"href":"https:\/\/www.europesays.com\/fr\/wp-json\/wp\/v2\/media\/42701"}],"wp:attachment":[{"href":"https:\/\/www.europesays.com\/fr\/wp-json\/wp\/v2\/media?parent=42700"}],"wp:term":[{"taxonomy":"category","embeddable":true,"href":"https:\/\/www.europesays.com\/fr\/wp-json\/wp\/v2\/categories?post=42700"},{"taxonomy":"post_tag","embeddable":true,"href":"https:\/\/www.europesays.com\/fr\/wp-json\/wp\/v2\/tags?post=42700"}],"curies":[{"name":"wp","href":"https:\/\/api.w.org\/{rel}","templated":true}]}}