{"id":427000,"date":"2025-09-29T21:07:13","date_gmt":"2025-09-29T21:07:13","guid":{"rendered":"https:\/\/www.europesays.com\/fr\/427000\/"},"modified":"2025-09-29T21:07:13","modified_gmt":"2025-09-29T21:07:13","slug":"lagence-europeenne-de-lenvironnement-appelle-lue-a-agir-sans-delai-pour-sauver-sa-nature","status":"publish","type":"post","link":"https:\/\/www.europesays.com\/fr\/427000\/","title":{"rendered":"L\u2019Agence europ\u00e9enne de l\u2019environnement appelle l&rsquo;UE \u00e0 agir sans d\u00e9lai pour sauver sa nature"},"content":{"rendered":"<p>\tL\u2019Agence europ\u00e9enne de l\u2019environnement appelle l&rsquo;UE \u00e0 agir sans d\u00e9lai pour sauver sa nature &#8211; Touteleurope.eu<\/p>\n<p>\t\t<img decoding=\"async\" alt=\"fermer\" class=\"close-info\" src=\"https:\/\/www.touteleurope.eu\/wp-content\/themes\/toute_leurope\/assets\/images\/close-picto-blue.svg\"\/><\/p>\n<p>Touteleurope.eu est le site p\u00e9dagogique de r\u00e9f\u00e9rence sur les questions europ\u00e9ennes : <a href=\"https:\/\/www.touteleurope.eu\/qui-sommes-nous\/\" target=\"_blank\" rel=\"noopener\">Qui sommes-nous ?<\/a><\/p>\n<p><img decoding=\"async\" fetchpriority=\"high\" class=\"logo-pdf\" alt=\"Toute L'Europe \u2013 Comprendre l'Europe\" src=\"https:\/\/www.touteleurope.eu\/wp-content\/themes\/toute_leurope\/assets\/images\/logo-ttl.svg\"\/><\/p>\n","protected":false},"excerpt":{"rendered":"L\u2019Agence europ\u00e9enne de l\u2019environnement appelle l&rsquo;UE \u00e0 agir sans d\u00e9lai pour sauver sa nature &#8211; Touteleurope.eu Touteleurope.eu est&hellip;\n","protected":false},"author":2,"featured_media":427001,"comment_status":"","ping_status":"","sticky":false,"template":"","format":"standard","meta":{"footnotes":""},"categories":[1586],"tags":[11,55562,327,1130,4734,1129,4858,8307,893,2830,436,1777,674,1779,1011,27,12,8308,25,800,1778,364],"class_list":{"0":"post-427000","1":"post","2":"type-post","3":"status-publish","4":"format-standard","5":"has-post-thumbnail","7":"category-europe","8":"tag-actualites","9":"tag-agence-europeenne-pour-lenvironnement","10":"tag-agriculture","11":"tag-biodiversite","12":"tag-changement-climatique","13":"tag-climat","14":"tag-eau","15":"tag-emissions-de-gaz-a-effet-de-serre","16":"tag-energie","17":"tag-energies-renouvelables","18":"tag-environnement","19":"tag-eu","20":"tag-europe","21":"tag-european-union","22":"tag-fr","23":"tag-france","24":"tag-news","25":"tag-pacte-vert","26":"tag-republique-francaise","27":"tag-transports","28":"tag-ue","29":"tag-union-europeenne"},"share_on_mastodon":{"url":"https:\/\/pubeurope.com\/@fr\/115289630544674248","error":""},"_links":{"self":[{"href":"https:\/\/www.europesays.com\/fr\/wp-json\/wp\/v2\/posts\/427000","targetHints":{"allow":["GET"]}}],"collection":[{"href":"https:\/\/www.europesays.com\/fr\/wp-json\/wp\/v2\/posts"}],"about":[{"href":"https:\/\/www.europesays.com\/fr\/wp-json\/wp\/v2\/types\/post"}],"author":[{"embeddable":true,"href":"https:\/\/www.europesays.com\/fr\/wp-json\/wp\/v2\/users\/2"}],"replies":[{"embeddable":true,"href":"https:\/\/www.europesays.com\/fr\/wp-json\/wp\/v2\/comments?post=427000"}],"version-history":[{"count":0,"href":"https:\/\/www.europesays.com\/fr\/wp-json\/wp\/v2\/posts\/427000\/revisions"}],"wp:featuredmedia":[{"embeddable":true,"href":"https:\/\/www.europesays.com\/fr\/wp-json\/wp\/v2\/media\/427001"}],"wp:attachment":[{"href":"https:\/\/www.europesays.com\/fr\/wp-json\/wp\/v2\/media?parent=427000"}],"wp:term":[{"taxonomy":"category","embeddable":true,"href":"https:\/\/www.europesays.com\/fr\/wp-json\/wp\/v2\/categories?post=427000"},{"taxonomy":"post_tag","embeddable":true,"href":"https:\/\/www.europesays.com\/fr\/wp-json\/wp\/v2\/tags?post=427000"}],"curies":[{"name":"wp","href":"https:\/\/api.w.org\/{rel}","templated":true}]}}