{"id":427020,"date":"2025-09-29T21:20:11","date_gmt":"2025-09-29T21:20:11","guid":{"rendered":"https:\/\/www.europesays.com\/fr\/427020\/"},"modified":"2025-09-29T21:20:11","modified_gmt":"2025-09-29T21:20:11","slug":"lea-salame-genante-face-a-marion-cotillard-juste-une-question","status":"publish","type":"post","link":"https:\/\/www.europesays.com\/fr\/427020\/","title":{"rendered":"L\u00e9a Salam\u00e9 g\u00eanante face \u00e0 Marion Cotillard : \u00ab\u00a0Juste une question &#8230;"},"content":{"rendered":"<p>EN BREF<\/p>\n<ul class=\"bloc_resume_post_list\">\n<li>Marion Cotillard et L\u00e9a Salam\u00e9 ont eu un \u00e9change tendu<br \/>\nsur France 2, suite \u00e0 une question maladroite.<\/li>\n<li>La pr\u00e9sentatrice a commis une erreur en abordant la<br \/>\ns\u00e9paration de l\u00a0\u00bbactrice avec Guillaume Canet.<\/li>\n<li>Harry Roselmack n&rsquo;a pas m\u00e2ch\u00e9 ses mots sur cette s\u00e9quence<br \/>\ng\u00eanante, rappelant les r\u00e8gles du JT.<\/li>\n<\/ul>\n<p>Marion Cotillard a une voix qui r\u00e9sonne. Pas seulement au<br \/>\ncin\u00e9ma. Depuis ce <strong>face-\u00e0-face glac\u00e9<\/strong> avec <a href=\"https:\/\/www.telestar.fr\/actu_tv\/lea-salame-genante-avec-marion-cotillard-cyril-hanouna-donne-le-fond-de-sa-pensee-et-cest-a-contre-courant-1738367\" target=\"_blank\" rel=\"noopener\"><br \/>\nL\u00e9a Salam\u00e9<\/a>, la simple question \u00ab\u00a0\u00e7a va ?\u00a0\u00bb a pris<br \/>\n<strong>une tonalit\u00e9 venimeuse<\/strong>. Combien se sont ravis\u00e9s<br \/>\ndevant la machine \u00e0 caf\u00e9 ? Combien on raval\u00e9 leur salive, la voix<br \/>\nde la com\u00e9dienne au creux de l&rsquo;oreille ? La faute \u00e0 <strong>cette<br \/>\ns\u00e9quence cringe<\/strong> \u00e0 souhait.<\/p>\n<p>Souvenez-vous, il y a quelques semaines, la pr\u00e9sentatrice du<br \/>\n<a href=\"https:\/\/www.telestar.fr\/actu_tv\/lea-salame-au-20h-son-jt-trop-reac-ou-gauchiste-elle-repond-aux-critiques-sans-langue-de-bois-1739735\" target=\"_blank\" rel=\"noopener\"><br \/>\n20H<\/a> recevait <a href=\"https:\/\/www.telestar.fr\/actu_tv\/vous-navez-pas-compris-marion-cotillard-regle-ses-comptes-dans-en-aparte-nathalie-levy-ne-peut-rien-faire-1738331\" target=\"_blank\" rel=\"noopener\"><br \/>\nMarion Cotillard<\/a> sur le plateau de France 2. L&rsquo;occasion<br \/>\nd&rsquo;aborder l&rsquo;actualit\u00e9 de la com\u00e9dienne. Face \u00e0 l&rsquo;actrice oscaris\u00e9e,<br \/>\nL\u00e9a Salam\u00e9 a visiblement perdu ses moyens. Apr\u00e8s s&rsquo;\u00eatre<br \/>\n<strong>tromp\u00e9e sur la date de sortie<\/strong> de l&rsquo;un de ses<br \/>\nfilms, elle s&rsquo;est tout bonnement ridiculis\u00e9e en abordant, avec<br \/>\nbeaucoup (beaucoup !) de maladresse, <strong>la r\u00e9cente<br \/>\ns\u00e9paration<\/strong> de son invit\u00e9e avec <a href=\"https:\/\/www.telestar.fr\/people\/la-fin-dun-couple-star-guillaume-canet-et-marion-cotillard-annoncent-leur-separation-1728839\" target=\"_blank\" rel=\"noopener\"><br \/>\nGuillaume Canet<\/a>.<\/p>\n<p><strong>Une intrusion<\/strong> dans l\u2019intime qui a laiss\u00e9 Marion<br \/>\nCotillard pantoise, avant de r\u00e9pondre avec un mordant viral. La<br \/>\ns\u00e9quence a explos\u00e9 sur les r\u00e9seaux. Et comme toujours dans ces<br \/>\ncas-l\u00e0, les confr\u00e8res ont eu leur mot \u00e0 dire. Dans le camp de<br \/>\nl&rsquo;actrice, un certain <a href=\"https:\/\/www.telestar.fr\/actu_tv\/lea-salame-dans-la-tourmente-harry-roselmack-ne-joue-pas-la-carte-de-la-solidarite-avec-sa-collegue-1739671\" target=\"_blank\" rel=\"noopener\"><br \/>\nHarry Roselmack<\/a> n\u2019a pas h\u00e9sit\u00e9 \u00e0 d\u00e9gainer. Et lui, sait viser<br \/>\njuste.<\/p>\n<p>Harry Roselmack : l&rsquo;heure d&rsquo;un pro<\/p>\n<p>Depuis qu\u2019elle a h\u00e9rit\u00e9 du fauteuil du 20H, L\u00e9a Salam\u00e9<br \/>\ndivise. Pour certains, c&rsquo;est une bouff\u00e9e d&rsquo;air frais apr\u00e8s le r\u00e8gne<br \/>\nd&rsquo;<a href=\"https:\/\/www.telestar.fr\/actu_tv\/anne-sophie-lapix-se-lache-depuis-son-depart-de-france-2-mais-ca-lui-vaut-une-gene-en-direct-1739800\" target=\"_blank\" rel=\"noopener\">Anne-Sophie<br \/>\nLapix<\/a>. Pour d\u2019autres, elle joue trop la star. Le 17 septembre<br \/>\ndernier, elle a franchi <strong>une ligne rouge<\/strong>. D\u2019abord<br \/>\nen s&#8217;emm\u00ealant les pinceaux dans ses fiches. Puis en faisant preuve<br \/>\nd&rsquo;une fausse empathie. R\u00e9sultat : <strong>malaise en<br \/>\ndirect<\/strong>.<\/p>\n<p>Les critiques ont plu, du public aux pros des m\u00e9dias. Sur<br \/>\nBuzz TV, Harry Roselmack a \u00e9t\u00e9 interrog\u00e9 sur la s\u00e9quence.<br \/>\nSa r\u00e9ponse ? Sans fard : \u00ab\u00a0Non, je ne l\u2019aurais pas fait parce<br \/>\nque <strong>ce n\u2019est pas le lieu de ce genre de questions<\/strong><br \/>\net de ce genre de confessions de la part d\u2019un invit\u00e9. Le JT c\u2019est<br \/>\nun exercice particulier, et quel que soit le talent de celui qui<br \/>\nl\u2019incarne, il est quand m\u00eame contraint par l\u2019exercice.\u00a0\u00bb Voil\u00e0<br \/>\nqui est dit.<\/p>\n<p>L\u00e9a Salam\u00e9 somm\u00e9e de revoir sa<br \/>\ncopie<\/p>\n<p>Harry Roselmack ne s&rsquo;est pas arr\u00eat\u00e9 l\u00e0. Pour lui, la maladresse<br \/>\nde L\u00e9a Salam\u00e9 s\u2019explique : \u00ab\u00a0<strong>C\u2019est de<br \/>\nl\u2019apprentissage.<\/strong> Et quand une journaliste est aussi<br \/>\nidentifi\u00e9e que L\u00e9a Salam\u00e9, avec encore une fois, tout le talent et<br \/>\ntoute la personnalit\u00e9 qu\u2019elle peut avoir, et qu\u2019on la met dans un<br \/>\nexercice comme le 20H, il peut y avoir quelques ajustements \u00e0<br \/>\nfaire.\u00a0\u00bb Traduction : elle s\u2019est plant\u00e9e, mais elle est encore<br \/>\n<strong>novice dans le registre<\/strong>. Encore faut-il savoir o\u00f9<br \/>\nposer ses valises.<\/p>\n<p>Le JT n\u2019est pas <a href=\"https:\/\/www.telestar.fr\/actu_tv\/quelle-epoque-marc-olivier-fogiel-ne-parvient-pas-a-retenir-ses-larmes-en-revoyant-une-ancienne-interview-1739694\" target=\"_blank\" rel=\"noopener\"><br \/>\nQuelle \u00e9poque !<\/a>, rappelle <a href=\"https:\/\/www.telestar.fr\/actu_tv\/sept-a-huit-tf1-qui-est-linvite-du-portrait-daudrey-crespo-mara-ce-28-septembre-1737750\" target=\"_blank\" rel=\"noopener\"><br \/>\nl\u2019ex-pr\u00e9sentateu<\/a>r du 20H de TF1. Et il insiste :<br \/>\n\u00ab\u00a0<strong>C\u2019est juste une question d\u2019endroit.<\/strong>\u00a0\u00bb<br \/>\nAutrement dit, Marion Cotillard aurait peut-\u00eatre ri \u00e0 la question<br \/>\ndans une \u00e9mission de divertissement, mais s\u00fbrement pas dans le<br \/>\ncarcan d\u2019un journal t\u00e9l\u00e9vis\u00e9. L\u00e9a Salam\u00e9 est donc pr\u00e9venue :<br \/>\nconfondre <strong>JT et talk-show<\/strong>, c\u2019est se br\u00fbler les<br \/>\nailes. \u00c0 elle d\u00e9sormais de jongler entre ses casquettes. Sinon, le<br \/>\nprochain titre qui claque pourrait \u00eatre : \u00ab\u00a0Juste une question<br \/>\nde remplacement.\u00a0\u00bb<\/p>\n","protected":false},"excerpt":{"rendered":"EN BREF Marion Cotillard et L\u00e9a Salam\u00e9 ont eu un \u00e9change tendu sur France 2, suite \u00e0 une&hellip;\n","protected":false},"author":2,"featured_media":427021,"comment_status":"","ping_status":"","sticky":false,"template":"","format":"standard","meta":{"footnotes":""},"categories":[1359],"tags":[548,58,59,1011,27,3806,34774,973],"class_list":{"0":"post-427020","1":"post","2":"type-post","3":"status-publish","4":"format-standard","5":"has-post-thumbnail","7":"category-people","8":"tag-article-simple","9":"tag-divertissement","10":"tag-entertainment","11":"tag-fr","12":"tag-france","13":"tag-lea-salame","14":"tag-marion-cotillard","15":"tag-people"},"share_on_mastodon":{"url":"https:\/\/pubeurope.com\/@fr\/115289681026019816","error":""},"_links":{"self":[{"href":"https:\/\/www.europesays.com\/fr\/wp-json\/wp\/v2\/posts\/427020","targetHints":{"allow":["GET"]}}],"collection":[{"href":"https:\/\/www.europesays.com\/fr\/wp-json\/wp\/v2\/posts"}],"about":[{"href":"https:\/\/www.europesays.com\/fr\/wp-json\/wp\/v2\/types\/post"}],"author":[{"embeddable":true,"href":"https:\/\/www.europesays.com\/fr\/wp-json\/wp\/v2\/users\/2"}],"replies":[{"embeddable":true,"href":"https:\/\/www.europesays.com\/fr\/wp-json\/wp\/v2\/comments?post=427020"}],"version-history":[{"count":0,"href":"https:\/\/www.europesays.com\/fr\/wp-json\/wp\/v2\/posts\/427020\/revisions"}],"wp:featuredmedia":[{"embeddable":true,"href":"https:\/\/www.europesays.com\/fr\/wp-json\/wp\/v2\/media\/427021"}],"wp:attachment":[{"href":"https:\/\/www.europesays.com\/fr\/wp-json\/wp\/v2\/media?parent=427020"}],"wp:term":[{"taxonomy":"category","embeddable":true,"href":"https:\/\/www.europesays.com\/fr\/wp-json\/wp\/v2\/categories?post=427020"},{"taxonomy":"post_tag","embeddable":true,"href":"https:\/\/www.europesays.com\/fr\/wp-json\/wp\/v2\/tags?post=427020"}],"curies":[{"name":"wp","href":"https:\/\/api.w.org\/{rel}","templated":true}]}}