{"id":427022,"date":"2025-09-29T21:21:10","date_gmt":"2025-09-29T21:21:10","guid":{"rendered":"https:\/\/www.europesays.com\/fr\/427022\/"},"modified":"2025-09-29T21:21:10","modified_gmt":"2025-09-29T21:21:10","slug":"jean-baptiste-greuze-lenfance-en-lumiere-et-sage-comme-une-image-deux-expos-de-momes-croises-liberation","status":"publish","type":"post","link":"https:\/\/www.europesays.com\/fr\/427022\/","title":{"rendered":"\u00abJean-Baptiste Greuze, l\u2019enfance en lumi\u00e8re\u00bb et \u00abSage comme une image\u00bb, deux expos de m\u00f4mes crois\u00e9s &#8211; Lib\u00e9ration"},"content":{"rendered":"<ol>\n<li><a href=\"https:\/\/news.google.com\/rss\/articles\/CBMi9gFBVV95cUxPdG5QSVZhV2xSRDVVaFFseW9Fa25VMk8zbnhEbnFHdEVPckIzUGV6VldpbHgxaGVTZnZCYmVvWW1CdFFUNjAwNGhodlc4TmNNMzZQaDFwOEdvOUg5a2d3ZEdzaVhzdG5SckJib3NvOGI5VlQwNTVIcEdET0NNNWdLb0l6WTZJaFVUajNfTkdZb3pnQ0NlLWZBMmdQMl8tdEhYS1JLTW5pZVZxV2piR0RYUVFlcER0T3FYZ3c5MTR3bHNfMC1fcFUtTlJrUm56a2pBcFNQRVM4dk5sQTF0UnkxY19aMXJpSUoyTm40bklWWEJ6R3o0dmc?oc=5\" target=\"_blank\" rel=\"nofollow noopener\">\u00abJean-Baptiste Greuze, l\u2019enfance en lumi\u00e8re\u00bb et \u00abSage comme une image\u00bb, deux expos de m\u00f4mes crois\u00e9s<\/a>&nbsp;&nbsp;Lib\u00e9ration<\/li>\n<li><a href=\"https:\/\/news.google.com\/rss\/articles\/CBMiqwFBVV95cUxQMEZtbGhYc29yNGo0VFZkeURkOWJGaUtZUG5QN3ltcTZKMlZoM3h1c2YwZ3I2WktHRjQ2OEhKalI0MFZIdlFlUkpXRFBoLTVfRmh1MkdkdlJZXzc5Y2VmcnFDemFHV1E4Qy1lWEJvUFhmR1hYbmhISEliUUxxVWZLdHo2RHJHZEpTVjdDdmtnYzRBSUJVSklyZmp4SWVyOGttcjB3ZnJlbHU4WkU?oc=5\" target=\"_blank\" rel=\"nofollow noopener\">Mus\u00e9e Magnin de Dijon. Jean-Baptiste Greuze, des dessins, un dessein, un destin<\/a>&nbsp;&nbsp;Le Bien Public<\/li>\n<li><a href=\"https:\/\/news.google.com\/rss\/articles\/CBMijAFBVV95cUxOQU9aRWR6bE9nLTNycWIzek12RllINmNuNXNjZGdwNjhKWW83R1ByYnJWMk9tRWx3ZGRvNmtJYjhkT2VyMmdDcGZ6S1hGa2QySFBEa0ExM3dIRzctTmNxbUFCbU1pVmczUDVMVmJNOVBabXRQZDBvb0ZZbzFqaXFDNjcwcjAwOFVxSE1jMQ?oc=5\" target=\"_blank\" rel=\"nofollow noopener\">PARIS : Peindre l&rsquo;enfance, Jean-Baptiste Greuze au Petit Palais<\/a>&nbsp;&nbsp;Presse Agence<\/li>\n<li><a href=\"https:\/\/news.google.com\/rss\/articles\/CBMi-gFBVV95cUxPWjVsLWtXenFzM29YcHdGNlhWS1ZiYjd5QnNGcFlaRzNiZFpQYjliamM3RUV1ZU0wYXc0MXo3RDc0dE50TlhlZEVQZ2swVEl2R3dxRjRaTE9UTWxneDQyWll1Y3lFVldXSGdjU3kxby16NlJmVTRBRDg0bS1lYUVoRmdBRjVEUklBRS1CbGFfRzZFSEZ0WnFKa0FZLW42SHlTekJKbC0zekJURTFKYTBWdEMyMjItUHgtZ2VNcExHMFhDVWVORTF2cTQxdkdnUTBTYlRERVJqUElTdzVwOWpCaTBWWktSeksyTmZ4ejBuR3NPcXBnWWxlU013?oc=5\" target=\"_blank\" rel=\"nofollow noopener\">Exposition Greuze \u00e0 Paris : le Petit Palais r\u00e9v\u00e8le la surprenante modernit\u00e9 de ce grand artiste oubli\u00e9<\/a>&nbsp;&nbsp;Connaissance des Arts<\/li>\n<li><a href=\"https:\/\/news.google.com\/rss\/articles\/CBMiWEFVX3lxTE1Xb29IT1pLZDFtVUtjcG5PeWt0WHRZYjMzQlVCYnBOMXp2a1pUX1BudjVQMG1LX0NEeHRwSk1JZUFJc3Y0S2oyMVFzd2YwdXR2WnY1MDFFOUw?oc=5\" target=\"_blank\" rel=\"nofollow noopener\">Greuze &#8211; L\u2019enfance en lumi\u00e8re<\/a>&nbsp;&nbsp;Herodote.net<\/li>\n<\/ol>\n","protected":false},"excerpt":{"rendered":"\u00abJean-Baptiste Greuze, l\u2019enfance en lumi\u00e8re\u00bb et \u00abSage comme une image\u00bb, deux expos de m\u00f4mes crois\u00e9s&nbsp;&nbsp;Lib\u00e9ration Mus\u00e9e Magnin de&hellip;\n","protected":false},"author":2,"featured_media":427023,"comment_status":"","ping_status":"","sticky":false,"template":"","format":"standard","meta":{"footnotes":""},"categories":[1358],"tags":[1348,1384,1385,1386,58,59,1011,27],"class_list":{"0":"post-427022","1":"post","2":"type-post","3":"status-publish","4":"format-standard","5":"has-post-thumbnail","7":"category-arts-et-design","8":"tag-arts","9":"tag-arts-and-design","10":"tag-arts-et-design","11":"tag-design","12":"tag-divertissement","13":"tag-entertainment","14":"tag-fr","15":"tag-france"},"share_on_mastodon":{"url":"https:\/\/pubeurope.com\/@fr\/115289684908003253","error":""},"_links":{"self":[{"href":"https:\/\/www.europesays.com\/fr\/wp-json\/wp\/v2\/posts\/427022","targetHints":{"allow":["GET"]}}],"collection":[{"href":"https:\/\/www.europesays.com\/fr\/wp-json\/wp\/v2\/posts"}],"about":[{"href":"https:\/\/www.europesays.com\/fr\/wp-json\/wp\/v2\/types\/post"}],"author":[{"embeddable":true,"href":"https:\/\/www.europesays.com\/fr\/wp-json\/wp\/v2\/users\/2"}],"replies":[{"embeddable":true,"href":"https:\/\/www.europesays.com\/fr\/wp-json\/wp\/v2\/comments?post=427022"}],"version-history":[{"count":0,"href":"https:\/\/www.europesays.com\/fr\/wp-json\/wp\/v2\/posts\/427022\/revisions"}],"wp:featuredmedia":[{"embeddable":true,"href":"https:\/\/www.europesays.com\/fr\/wp-json\/wp\/v2\/media\/427023"}],"wp:attachment":[{"href":"https:\/\/www.europesays.com\/fr\/wp-json\/wp\/v2\/media?parent=427022"}],"wp:term":[{"taxonomy":"category","embeddable":true,"href":"https:\/\/www.europesays.com\/fr\/wp-json\/wp\/v2\/categories?post=427022"},{"taxonomy":"post_tag","embeddable":true,"href":"https:\/\/www.europesays.com\/fr\/wp-json\/wp\/v2\/tags?post=427022"}],"curies":[{"name":"wp","href":"https:\/\/api.w.org\/{rel}","templated":true}]}}