{"id":427024,"date":"2025-09-29T21:22:10","date_gmt":"2025-09-29T21:22:10","guid":{"rendered":"https:\/\/www.europesays.com\/fr\/427024\/"},"modified":"2025-09-29T21:22:10","modified_gmt":"2025-09-29T21:22:10","slug":"le-marche-aux-livres-revient-a-linstitut-francais-daix-la-chapelle","status":"publish","type":"post","link":"https:\/\/www.europesays.com\/fr\/427024\/","title":{"rendered":"Le march\u00e9 aux livres revient \u00e0 l\u2019Institut fran\u00e7ais d\u2019Aix-la-Chapelle !"},"content":{"rendered":"<p class=\"pl-8 py-2\">Amoureux des livres, curieux de d\u00e9couvertes ou simples fl\u00e2neurs, notez la date dans vos agendas : le jeudi 10 octobre, l\u2019Institut fran\u00e7ais d\u2019Aix-la-Chapelle ouvre ses portes pour une nouvelle \u00e9dition de son march\u00e9 aux livres.&#13;\n<\/p>\n<p style=\"line-height:1.38;margin-top:16px;margin-bottom:16px\">De 10h00 \u00e0 17h00, une vaste s\u00e9lection d\u2019ouvrages en fran\u00e7ais et en allemand vous attend. Romans, essais, beaux livres ou encore litt\u00e9rature jeunesse \u2013 chacun pourra y trouver son bonheur. Le tout dans une atmosph\u00e8re conviviale, propice aux \u00e9changes et au plaisir de feuilleter.<\/p>\n<p>Et pour ajouter une touche de surprise : les tr\u00e8s appr\u00e9ci\u00e9es pochettes-surprise seront de retour ! Pour seulement 3 \u20ac, repartez avec un lot de livres soigneusement pr\u00e9par\u00e9s. Un petit cadeau id\u00e9al, pour soi ou \u00e0 partager.<\/p>\n<p>L\u2019entr\u00e9e est libre et gratuite, sans inscription pr\u00e9alable. Venez nombreux profiter de ce rendez-vous litt\u00e9raire unique \u00e0 Aix-la-Chapelle !<\/p>\n<p><br style=\"font-style:normal;font-weight:400;text-align:start;white-space:normal;text-decoration:none;color:#000000\"\/><br \/>\n\u00a0<\/p>\n","protected":false},"excerpt":{"rendered":"Amoureux des livres, curieux de d\u00e9couvertes ou simples fl\u00e2neurs, notez la date dans vos agendas : le jeudi&hellip;\n","protected":false},"author":2,"featured_media":427025,"comment_status":"","ping_status":"","sticky":false,"template":"","format":"standard","meta":{"footnotes":""},"categories":[1357],"tags":[1379,58,59,1011,27,1380],"class_list":{"0":"post-427024","1":"post","2":"type-post","3":"status-publish","4":"format-standard","5":"has-post-thumbnail","7":"category-livres","8":"tag-books","9":"tag-divertissement","10":"tag-entertainment","11":"tag-fr","12":"tag-france","13":"tag-livres"},"share_on_mastodon":{"url":"https:\/\/pubeurope.com\/@fr\/115289688829318147","error":""},"_links":{"self":[{"href":"https:\/\/www.europesays.com\/fr\/wp-json\/wp\/v2\/posts\/427024","targetHints":{"allow":["GET"]}}],"collection":[{"href":"https:\/\/www.europesays.com\/fr\/wp-json\/wp\/v2\/posts"}],"about":[{"href":"https:\/\/www.europesays.com\/fr\/wp-json\/wp\/v2\/types\/post"}],"author":[{"embeddable":true,"href":"https:\/\/www.europesays.com\/fr\/wp-json\/wp\/v2\/users\/2"}],"replies":[{"embeddable":true,"href":"https:\/\/www.europesays.com\/fr\/wp-json\/wp\/v2\/comments?post=427024"}],"version-history":[{"count":0,"href":"https:\/\/www.europesays.com\/fr\/wp-json\/wp\/v2\/posts\/427024\/revisions"}],"wp:featuredmedia":[{"embeddable":true,"href":"https:\/\/www.europesays.com\/fr\/wp-json\/wp\/v2\/media\/427025"}],"wp:attachment":[{"href":"https:\/\/www.europesays.com\/fr\/wp-json\/wp\/v2\/media?parent=427024"}],"wp:term":[{"taxonomy":"category","embeddable":true,"href":"https:\/\/www.europesays.com\/fr\/wp-json\/wp\/v2\/categories?post=427024"},{"taxonomy":"post_tag","embeddable":true,"href":"https:\/\/www.europesays.com\/fr\/wp-json\/wp\/v2\/tags?post=427024"}],"curies":[{"name":"wp","href":"https:\/\/api.w.org\/{rel}","templated":true}]}}