{"id":427028,"date":"2025-09-29T21:24:15","date_gmt":"2025-09-29T21:24:15","guid":{"rendered":"https:\/\/www.europesays.com\/fr\/427028\/"},"modified":"2025-09-29T21:24:15","modified_gmt":"2025-09-29T21:24:15","slug":"la-chanteuse-britannique-lola-young-victime-dun-malaise-en-plein-concert","status":"publish","type":"post","link":"https:\/\/www.europesays.com\/fr\/427028\/","title":{"rendered":"La chanteuse britannique Lola Young victime d&rsquo;un malaise en plein concert"},"content":{"rendered":"<p class=\"article-p mdl\">Lola Young va mieux. L&rsquo;artiste britannique de 24 ans a rassur\u00e9 ses fans sur ses r\u00e9seaux sociaux, au lendemain d&rsquo;un malaise sur la sc\u00e8ne du festival new-yorkais All Things Go, samedi 27 septembre. Tandis qu&rsquo;elle interpr\u00e9tait son titre Conceited, la chanteuse mondialement connue <strong>s&rsquo;est arr\u00eat\u00e9e, puis a chut\u00e9 en arri\u00e8re<\/strong>, provoquant la stupeur de la foule pr\u00e9sente devant elle. Un de ses musiciens s&rsquo;est alors empress\u00e9 d&rsquo;aller la voir.<\/p>\n<p class=\"article-p mdl\">Dans un message publi\u00e9 en story sur Instagram, <strong>l&rsquo;artiste dit \u00ab\u00a0se sentir mieux\u00a0\u00bb<\/strong> sans pr\u00e9ciser la nature de son malaise. Cela n&rsquo;a pas apais\u00e9 l&rsquo;inqui\u00e9tude de ses fans. Certains pensent que cette chute pourrait \u00eatre le r\u00e9sultat d&rsquo;un \u00e9puisement de l&rsquo;artiste d\u00fb \u00e0 l&rsquo;industrie musicale.<\/p>\n<p class=\"article-p mdl\">Entre les concerts\u00a0\u00e0 r\u00e9p\u00e9tition, les albums \u00e0 sortir ou encore la pression quotidienne d&rsquo;\u00eatre une star plan\u00e9taire \u00e0 l&rsquo;\u00e2ge de 24 ans, la chanteuse du titre\u00a0Messy\u00a0avait confi\u00e9, par le pass\u00e9, que monter sur sc\u00e8ne pouvait lui provoquer des naus\u00e9es ou des malaises.<\/p>\n<p class=\"article-p mdl\">La sant\u00e9 de Lola Young est un sujet assez r\u00e9current au cours de sa jeune carri\u00e8re.\u00a0<strong>Diagnostiqu\u00e9e d\u2019un trouble schizo-affectif \u00e0 17 ans<\/strong>, la chanteuse souffre \u00e9galement de sympt\u00f4mes li\u00e9s \u00e0 un trouble de l\u2019attention et de l\u2019hyperactivit\u00e9.<\/p>\n<p class=\"article-p mdl\">Dans ses chansons, l&rsquo;artiste \u00e9voque ses probl\u00e8mes de sant\u00e9 mentale et\u00a0ses anciennes addictions, notamment \u00e0 la coca\u00efne. Ses fans appellent la chanteuse \u00e0 se reposer, d&rsquo;autant plus que la veille du concert, elle avait h\u00e9sit\u00e9 \u00e0 r\u00e9aliser sa performance au festival\u00a0All Things Go.<\/p>\n<p class=\"article-p mdl\">Les adorateurs de la chanteuse originaire du sud de Londres\u00a0ont aussi interpell\u00e9 son manager, qui n&rsquo;est autre que l&rsquo;<strong>ancien producteur d&rsquo;Amy Winehouse<\/strong> &#8211; d\u00e9c\u00e9d\u00e9e \u00e0 l&rsquo;\u00e2ge de 27 ans.<\/p>\n<p>    La r\u00e9daction vous recommande<\/p>\n<p class=\"s-newsletter__title\">\n                L\u2019actualit\u00e9 par la r\u00e9daction de RTL dans votre bo\u00eete mail.\n            <\/p>\n<p class=\"s-newsletter__subtitle\">\n                Gr\u00e2ce \u00e0 votre compte RTL abonnez-vous \u00e0 la newsletter RTL info pour suivre toute l&rsquo;actualit\u00e9 au quotidien\n            <\/p>\n<p>\n                                    Lire la suite\n                                <\/p>\n","protected":false},"excerpt":{"rendered":"Lola Young va mieux. L&rsquo;artiste britannique de 24 ans a rassur\u00e9 ses fans sur ses r\u00e9seaux sociaux, au&hellip;\n","protected":false},"author":2,"featured_media":427029,"comment_status":"","ping_status":"","sticky":false,"template":"","format":"standard","meta":{"footnotes":""},"categories":[1355],"tags":[1697,58,59,73,2414,107,1011,27,1361,873,415],"class_list":{"0":"post-427028","1":"post","2":"type-post","3":"status-publish","4":"format-standard","5":"has-post-thumbnail","7":"category-musique","8":"tag-concert","9":"tag-divertissement","10":"tag-entertainment","11":"tag-etats-unis","12":"tag-fil-culture","13":"tag-fil-info","14":"tag-fr","15":"tag-france","16":"tag-music","17":"tag-musique","18":"tag-new-york"},"share_on_mastodon":{"url":"https:\/\/pubeurope.com\/@fr\/115289696866470859","error":""},"_links":{"self":[{"href":"https:\/\/www.europesays.com\/fr\/wp-json\/wp\/v2\/posts\/427028","targetHints":{"allow":["GET"]}}],"collection":[{"href":"https:\/\/www.europesays.com\/fr\/wp-json\/wp\/v2\/posts"}],"about":[{"href":"https:\/\/www.europesays.com\/fr\/wp-json\/wp\/v2\/types\/post"}],"author":[{"embeddable":true,"href":"https:\/\/www.europesays.com\/fr\/wp-json\/wp\/v2\/users\/2"}],"replies":[{"embeddable":true,"href":"https:\/\/www.europesays.com\/fr\/wp-json\/wp\/v2\/comments?post=427028"}],"version-history":[{"count":0,"href":"https:\/\/www.europesays.com\/fr\/wp-json\/wp\/v2\/posts\/427028\/revisions"}],"wp:featuredmedia":[{"embeddable":true,"href":"https:\/\/www.europesays.com\/fr\/wp-json\/wp\/v2\/media\/427029"}],"wp:attachment":[{"href":"https:\/\/www.europesays.com\/fr\/wp-json\/wp\/v2\/media?parent=427028"}],"wp:term":[{"taxonomy":"category","embeddable":true,"href":"https:\/\/www.europesays.com\/fr\/wp-json\/wp\/v2\/categories?post=427028"},{"taxonomy":"post_tag","embeddable":true,"href":"https:\/\/www.europesays.com\/fr\/wp-json\/wp\/v2\/tags?post=427028"}],"curies":[{"name":"wp","href":"https:\/\/api.w.org\/{rel}","templated":true}]}}