{"id":427039,"date":"2025-09-29T21:30:12","date_gmt":"2025-09-29T21:30:12","guid":{"rendered":"https:\/\/www.europesays.com\/fr\/427039\/"},"modified":"2025-09-29T21:30:12","modified_gmt":"2025-09-29T21:30:12","slug":"le-royaume-uni-serait-pret-a-ouvrir-le-programme-davion-de-combat-gcap-a-lallemagne-zone-militaire","status":"publish","type":"post","link":"https:\/\/www.europesays.com\/fr\/427039\/","title":{"rendered":"Le Royaume-Uni serait pr\u00eat \u00e0 ouvrir le programme d\u2019avion de combat GCAP \u00e0 l\u2019Allemagne &#8211; Zone Militaire"},"content":{"rendered":"<ol>\n<li><a href=\"https:\/\/news.google.com\/rss\/articles\/CBMiuwFBVV95cUxPTU5CZ0hwc2Q4UUxVNTZ1a0NLMDQzSFZoendSMWF1emNHS0oySjJOMUF1RmtZZkc0bWswZk9vV2JLZVZRZ0U3YnVoLUxUSk1ORFpuSEFLNzYzaEQzdE1Rb0Vlai10czlWWDdvOXU1NGxSa2M2UmFOQmRNTWpxdzdOVkgwMVRaV29nRm1lVWhaTFJNRmRZMkctS0ROMmxuZlZpd21uUWRUcEt6MXlUWWZtVGRTcnBKU19jeTM4?oc=5\" target=\"_blank\" rel=\"noopener\">Le Royaume-Uni serait pr\u00eat \u00e0 ouvrir le programme d\u2019avion de combat GCAP \u00e0 l\u2019Allemagne<\/a>&nbsp;&nbsp;Zone Militaire<\/li>\n<li><a href=\"https:\/\/news.google.com\/rss\/articles\/CBMigwJBVV95cUxOUWJJdWxnQzRJVEhrV3gxdzFpTmhsZ05sV2lOZTluTmxFa3k3dVhNZzVJU0JuN0RnR3FvbTFTYU1veGxlcWFCTzhPbVJXV0FIVXBKV1ZQRVg1WkY2b1ZLQ3BlMHd2VDZpYUdrWi1zbmZTeC1rUmdTRGVicTVJWDdFQmRkc21aYnFKeTRFYTFWbndSVUVQSFJvOTRYNFBuUnoySUNxanF6TVBGRkQtVXNhZnR6VmpBSFRjMVJMTERlZUFyeFRPbG9nVDhCd3BvQUxtYldwNW5yQnpOQ0VCTHVpX3hFV3hLU0ZxQVN0MnZKd3pla0pqQm1UNkNfUkx3MnlEVXVZ?oc=5\" target=\"_blank\" rel=\"noopener\">\u00ab L\u2019avion de combat fran\u00e7ais, allemand et espagnol, t\u00eate d\u2019affiche de l\u2019\u201cEurope de la d\u00e9fense\u201d, risque le crash \u00bb<\/a>&nbsp;&nbsp;Le Monde.fr<\/li>\n<li><a href=\"https:\/\/news.google.com\/rss\/articles\/CBMia0FVX3lxTE5QZVdZcWdGekY3Uy1uYmNhaHFSc19Cdm9uM2gybmgtZDJZa3RJWjEyUGtiN3loeW5uWEgzSzhyVENULWk4RlZqWGlCRk1MZ2UtdGZQckdBWTE2REt5UU0wREFZSnQwMHJmTUg4?oc=5\" target=\"_blank\" rel=\"noopener\">\u00ab Ici, on sait faire ! \u00bb Le coup de clairon de Dassault Aviation face au SCAF, ou l\u2019art de forcer l\u2019Histoire<\/a>&nbsp;&nbsp;OpexNews<\/li>\n<li><a href=\"https:\/\/news.google.com\/rss\/articles\/CBMiogJBVV95cUxQd0lLbmd3d09xLWlVYmN3MlB2dVphdDlRWVkydDEtZEFWTnhhbU1ick4wU0RfWUV3VTV6S0tHa29YeFY1VU5nLXp5ZVpZeXZfZTZSUWUyOXdkTkxnVlhSTnlSYkpJcnlXUDhsU3JsWE1aQmtndjdCNDJUWXR3anBOY1k2Zm1McHZFcjBnS2ktWnBKRWtBcGVvUHhqZktna3JtZ1JtX2t4UXR6T1VmVVpjd2hlMVBTSFJONU5QV2xBQklISTJteXItUTJfOVdlUVRFVFk3cWlqQWtJcVBmNWpxeXcxQVFHQUtZUng0ODIybUNoZG1MbV9IaUl5YzZOXzBaS0E3ZTZFVWYwYnM4WjhxRENocTJfaE03ZDZ6NnhGY0hVZw?oc=5\" target=\"_blank\" rel=\"noopener\">La France pr\u00eate \u00e0 d\u00e9velopper \u00ab seule \u00bb un chasseur europ\u00e9en du futur \u00e0 50 milliards d\u2019euros pour remplacer le Rafale<\/a>&nbsp;&nbsp;Le Parisien<\/li>\n<li><a href=\"https:\/\/news.google.com\/rss\/articles\/CBMi2wFBVV95cUxNa196azRNT3hkQmw3TVRtbjFHUmYtU1BCbldWaWx2YktvaXdDcEdsMDNFejQtTG9oNHhwajkwekZkbEUxZHBVX3FvQ0M0WW5MekFCNjVEazdxWkFKVUEzVEtRWk9OZmd6djNXYTRFdEI1N1lzZElJT09DZE1ONzJ1VHVNWWJtUXNzdDByQ01FVURGV0Q3VWtIWXgtd1ZmMVBBZ2x2cFg5cmlQNmQ3bjhNZ180bWhrdWdzc2d1MHlSZ3l6UnYzcDJtRDMteDQxU1BmWm5oWUx5cUxVNm8?oc=5\" target=\"_blank\" rel=\"noopener\">D\u00e9fense : Cinq questions pos\u00e9es par le possible crash du programme SCAF d&rsquo;avion de combat europ\u00e9en<\/a>&nbsp;&nbsp;L&rsquo;Usine Nouvelle<\/li>\n<\/ol>\n","protected":false},"excerpt":{"rendered":"Le Royaume-Uni serait pr\u00eat \u00e0 ouvrir le programme d\u2019avion de combat GCAP \u00e0 l\u2019Allemagne&nbsp;&nbsp;Zone Militaire \u00ab L\u2019avion de&hellip;\n","protected":false},"author":2,"featured_media":427040,"comment_status":"","ping_status":"","sticky":false,"template":"","format":"standard","meta":{"footnotes":""},"categories":[6],"tags":[672,10729,35,10463,20286,33,34,1011,27,10730,55567,473,29284],"class_list":{"0":"post-427039","1":"post","2":"type-post","3":"status-publish","4":"format-standard","5":"has-post-thumbnail","7":"category-economie","8":"tag-allemagne","9":"tag-aviation-de-combat","10":"tag-business","11":"tag-cooperation","12":"tag-dassault-aviation","13":"tag-economie","14":"tag-economy","15":"tag-fr","16":"tag-france","17":"tag-gcap","18":"tag-global-air-combat-programme","19":"tag-royaume-uni","20":"tag-scaf"},"share_on_mastodon":{"url":"https:\/\/pubeurope.com\/@fr\/115289720425376445","error":""},"_links":{"self":[{"href":"https:\/\/www.europesays.com\/fr\/wp-json\/wp\/v2\/posts\/427039","targetHints":{"allow":["GET"]}}],"collection":[{"href":"https:\/\/www.europesays.com\/fr\/wp-json\/wp\/v2\/posts"}],"about":[{"href":"https:\/\/www.europesays.com\/fr\/wp-json\/wp\/v2\/types\/post"}],"author":[{"embeddable":true,"href":"https:\/\/www.europesays.com\/fr\/wp-json\/wp\/v2\/users\/2"}],"replies":[{"embeddable":true,"href":"https:\/\/www.europesays.com\/fr\/wp-json\/wp\/v2\/comments?post=427039"}],"version-history":[{"count":0,"href":"https:\/\/www.europesays.com\/fr\/wp-json\/wp\/v2\/posts\/427039\/revisions"}],"wp:featuredmedia":[{"embeddable":true,"href":"https:\/\/www.europesays.com\/fr\/wp-json\/wp\/v2\/media\/427040"}],"wp:attachment":[{"href":"https:\/\/www.europesays.com\/fr\/wp-json\/wp\/v2\/media?parent=427039"}],"wp:term":[{"taxonomy":"category","embeddable":true,"href":"https:\/\/www.europesays.com\/fr\/wp-json\/wp\/v2\/categories?post=427039"},{"taxonomy":"post_tag","embeddable":true,"href":"https:\/\/www.europesays.com\/fr\/wp-json\/wp\/v2\/tags?post=427039"}],"curies":[{"name":"wp","href":"https:\/\/api.w.org\/{rel}","templated":true}]}}