{"id":427041,"date":"2025-09-29T21:31:12","date_gmt":"2025-09-29T21:31:12","guid":{"rendered":"https:\/\/www.europesays.com\/fr\/427041\/"},"modified":"2025-09-29T21:31:12","modified_gmt":"2025-09-29T21:31:12","slug":"legislatives-en-moldavie-la-russie-dement-avoir-tente-de-singerer-dans-les-elections-qualifiant-les-accusations-de-cyniques-le-figaro","status":"publish","type":"post","link":"https:\/\/www.europesays.com\/fr\/427041\/","title":{"rendered":"L\u00e9gislatives en Moldavie : la Russie d\u00e9ment avoir tent\u00e9 de s\u2019ing\u00e9rer dans les \u00e9lections, qualifiant les accusations de \u00abcyniques\u00bb &#8211; Le Figaro"},"content":{"rendered":"<ol>\n<li><a href=\"https:\/\/news.google.com\/rss\/articles\/CBMigAJBVV95cUxOTDB2dm81aWdwYlRWdjZTUWc1MGZnZW51cVdfM0I0clZYV21GejdLQU5XVXFFTGwxWm0xYmE4WVd6eWZmZktDeTluWEM5M3F5MFdTbVFFRi1vSnJtY0JCM0pxcGc4bVNPMXlqMWk0VmZqckJMWWpIQ0diUF9meGpuYzZBUTNkdURHTjFFN2o4Qjh4Wnd5dVl3aDFXeWFzV3cySERVeUtjNnYyS0l2RWJ2Vk1oOEttVzRxUUh4ZHVhRTZBNUVZbndQQWJUZWNmeGoyaGU3ZV94WmU2STBIQWFtWEJyZlJub05oeWVydnpQODhsU3BZS2tydF9NV21xUlQ4?oc=5\" target=\"_blank\" rel=\"nofollow noopener\">L\u00e9gislatives en Moldavie : la Russie d\u00e9ment avoir tent\u00e9 de s\u2019ing\u00e9rer dans les \u00e9lections, qualifiant les accusations de \u00abcyniques\u00bb<\/a>&nbsp;&nbsp;Le Figaro<\/li>\n<li><a href=\"https:\/\/news.google.com\/rss\/articles\/CBMiwgFBVV95cUxQdmU2Y3dKa3VMaWdwdm1VVU5ZcXViVzNQNXBrTmg5SmNrNW5NR21RaU9uZXFvRUVIZGVzS1UtMEpkMzZibG81QUlHaWNOWVVDcktCT1p2NHh0UjFIT0xudDlpSi1pQUdERk9WQmFNcHVNMWJGV3Y2MmNwaXQwUGZGdDB1TXVfZFVETm9oMVVURGtOTi1TSllYQXFGQmR5ZnZHNjJ4d3lFUDZCczR4dkFXN3pLMWZXcDVLbUtsVHZlNUpBQQ?oc=5\" target=\"_blank\" rel=\"nofollow noopener\">Guerre en Ukraine : L\u2019Europe se r\u00e9jouit pour la Moldavie, la Russie recrute des jeunes soldats<\/a>&nbsp;&nbsp;20 Minutes<\/li>\n<li><a href=\"https:\/\/news.google.com\/rss\/articles\/CBMinAJBVV95cUxPOGw2X0s5RnE5ZzNSbFNuXzQxZnhlazRvcE1ISm5jRG0zbGgxVEpQa2VxXzVoVUw2WXVZMWhrLUQ1bDROTkRLU09XVWl5QzJhOXk0YVNTV090WHhSbWxyZlVkY08tbkZ2UThvWlBZY1k3OFg2enBJeEp2ZG5FNldNSE5ieXk2TTJxRXc2UHFYc0tPcDVfcUNpVlNyOGtGcFJGMHZLNkN3QWtFRjViSHcwcjFaR3U1UUhxcXljZWJHaXBwMTlwTDRtcVE0bV9CY3VsMXNGN3hOWE42LUhPRHRDNGJva3dRSWJTOElBdkRiZEM3bnhBSFNsdDlHdy1qM1ctWDZaX0dRclZRLUcyRkdSbHc5U2kwYTlkSC1FOQ?oc=5\" target=\"_blank\" rel=\"nofollow noopener\">\u201cLes Russes vont vouloir interf\u00e9rer partout\u201d : apr\u00e8s l\u2019ing\u00e9rence dans les \u00e9lections l\u00e9gislatives en Moldavie, les pays de l\u2019UE dans le viseur<\/a>&nbsp;&nbsp;Le Nouvel Obs<\/li>\n<li><a href=\"https:\/\/news.google.com\/rss\/articles\/CBMidkFVX3lxTE1EMDMzYkwyMHRSZlB5MGFuMldYQms3QVQzUXMydVdmTW4ydHh4S1Q1dTRDRU1iXzZYT3dlVzBsM3NwbXNqRlVWSVlsZmNzd0Y2REZSdU16Rzd2THVDSDJTcGNUY0plbXhseTJ3TVA5UVNTcUs0TFE?oc=5\" target=\"_blank\" rel=\"nofollow noopener\">La Moldavie vote pour l&rsquo;Europe \/ Le plan am\u00e9ricain pour Gaza \/ Noize MC<\/a>&nbsp;&nbsp;Arte.tv<\/li>\n<li><a href=\"https:\/\/news.google.com\/rss\/articles\/CBMiggJBVV95cUxOQWx6SHR3UWlIVGY5Ymh2eEtiZTdySWNMOHdDNVlWMmVYdkRSQ0dOWEpMOERjSXF3Qm5TR0Vpck9KZDFkaHhPT1B5b0ZjekZGalRJTHp3NUhBZno2a085bE1iTDJITlAzdHB6Nk5WOTNkVkdNYWJJemZ5NlJBeUlwSGljZmZ3aFd4T2lLOVNlUnZnSFlVZnhwckYteVlEamprVE5vS1dJejlCZVd4LW1IcmNpWk5OYm9HRl9kNEZhWjBEQmVoMkd5Mk9SaTJWeVQ0TDhySzctdTdaaGNTU2oxa3RET0N3Nk4wblVndkxtYlptbGp3YzRjNmFsb2htVm9OeHc?oc=5\" target=\"_blank\" rel=\"nofollow noopener\">Apr\u00e8s les \u00e9lections l\u00e9gislatives, la Moldavie devient un symbole de l\u2019Europe face \u00e0 Moscou<\/a>&nbsp;&nbsp;Lib\u00e9ration<\/li>\n<\/ol>\n","protected":false},"excerpt":{"rendered":"L\u00e9gislatives en Moldavie : la Russie d\u00e9ment avoir tent\u00e9 de s\u2019ing\u00e9rer dans les \u00e9lections, qualifiant les accusations de&hellip;\n","protected":false},"author":2,"featured_media":427042,"comment_status":"","ping_status":"","sticky":false,"template":"","format":"standard","meta":{"footnotes":""},"categories":[5],"tags":[11,55568,1011,27,14,11095,12,132,28],"class_list":{"0":"post-427041","1":"post","2":"type-post","3":"status-publish","4":"format-standard","5":"has-post-thumbnail","7":"category-international","8":"tag-actualites","9":"tag-elections-presidentielles","10":"tag-fr","11":"tag-france","12":"tag-international","13":"tag-moldavie","14":"tag-news","15":"tag-russie","16":"tag-world"},"share_on_mastodon":{"url":"https:\/\/pubeurope.com\/@fr\/115289724289255046","error":""},"_links":{"self":[{"href":"https:\/\/www.europesays.com\/fr\/wp-json\/wp\/v2\/posts\/427041","targetHints":{"allow":["GET"]}}],"collection":[{"href":"https:\/\/www.europesays.com\/fr\/wp-json\/wp\/v2\/posts"}],"about":[{"href":"https:\/\/www.europesays.com\/fr\/wp-json\/wp\/v2\/types\/post"}],"author":[{"embeddable":true,"href":"https:\/\/www.europesays.com\/fr\/wp-json\/wp\/v2\/users\/2"}],"replies":[{"embeddable":true,"href":"https:\/\/www.europesays.com\/fr\/wp-json\/wp\/v2\/comments?post=427041"}],"version-history":[{"count":0,"href":"https:\/\/www.europesays.com\/fr\/wp-json\/wp\/v2\/posts\/427041\/revisions"}],"wp:featuredmedia":[{"embeddable":true,"href":"https:\/\/www.europesays.com\/fr\/wp-json\/wp\/v2\/media\/427042"}],"wp:attachment":[{"href":"https:\/\/www.europesays.com\/fr\/wp-json\/wp\/v2\/media?parent=427041"}],"wp:term":[{"taxonomy":"category","embeddable":true,"href":"https:\/\/www.europesays.com\/fr\/wp-json\/wp\/v2\/categories?post=427041"},{"taxonomy":"post_tag","embeddable":true,"href":"https:\/\/www.europesays.com\/fr\/wp-json\/wp\/v2\/tags?post=427041"}],"curies":[{"name":"wp","href":"https:\/\/api.w.org\/{rel}","templated":true}]}}