{"id":427047,"date":"2025-09-29T21:34:13","date_gmt":"2025-09-29T21:34:13","guid":{"rendered":"https:\/\/www.europesays.com\/fr\/427047\/"},"modified":"2025-09-29T21:34:13","modified_gmt":"2025-09-29T21:34:13","slug":"quel-lien-avec-les-cancers","status":"publish","type":"post","link":"https:\/\/www.europesays.com\/fr\/427047\/","title":{"rendered":"quel lien avec les cancers\u00a0?"},"content":{"rendered":"<p>Les \u00e9tudes scientifiques disponibles commencent \u00e0 le souligner. L\u2019exposition \u00e0 des polluants pr\u00e9sents dans l\u2019air a un impact sur la sant\u00e9 avec des risques d\u2019apparition de sympt\u00f4mes d\u2019irritation, de toux, de maladies respiratoires, de maladies cardiovasculaires, <a href=\"https:\/\/www.leprogres.fr\/sante\/2024\/01\/30\/quels-liens-entre-pollution-de-l-air-et-cancers-du-sein-une-experte-lyonnaise-vous-repond\" target=\"_blank\" rel=\"nofollow noopener\">et de cancers.<\/a><\/p>\n<p><a href=\"https:\/\/www.leprogres.fr\/sante\/2024\/01\/30\/quels-liens-entre-pollution-de-l-air-et-cancers-du-sein-une-experte-lyonnaise-vous-repond\" target=\"_blank\" rel=\"nofollow noopener\">\u00ab\u00a0Pour <\/a> le cancer du poumon, la part attribuable en France serait de 4\u00a0%\u00a0\u00bb, annonce Francelyne Marano, professeure \u00e9m\u00e9rite de biologie cellulaire et toxicologie \u00e0 l\u2019Universit\u00e9 Paris-Cit\u00e9 et vice-pr\u00e9sidente de la Ligue nationale contre le cancer. \u00ab\u00a0Elle est aussi suspect\u00e9e pour le cancer du sein.\u00a0\u00bb Les enfants ne sont pas non plus \u00e9pargn\u00e9s. \u00ab\u00a0Diff\u00e9rents facteurs environnementaux sont suspect\u00e9s dans le d\u00e9veloppement de&#8230;<\/p>\n","protected":false},"excerpt":{"rendered":"Les \u00e9tudes scientifiques disponibles commencent \u00e0 le souligner. L\u2019exposition \u00e0 des polluants pr\u00e9sents dans l\u2019air a un impact&hellip;\n","protected":false},"author":2,"featured_media":30227,"comment_status":"","ping_status":"","sticky":false,"template":"","format":"standard","meta":{"footnotes":""},"categories":[9653],"tags":[1111,11,2430,7539,1777,674,1011,27,3367,12,25,4001,7538,71],"class_list":{"0":"post-427047","1":"post","2":"type-post","3":"status-publish","4":"format-standard","5":"has-post-thumbnail","7":"category-saint-etienne","8":"tag-actu","9":"tag-actualites","10":"tag-auvergne-rhone-alpes","11":"tag-edition-loire-sud","12":"tag-eu","13":"tag-europe","14":"tag-fr","15":"tag-france","16":"tag-loire","17":"tag-news","18":"tag-republique-francaise","19":"tag-saint-etienne","20":"tag-saint-etienne-ville","21":"tag-sante"},"share_on_mastodon":{"url":"https:\/\/pubeurope.com\/@fr\/115289736112253252","error":""},"_links":{"self":[{"href":"https:\/\/www.europesays.com\/fr\/wp-json\/wp\/v2\/posts\/427047","targetHints":{"allow":["GET"]}}],"collection":[{"href":"https:\/\/www.europesays.com\/fr\/wp-json\/wp\/v2\/posts"}],"about":[{"href":"https:\/\/www.europesays.com\/fr\/wp-json\/wp\/v2\/types\/post"}],"author":[{"embeddable":true,"href":"https:\/\/www.europesays.com\/fr\/wp-json\/wp\/v2\/users\/2"}],"replies":[{"embeddable":true,"href":"https:\/\/www.europesays.com\/fr\/wp-json\/wp\/v2\/comments?post=427047"}],"version-history":[{"count":0,"href":"https:\/\/www.europesays.com\/fr\/wp-json\/wp\/v2\/posts\/427047\/revisions"}],"wp:featuredmedia":[{"embeddable":true,"href":"https:\/\/www.europesays.com\/fr\/wp-json\/wp\/v2\/media\/30227"}],"wp:attachment":[{"href":"https:\/\/www.europesays.com\/fr\/wp-json\/wp\/v2\/media?parent=427047"}],"wp:term":[{"taxonomy":"category","embeddable":true,"href":"https:\/\/www.europesays.com\/fr\/wp-json\/wp\/v2\/categories?post=427047"},{"taxonomy":"post_tag","embeddable":true,"href":"https:\/\/www.europesays.com\/fr\/wp-json\/wp\/v2\/tags?post=427047"}],"curies":[{"name":"wp","href":"https:\/\/api.w.org\/{rel}","templated":true}]}}