{"id":427058,"date":"2025-09-29T21:40:13","date_gmt":"2025-09-29T21:40:13","guid":{"rendered":"https:\/\/www.europesays.com\/fr\/427058\/"},"modified":"2025-09-29T21:40:13","modified_gmt":"2025-09-29T21:40:13","slug":"un-traminot-blesse-sur-la-ligne-2-terminus-a-sablassou","status":"publish","type":"post","link":"https:\/\/www.europesays.com\/fr\/427058\/","title":{"rendered":"un traminot bless\u00e9 sur la ligne 2, terminus \u00e0 Sablassou"},"content":{"rendered":"<p>            Par<br \/>\n        <strong><br \/>\n            <a href=\"https:\/\/actu.fr\/auteur\/jm-aubert\" title=\"Consulter tous les articles de Jean-Marc Aubert\" rel=\"nofollow noopener\" target=\"_blank\">Jean-Marc Aubert<\/a><br \/>\n        <\/strong><\/p>\n<p>        Publi\u00e9 le<\/p>\n<p>            29 sept. 2025 \u00e0 23h20        <\/p>\n<p>\/ INFO M\u00c9TROPOLITAIN \/<\/p>\n<p class=\" wall-content\"><strong>Derni\u00e8re minute.<\/strong> Ce lundi 29 septembre 2025, vers 22h30, un <strong>traminot<\/strong> a \u00e9t\u00e9 agress\u00e9 et bless\u00e9 par un usager, sur la ligne 2, \u00e0 <strong>Castelnau-le-Lez<\/strong>. Les conducteurs de tramway ont d\u00e9cid\u00e9 de stopper les rames \u00e0 la station de Notre-Dame-de-Sablassou. Le terminus \u00e0 <strong>Jacou<\/strong> n\u2019est donc pas assur\u00e9 jusqu\u2019\u00e0 la fin du service.<\/p>\n<p>    <a href=\"https:\/\/www.google.com\/maps\/embed?pb=!1m18!1m12!1m3!1d9317.352960031307!2d3.9221991870342463!3d43.63363014804972!2m3!1f0!2f0!3f0!3m2!1i1024!2i768!4f13.1!3m3!1m2!1s0x12b6a5e939942ca3%3A0xe449701b6bf7302b!2sNotre-Dame%20de%20Sablassou!5e0!3m2!1sfr!2sfr!4v1759180580951!5m2!1sfr!2sfr\" title=\"Ouvrie le lien\" rel=\"nofollow noopener\" target=\"_blank\">Cliquez ici pour visualiser le contenu<\/a><\/p>\n<p class=\" wall-content\">Les circonstances de l\u2019agression font l\u2019objet d\u2019une enqu\u00eate des <strong>gendarmes<\/strong> de la compagnie de Castelnau-le-Lez, sur place avec la <strong>police m\u00e9tropolitaine des transports de Montpellier\u00a0<\/strong>et la brigade de nuit de la <strong>police municipale<\/strong> de la commune, tandis que le conducteur-receveur qui a \u00e9t\u00e9 frapp\u00e9 au visage par un violent coup de poing est secouru par les sapeurs-pompiers du <strong>Sdis 34<\/strong>. Conscient, il va \u00eatre \u00e9vacu\u00e9 sur les urgences d\u2019un \u00e9tablissement hospitalier pour y recevoir des soins.<\/p>\n<p class=\" wall-content\">Selon nos informations, le traminot aurait eu le r\u00e9flexe d\u2019ouvrir sa loge \u00e0 un passager qui \u00e9tait en col\u00e8re pour une raison encore ind\u00e9termin\u00e9e. Apr\u00e8s lui avoir port\u00e9 un coup de poing, l\u2019auteur des faits a pris la fuite en courant. \u00c0 23h15, il \u00e9tait activement recherch\u00e9 par les gendarmes et les agents de police munis d\u2019un signalement assez pr\u00e9cis.\u00a0<\/p>\n<p class=\" wall-content\">Inform\u00e9 de cette violente agression, le<strong> syndicat FO<\/strong> de TaM 3M a demand\u00e9 aux traminots d\u2019exercer leur droit de retrait et de ne plus assurer le trajet Notre-Dame-de-Sablassou-terminus de Jacou jusqu\u2019\u00e0 la fin du service. Et il avisera pour d\u00e9cider de la suite \u00e0 donner ce mardi matin.<\/p>\n<p class=\" wall-content\"><strong>&gt; Plus d\u2019informations \u00e0 suivre<\/strong><\/p>\n<p class=\" wall-content\">Personnalisez votre actualit\u00e9 en ajoutant vos villes et m\u00e9dias en favori avec <a href=\"https:\/\/moncompte.actu.fr\" title=\"D\u00e9couvez Mon Actu\" rel=\"nofollow noopener\" data-trk=\"{&quot;cta&quot;:{&quot;action&quot;:&quot;https:\\\/\\\/moncompte.actu.fr&quot;,&quot;category&quot;:&quot;mon compte&quot;,&quot;from&quot;:&quot;article footer&quot;,&quot;name&quot;:&quot;Mon actu&quot;,&quot;type&quot;:&quot;cta&quot;}}\" target=\"_blank\">Mon Actu<\/a>.<\/p>\n","protected":false},"excerpt":{"rendered":"Par Jean-Marc Aubert Publi\u00e9 le 29 sept. 2025 \u00e0 23h20 \/ INFO M\u00c9TROPOLITAIN \/ Derni\u00e8re minute. Ce lundi&hellip;\n","protected":false},"author":2,"featured_media":427059,"comment_status":"","ping_status":"","sticky":false,"template":"","format":"standard","meta":{"footnotes":""},"categories":[9599],"tags":[1111,11,1777,674,118,1011,27,3381,2208,12,2680,1072,25,5787],"class_list":{"0":"post-427058","1":"post","2":"type-post","3":"status-publish","4":"format-standard","5":"has-post-thumbnail","7":"category-montpellier","8":"tag-actu","9":"tag-actualites","10":"tag-eu","11":"tag-europe","12":"tag-faits-divers","13":"tag-fr","14":"tag-france","15":"tag-gendarmerie","16":"tag-montpellier","17":"tag-news","18":"tag-occitanie","19":"tag-police","20":"tag-republique-francaise","21":"tag-transports-en-commun-lyonnais-tcl"},"share_on_mastodon":{"url":"https:\/\/pubeurope.com\/@fr\/115289759706423297","error":""},"_links":{"self":[{"href":"https:\/\/www.europesays.com\/fr\/wp-json\/wp\/v2\/posts\/427058","targetHints":{"allow":["GET"]}}],"collection":[{"href":"https:\/\/www.europesays.com\/fr\/wp-json\/wp\/v2\/posts"}],"about":[{"href":"https:\/\/www.europesays.com\/fr\/wp-json\/wp\/v2\/types\/post"}],"author":[{"embeddable":true,"href":"https:\/\/www.europesays.com\/fr\/wp-json\/wp\/v2\/users\/2"}],"replies":[{"embeddable":true,"href":"https:\/\/www.europesays.com\/fr\/wp-json\/wp\/v2\/comments?post=427058"}],"version-history":[{"count":0,"href":"https:\/\/www.europesays.com\/fr\/wp-json\/wp\/v2\/posts\/427058\/revisions"}],"wp:featuredmedia":[{"embeddable":true,"href":"https:\/\/www.europesays.com\/fr\/wp-json\/wp\/v2\/media\/427059"}],"wp:attachment":[{"href":"https:\/\/www.europesays.com\/fr\/wp-json\/wp\/v2\/media?parent=427058"}],"wp:term":[{"taxonomy":"category","embeddable":true,"href":"https:\/\/www.europesays.com\/fr\/wp-json\/wp\/v2\/categories?post=427058"},{"taxonomy":"post_tag","embeddable":true,"href":"https:\/\/www.europesays.com\/fr\/wp-json\/wp\/v2\/tags?post=427058"}],"curies":[{"name":"wp","href":"https:\/\/api.w.org\/{rel}","templated":true}]}}