{"id":42706,"date":"2025-04-22T00:14:18","date_gmt":"2025-04-22T00:14:18","guid":{"rendered":"https:\/\/www.europesays.com\/fr\/42706\/"},"modified":"2025-04-22T00:14:18","modified_gmt":"2025-04-22T00:14:18","slug":"mort-du-pape-francois-emotion-et-reactions-dans-le-monde-fin-de-la-treve-de-paques-entre-la-russie-et-lukraine","status":"publish","type":"post","link":"https:\/\/www.europesays.com\/fr\/42706\/","title":{"rendered":"Mort du pape Fran\u00e7ois: \u00e9motion et r\u00e9actions dans le monde \/ Fin de la tr\u00eave de P\u00e2ques entre la Russie et l&rsquo;Ukraine&#8230;"},"content":{"rendered":"<p>\n                     Il   est   18   heures  \u00e0   Paris   et   Rome   16   heures  en   temps   universel.                  <\/p>\n<p>\n                     Merci   d&rsquo;\u00e9couter   RFI.   C&rsquo;est   l&rsquo;heure   d&rsquo;un   nouveau   journal.                  <\/p>\n<p>\n                     Le   Journal  en   fran\u00e7ais   facile.                 <\/p>\n<p>\n                     Albane  Leprince.                  <\/p>\n<p>\n                     Nous   sommes   le   lundi   21   avril,   lundi   de   P\u00e2ques,  et   le   pape   est   mort.                  <\/p>\n<p>\n                     Nous   allons,  \u00e9videmment,  largement   revenir   dans   cette   \u00e9dition   sur   le   d\u00e9c\u00e8s   du   souverain   pontife,  \u00e0   l&rsquo;\u00e2ge   de   88   ans,  un  mois   apr\u00e8s   sa   sortie   de   l&rsquo;h\u00f4pital,  o\u00f9   il   avait   \u00e9t\u00e9   soign\u00e9   pour   une   double   pneumonie.  Les  fid\u00e8les   avaient   pu   l&rsquo;apercevoir   une   derni\u00e8re   fois,  hier,  pour   P\u00e2ques.                  <\/p>\n<p>\n                     Nous   irons,  d\u00e8s   le   d\u00e9but   de   ce   journal,   place   Saint-Pierre,   \u00e0   Rome,   o\u00f9   une   pri\u00e8re   publique   doit   avoir   lieu   dans   une  heure  et   demie.                  <\/p>\n<p>\n                     Nous   reviendrons,  \u00e9galement,  sur   les   douze   ans   de   son   pontificat   et   la   marque   laiss\u00e9e   par   le   pape   Fran\u00e7ois.   Nous   entendrons   le   p\u00e8re  Ulrich  Tchicaya,   pr\u00eatre   de   Pointe-Noire,  au   Congo.   Il   avait   eu   l&rsquo;occasion   de   le   rencontrer.                  <\/p>\n<p>\n                     Les   r\u00e9actions,   elles,  pleuvent,  sont   nombreuses   depuis   ce   matin   et   l&rsquo;annonce   du   Vatican.  Dans  le   monde   entier,  les  dirigeants   lui   rendent   hommage.  Jusqu&rsquo;en  Russie,   o\u00f9   l&rsquo;information   n&rsquo;est   pourtant   rel\u00e9gu\u00e9e,   trait\u00e9e  qu&rsquo;au   second   plan.   La   classe   politique   fran\u00e7aise,   en   revanche,   s&rsquo;est   exprim\u00e9e   largement,  du   pr\u00e9sident   Emmanuel   Macron,   en   d\u00e9placement   \u00e0   Mayotte,   \u00e0   l&rsquo;extr\u00eame   droite,  en   passant   par   la   gauche.                  <\/p>\n<p>\n                     C&rsquo;est   donc   l&rsquo;information   de   la   journ\u00e9e :  quelques   heures   seulement   apr\u00e8s   \u00eatre   apparu  tr\u00e8s   affaibli,  pour   P\u00e2ques,   au   balcon   de   la   basilique   Saint-Pierre,  le  pape   Fran\u00e7ois   est   d\u00e9c\u00e9d\u00e9,  ce   matin,  \u00e0   l&rsquo;\u00e2ge   de   88   ans.   Prenons,  sans   plus   attendre,  la   direction   du   Vatican.   Bonsoir,  Camille   Dalmas.                  <\/p>\n<p>\n                     Bonsoir.                  <\/p>\n<p>\n                     Une   grande   pri\u00e8re   publique   est   pr\u00e9vue   dans   une  heure  30,  sur   la   place   Saint-Pierre.   Cette   m\u00eame   place   d&rsquo;o\u00f9   les   fid\u00e8les   ont   aper\u00e7u   le   pape,  hier.   C&rsquo;est   donc   le   premier   grand   moment,  \u00e9v\u00e9nement  organis\u00e9   par   l&rsquo;\u00c9glise,  depuis   ce   matin.                  <\/p>\n<p>\n                     Oui.  L&rsquo;\u00e9motion  a   \u00e9t\u00e9   grande,  aujourd&rsquo;hui,  sur   la   place   Saint-Pierre   et   les  alentours   du   Vatican.   Mais,  peu   \u00e0   peu,   les   choses   s&rsquo;organisent.   Un   grand   chapelet   va   commencer   \u00e0   19   h   30.   D\u00e9j\u00e0,  une   autre   messe   est   organis\u00e9e   dans   une   grande   \u00e9glise   du   Vatican,  qui   s&rsquo;appelle   le   Latran.   Et,  ce   soir,   \u00e0   20   heures,  il aura  lieu   un   rite   officiel   tr\u00e8s   important   pour   la   suite   de  toutes ces histoires,  qui   sera   la   constatation   de   la   mort   du   pape   et   sa   d\u00e9position   dans   son   cercueil.   Donc, tout  cela   est   tr\u00e8s   r\u00e9glement\u00e9.   Le   cardinal   Kevin   Farrell  est,  aujourd&rsquo;hui,  le   chef   par   int\u00e9rim   du   Vatican \u2013  le   camerlingue \u2013,  et   c&rsquo;est   lui   qui   va   s&rsquo;occuper   du   bon   d\u00e9roulement   des   choses   jusqu&rsquo;\u00e0   la   prochaine   \u00e9lection,  qui   devrait   avoir   lieu   dans   les   prochains   jours.                  <\/p>\n<p>\n                     Merci,  Camille   Dalmas,  en  direct   du   Vatican   pour   RFI.                  <\/p>\n<p>\n                     Le   pape   Fran\u00e7ois   qui   est,   on   le   rappelle,   d\u00e9c\u00e9d\u00e9   ce   matin   apr\u00e8s   une   grave   pneumonie.   C&rsquo;est   donc   la   fin   d&rsquo;un   pontificat   de   douze   ans,   un   pontificat   tourn\u00e9   vers   les   plus   pauvres,   les   minorit\u00e9s,   qui   a   \u00e9videmment   marqu\u00e9   beaucoup   de   pr\u00eatres  et,  notamment,  le   p\u00e8re   Ulrich  Tchicaya,   pr\u00eatre   de   Pointe-Noire,  au   Congo,   de   passage   \u00e0   Paris.                  <\/p>\n<p>\n                     \u00ab Le  pape   Fran\u00e7ois,   je   l&rsquo;ai   rencontr\u00e9   \u00e0   Rome   avec   d&rsquo;autres   pr\u00eatres,   d&rsquo;autres   paroisses   et   d&rsquo;autres   dioc\u00e8ses.   Donc,  nous   \u00e9tions   dans   la   salle   Paul   VI,   l\u00e0   o\u00f9   il   nous   a   adress\u00e9   un   mot   vraiment   tr\u00e8s   tr\u00e8s   tr\u00e8s   chaleureux.   Il   s&rsquo;est   adress\u00e9   aux   servants   d&rsquo;autel.   Et   puis,  quand   il   est   pass\u00e9,   il   nous   a   salu\u00e9s,  tout   \u00e7a,  et   puis   voil\u00e0.  Je  l&rsquo;ai   rencontr\u00e9,   je   lui   ai   m\u00eame   serr\u00e9   la  main.   Une   prise   de   parole   du   pape   Fran\u00e7ois   que   je   peux   retenir,   c&rsquo;est   quand   il   dit,  dans   un   avion,  s&rsquo;adressant   aux   pr\u00eatres :  \u00ab\u00a0Pardonnez  tout.  Pardonnez  tout.\u00a0\u00bb  Un   seul   mot,   r\u00e9sume   le   pape   Fran\u00e7ois,   c&rsquo;est   la   mis\u00e9ricorde,   c&rsquo;est-\u00e0-dire  cet   amour   de   Dieu   qui   passe   par   l&rsquo;amour   du   prochain   et   cette   conscience   que   Dieu   nous   choisit   tels   que   nous   sommes,  en   toute   mis\u00e9ricorde.   Et   c&rsquo;est   lui  qui   nous   rend   bons,   un   peu   comme   on   a   l&rsquo;habitude   de   pr\u00eater   cette   citation-l\u00e0  \u00e0   saint   Augustin,   o\u00f9   on   dit   \u00ab\u00a0Dieu  ne   choisit   pas   les   bons   et   les   capables,   mais   il   rend   bons   et   capables   ceux   qu&rsquo;il   choisit.\u00a0\u00bb  Et,  \u00e7a,   c&rsquo;est   le   pape   Fran\u00e7ois. \u00bb                 <\/p>\n<p>\n                     Des   propos   recueillis   par   \u00c9lisa  F\u00e9liers.                 <\/p>\n<p>\n                     \u00c9videmment,  la  mort   du   pape   Fran\u00e7ois,  \u00e0   l&rsquo;\u00e2ge   de   88   ans,  a   provoqu\u00e9   beaucoup   d&rsquo;\u00e9motion.   Les   dirigeants   du   monde   entier   lui   ont   rendu   hommage   toute   la   journ\u00e9e ;  ceux  de   l&rsquo;Union   europ\u00e9enne,   de   l&rsquo;Organisation   des   Nations   unies,   isra\u00e9lien,  libanais   ou   encore   iranien.  En   Russie,   Vladimir   Poutine   a   pr\u00e9sent\u00e9,  aujourd&rsquo;hui,  ses   sinc\u00e8res   condol\u00e9ances.  Pour  le   patriarche   Kirill,  son  pontificat   a   marqu\u00e9   une   \u00e9tape   importante   dans   les   relations   entre   les   \u00e9glises   catholique  et   orthodoxe  russe.  N\u00e9anmoins,   son   d\u00e9c\u00e8s   n&rsquo;int\u00e9resse   que   peu   les   Russes.   Il   est   loin   de   faire   la   une   des   journaux   dans   le   pays,  peu   pratiquant,  et   o\u00f9   les   catholiques   ne   sont   qu&rsquo;une   minorit\u00e9.   Les   explications   \u00e0   Moscou   d&rsquo;Anissa  El   Jabri.                  <\/p>\n<p>\n                     La  mort   du   pape  Fran\u00e7ois   est,  ce   lundi,   rel\u00e9gu\u00e9e  au   milieu   des   \u00e9ditions  t\u00e9l\u00e9vis\u00e9es,  essentiellement   trait\u00e9e  \u00e0   l&rsquo;aune   du   t\u00e9l\u00e9gramme   de   condol\u00e9ances   de   Vladimir   Poutine ;  t\u00e9l\u00e9gramme  publi\u00e9  sur   le   site   du   Kremlin.   Chaque   phrase   ou   presque   se   lit   \u00e0   travers   le   prisme   de   ce   qui   compte   avant   tout   pour   le   pouvoir :  la   guerre   en   Ukraine.   Comme   celle-ci,  je   cite :  \u00ab Tout  au   long   de   son   pontificat,   il   a   contribu\u00e9   activement   au   d\u00e9veloppement   du   dialogue   entre   les   \u00c9glises  orthodoxe,   russe   et   catholique   romaine,   ainsi   qu&rsquo;\u00e0   une   interaction   constructive   entre   la   Russie   et   le   Saint-Si\u00e8ge. \u00bb  Quand   le   chef   de   l&rsquo;\u00c9tat   russe   parle   d&rsquo;interaction   positive,   il   fait   notamment   r\u00e9f\u00e9rence   \u00e0   la   rencontre   \u00e0   Cuba   entre   le   pape   Fran\u00e7ois   et   le   patriarche   orthodoxe   russe   Kirill   en  f\u00e9vrier   2016.  Lors  de   cette   relance   du   dialogue   interreligieux   et   les  comptes   rendus   qui   ont   suivi,   \u00e0   aucun   moment   le   pape   n&rsquo;a   fait   r\u00e9f\u00e9rence   \u00e0   une   quelconque   responsabilit\u00e9   de   Moscou.   On   \u00e9tait   l\u00e0   deux   ans   apr\u00e8s   l&rsquo;annexion   de   la   Crim\u00e9e   et   la   d\u00e9stabilisation   du   Donbass.   En   revanche,   lors   d&rsquo;un   de   ses   coups   de   fil   au   patriarche   Kirill,  en   mars   2022,   le   pape   Fran\u00e7ois   lui   avait   enjoint,   je   cite,   de   \u00ab ne  pas   se   comporter   en   serviteur   de   Poutine \u00bb.  Une   phrase   consid\u00e9r\u00e9e   comme   tr\u00e8s   insultante   en   Russie.   Le   seul   \u00e9cart,  au   fond,  dans   une   diplomatie   qui   r\u00e9sumait   la   guerre   en   Ukraine   \u00e0   un   conflit   entre   chr\u00e9tiens.  Anissa   El   Jabri,  Moscou,   RFI.                  <\/p>\n<p>\n                     Et   la   classe   politique   fran\u00e7aise,  aussi,  a   vivement   r\u00e9agi.  \u00c0  commencer   par   le   pr\u00e9sident,   le   chef   de   l&rsquo;\u00c9tat,  Emmanuel   Macron.   Rapha\u00ebl   Delvolv\u00e9.                 <\/p>\n<p>\n                     Emmanuel   Macron   venait   de   poser   le   pied   \u00e0   Mayotte,   dans   l&rsquo;oc\u00e9an   Indien,  quand  la   nouvelle   est   venue   de   Rome.  Le  chef   de   l&rsquo;\u00c9tat   met   en   avant   l&rsquo;humanit\u00e9   du   souverain   pontife.                  <\/p>\n<p>\n                     \u00ab Il  a,   durant   tout   son   pontificat,   \u00e9t\u00e9   aux   c\u00f4t\u00e9s   des   plus   vuln\u00e9rables.   \u00c7a   a   \u00e9t\u00e9   la   vocation   d&rsquo;un   homme   qui,   tout   au   long   de   sa   vie,   s&rsquo;est   battu   pour   une   certaine   id\u00e9e   de   l&rsquo;humanit\u00e9,   c&rsquo;est-\u00e0-dire  une   id\u00e9e   fraternelle. \u00bb                 <\/p>\n<p>\n                     Vient   ensuite   le   Premier   ministre   depuis   Paris.  Fran\u00e7ois   Bayrou,  lui-m\u00eame  catholique   pratiquant,   salue   la   volont\u00e9   r\u00e9formatrice   du   pape.                  <\/p>\n<p>\n                     \u00ab Il  n&rsquo;avait   peur   de   rien.   Il   voulait   r\u00e9former   l&rsquo;\u00c9glise,  qu&rsquo;elle   soit   aux   c\u00f4t\u00e9s   des   plus   pauvres.   \u00c7a   a   \u00e9t\u00e9   un   moment   historique   de   basculement   au   sein   de   l&rsquo;\u00c9glise. \u00bb                 <\/p>\n<p>\n                     Dans   les   oppositions,  Marine   Le   Pen   et   Jordan   Bardella,  du   Rassemblement   national,   adressent   sobrement   une   pens\u00e9e   aux   catholiques.   Les   forces   de   gauche, elles,  soulignent   des   aspects   pr\u00e9cis   du   pontificat.   La   cheffe  des   \u00e9cologistes,   Marine   Tondelier,  salue   la   bataille   culturelle   de   Fran\u00e7ois   pour   l&rsquo;environnement,   le   d\u00e9put\u00e9   Alexis   Corbi\u00e8re  son  engagement   pour   les   migrants.                  <\/p>\n<p>\n                     \u00ab Fran\u00e7ois  avait   laiss\u00e9   une   trace   d&rsquo;une   \u00c9glise   sensible   \u00e0   la   souffrance   des   humbles,   notamment   sur   la   question   des   migrants.   J&rsquo;esp\u00e8re   que   celui   qui   le   remplacera   continuera   sur   cette   m\u00eame   trajectoire. \u00bb                 <\/p>\n<p>\n                     Le   pape   Fran\u00e7ois,  ce   sont   aussi   des   appels   \u00e0   cesser   les   conflits.   Le   leader   Insoumis  Jean-Luc   M\u00e9lenchon  lui  reconna\u00eet   une   contribution   pour   les   Palestiniens   de   Gaza.                  <\/p>\n<p>\n                     Les   explications   de   Rapha\u00ebl  Delvolv\u00e9.                 <\/p>\n<p>\n                     Et,  apr\u00e8s   la   mort   du   pape   Fran\u00e7ois,  ce   matin,   les   cardinaux   doivent   se   r\u00e9unir,  demain,  pour   d\u00e9cider   de   la   date   de   ses   fun\u00e9railles.   Elles  se   d\u00e9roulent,  s&rsquo;organisent,  g\u00e9n\u00e9ralement,  entre   le   quatri\u00e8me   et   le   sixi\u00e8me   jour   apr\u00e8s   le   d\u00e9c\u00e8s   et   devraient  donc   avoir   lieu   ce   week-end.  En   attendant,   sa   d\u00e9pouille   sera   expos\u00e9e   dans   la   basilique   Saint-Pierre   \u00e0   partir   de   mercredi.                  <\/p>\n<p>\n                     Notez,  \u00e9galement,  que   la   canonisation \u2013  le  fait   de   nommer   quelqu&rsquo;un   comme   saint \u2013  de   Carlo  Acutis,  qui   \u00e9tait   pr\u00e9vue  dimanche,  a   donc,  finalement,  \u00e9t\u00e9   report\u00e9e.  Carlo  Acutis  reconnu   pour   son   souci   des   autres   et   sa   grande   pi\u00e9t\u00e9.   D\u00e9c\u00e9d\u00e9   d&rsquo;une   leuc\u00e9mie   en   2006,  \u00e0   l&rsquo;\u00e2ge   de   15  ans,  tr\u00e8s  dou\u00e9   avec   Internet,   il   avait   cr\u00e9\u00e9   une   exposition   num\u00e9rique   sur   les   miracles   eucharistiques.                  <\/p>\n<p>\n                     Le   reste   de   l&rsquo;actualit\u00e9,  c&rsquo;est  \u00e9galement   cette   tr\u00eave   pascale \u2013  de   P\u00e2ques \u2013,  qui   n&rsquo;en   a   eu   que   le   nom,  que   Kiev   et   Moscou   se   sont   mutuellement   accus\u00e9s   d&rsquo;avoir   viol\u00e9e,  hier.   La   Russie   a   repris   ses   bombardements,  aujourd&rsquo;hui,  en   Ukraine.  74   lieux   ont   \u00e9t\u00e9   vis\u00e9s,   selon   le   minist\u00e8re   russe   de   la   D\u00e9fense.   Volodymyr   Zelensky,   le   pr\u00e9sident   ukrainien,   a   propos\u00e9,  de   son   c\u00f4t\u00e9,  de   prolonger   de   30   jours   le   cessez-le-feu.  Une   offre   que   Vladimir   Poutine,   son   homologue   russe,   va   analyser,   \u00e9tudier.   Il   a   indiqu\u00e9,  cet   apr\u00e8s-midi,  que   des   discussions   bilat\u00e9rales \u2013  c&rsquo;est-\u00e0-dire  entre   les   deux   pays \u2013  pourront   avoir   lieu.   C&rsquo;est   dans   ce   contexte   que   Donald   Trump,   le   pr\u00e9sident   am\u00e9ricain,   lui,  a   dit,  dans   un   message   post\u00e9   sur   ses   r\u00e9seaux   sociaux,  esp\u00e9rer   un   accord   dans   la   semaine   entre   l&rsquo;Ukraine   et   la   Russie.                  <\/p>\n<p>\n                     Il   est   16   heures  09   en   temps   universel.                  <\/p>\n","protected":false},"excerpt":{"rendered":"Il est 18 heures \u00e0 Paris et Rome 16 heures en temps universel. Merci d&rsquo;\u00e9couter RFI. C&rsquo;est l&rsquo;heure&hellip;\n","protected":false},"author":2,"featured_media":42707,"comment_status":"","ping_status":"","sticky":false,"template":"","format":"standard","meta":{"footnotes":""},"categories":[1591],"tags":[47,11,1887,3535,10342,12,1885,1886,132],"class_list":{"0":"post-42706","1":"post","2":"type-post","3":"status-publish","4":"format-standard","5":"has-post-thumbnail","7":"category-russie","8":"tag-actualite","9":"tag-actualites","10":"tag-federation-de-russie","11":"tag-geopolitique","12":"tag-journal-en-francais-facile","13":"tag-news","14":"tag-russia","15":"tag-russian-federation","16":"tag-russie"},"share_on_mastodon":{"url":"https:\/\/pubeurope.com\/@fr\/114378733414051398","error":""},"_links":{"self":[{"href":"https:\/\/www.europesays.com\/fr\/wp-json\/wp\/v2\/posts\/42706","targetHints":{"allow":["GET"]}}],"collection":[{"href":"https:\/\/www.europesays.com\/fr\/wp-json\/wp\/v2\/posts"}],"about":[{"href":"https:\/\/www.europesays.com\/fr\/wp-json\/wp\/v2\/types\/post"}],"author":[{"embeddable":true,"href":"https:\/\/www.europesays.com\/fr\/wp-json\/wp\/v2\/users\/2"}],"replies":[{"embeddable":true,"href":"https:\/\/www.europesays.com\/fr\/wp-json\/wp\/v2\/comments?post=42706"}],"version-history":[{"count":0,"href":"https:\/\/www.europesays.com\/fr\/wp-json\/wp\/v2\/posts\/42706\/revisions"}],"wp:featuredmedia":[{"embeddable":true,"href":"https:\/\/www.europesays.com\/fr\/wp-json\/wp\/v2\/media\/42707"}],"wp:attachment":[{"href":"https:\/\/www.europesays.com\/fr\/wp-json\/wp\/v2\/media?parent=42706"}],"wp:term":[{"taxonomy":"category","embeddable":true,"href":"https:\/\/www.europesays.com\/fr\/wp-json\/wp\/v2\/categories?post=42706"},{"taxonomy":"post_tag","embeddable":true,"href":"https:\/\/www.europesays.com\/fr\/wp-json\/wp\/v2\/tags?post=42706"}],"curies":[{"name":"wp","href":"https:\/\/api.w.org\/{rel}","templated":true}]}}