{"id":427062,"date":"2025-09-29T21:43:32","date_gmt":"2025-09-29T21:43:32","guid":{"rendered":"https:\/\/www.europesays.com\/fr\/427062\/"},"modified":"2025-09-29T21:43:32","modified_gmt":"2025-09-29T21:43:32","slug":"concert-last-train-a-rouen-2026","status":"publish","type":"post","link":"https:\/\/www.europesays.com\/fr\/427062\/","title":{"rendered":"Concert Last Train \u00e0 Rouen 2026"},"content":{"rendered":"<p class=\"fw-bold font-size-16 my-1\"> Le 19\/02\/2026<\/p>\n<p class=\"fw-bold font-size-16 my-1\"> <a class=\"mr-2\" href=\"https:\/\/www.jds.fr\/rouen\/salle-de-concert\/le-106-16700_L\" rel=\"nofollow noopener\" target=\"_blank\">Le 106<\/a> | <a href=\"https:\/\/www.jds.fr\/rouen\/\" rel=\"nofollow noopener\" target=\"_blank\">Rouen<\/a><\/p>\n<p class=\"fw-bold font-size-16 my-1\"> <a href=\"https:\/\/www.jds.fr\/artistes\/last-train-18381_N\" rel=\"nofollow noopener\" target=\"_blank\">Last Train : dates de la tourn\u00e9e<\/a><\/p>\n<p class=\"fw-bold font-size-16 my-1\"> A partir de 28,50 \u20ac <\/p>\n<p class=\"intro\">Last Train en concert \u00e0 Rouen (Le 106 ), le 19 f\u00e9vrier 2026. Toutes les informations pratiques (tarifs, billetterie, plan de salle) pour ce concert sont \u00e0 retrouver sur cette page. R\u00e9servez d\u00e8s maintenant vos places pour assister \u00e0 ce <a href=\"https:\/\/www.jds.fr\/rouen\/agenda\/musique-et-concerts-96_B\" rel=\"nofollow noopener\" target=\"_blank\">concert \u00e0 Rouen<\/a>\u00a0!<\/p>\n<p><img decoding=\"async\" loading=\"lazy\" src=\"https:\/\/www.europesays.com\/fr\/wp-content\/uploads\/2025\/09\/last-train-tickets_331171_2853994_222x222.jpg\" alt=\"Last Train\" class=\"border\"\/><\/p>\n<p>Le concert de Last Train \u00e0 Rouen en 2026<\/p>\n<p>Last Train en concert \u00e0 Rouen (Le 106) jeudi 19 F\u00e9vrier 2026 \u00e0 19h30.<\/p>\n<p>Last Train est un groupe incontournable sur la sc\u00e8ne rock fran\u00e7aise, r\u00e9put\u00e9 pour ses performances live \u00e9lectrisantes qui captivent les foules \u00e0 chaque concert. Leur \u00e9nergie brute et leur son puissant cr\u00e9ent une exp\u00e9rience musicale inoubliable, s\u00e9duisant les amateurs de rock de tous horizons. En concert, Last Train parvient \u00e0 allier sophistication musicale et passion d\u00e9brid\u00e9e, offrant des moments de pure intensit\u00e9. Avec des morceaux embl\u00e9matiques et des improvisations audacieuses, le groupe s&rsquo;affirme comme une pr\u00e9sence magn\u00e9tique sur sc\u00e8ne. Leur talent pour cr\u00e9er une atmosph\u00e8re d&rsquo;immersion totale permet \u00e0 chaque spectateur de vivre une v\u00e9ritable communion avec la musique, rendant chaque concert de Last Train unique en son genre.<\/p>\n<p class=\"mise_en_avant\">Last Train est r\u00e9guli\u00e8rement en tourn\u00e9e dans toute la France\u00a0: retrouvez les <a href=\"https:\/\/www.jds.fr\/artistes\/last-train-18381_N\" class=\"tde-underline\" rel=\"nofollow noopener\" target=\"_blank\">dates des prochains concerts de Last Train<\/a> pr\u00e8s de chez vous.<\/p>\n<p>Last Train<\/p>\n<p>Dans la m\u00eame rubrique<\/p>\n<ul class=\"mt-3 list-unstyled list-articles-v2\">\n<li class=\"col-12 pt-4\" data-view-id-type=\"1\" data-view-id=\"842734\" data-view-bc=\"0\"><a class=\"d-block titre text-black mb-1 mb-md-2\" href=\"https:\/\/www.jds.fr\/rouen\/concerts\/pop-folk\/eivor-asgeir-842734_A\" rel=\"nofollow noopener\" target=\"_blank\">Eiv\u00f8r + \u00e1sgeir<\/a>Le 01\/10\/2025<a href=\"https:\/\/www.jds.fr\/rouen\/salle-de-concert\/le-106-16700_L\" class=\"lieu font-size-14 text-gray-700 d-block lh-sm my-1\" rel=\"nofollow noopener\" target=\"_blank\"> Le 106 &#8211; Rouen<\/a>Eiv\u00f8r + \u00e1sgeir en concert \u00e0 Rouen (Le 106 ), le 1 octobre 2025. Toutes les informations pratiques (tarifs, billetterie, plan de salle) pour ce concert sont \u00e0 retrouver sur [\u2026]<a class=\"image\" href=\"https:\/\/www.jds.fr\/rouen\/concerts\/pop-folk\/eivor-asgeir-842734_A\" rel=\"nofollow noopener\" target=\"_blank\"><img decoding=\"async\" loading=\"lazy\" src=\"https:\/\/www.europesays.com\/fr\/wp-content\/uploads\/2025\/09\/1759182203_265_\" width=\"180\" height=\"180\" alt=\"Eiv\u00f8r + \u00e1sgeir\"\/><\/a><\/li>\n<li class=\"col-12 pt-4\" data-view-id-type=\"1\" data-view-id=\"823158\" data-view-bc=\"0\"><a class=\"d-block titre text-black mb-1 mb-md-2\" href=\"https:\/\/www.jds.fr\/rouen\/concerts\/pop-folk\/hooverphonic-823158_A\" rel=\"nofollow noopener\" target=\"_blank\">Hooverphonic<\/a>Le 04\/10\/2025<a href=\"https:\/\/www.jds.fr\/rouen\/salle-de-concert\/le-106-16700_L\" class=\"lieu font-size-14 text-gray-700 d-block lh-sm my-1\" rel=\"nofollow noopener\" target=\"_blank\"> Le 106 &#8211; Rouen<\/a>Hooverphonic en concert \u00e0 Rouen (Le 106 ), le 4 octobre 2025. Toutes les informations pratiques (tarifs, billetterie, plan de salle) pour ce concert sont \u00e0 retrouver sur cette [\u2026]<a class=\"image\" href=\"https:\/\/www.jds.fr\/rouen\/concerts\/pop-folk\/hooverphonic-823158_A\" rel=\"nofollow noopener\" target=\"_blank\"><img decoding=\"async\" loading=\"lazy\" src=\"https:\/\/www.europesays.com\/fr\/wp-content\/uploads\/2025\/09\/1759182203_255_\" width=\"180\" height=\"180\" alt=\"Hooverphonic\"\/><\/a><\/li>\n<li class=\"li_gp_div\">\n<\/li>\n<li class=\"col-12 pt-4\" data-view-id-type=\"1\" data-view-id=\"870381\" data-view-bc=\"0\"><a class=\"d-block titre text-black mb-1 mb-md-2\" href=\"https:\/\/www.jds.fr\/rouen\/concerts\/pop-folk\/pogo-car-crash-control-tournee-870381_A\" rel=\"nofollow noopener\" target=\"_blank\">Pogo Car Crash Control (tourn\u00e9e)<\/a>Le 09\/10\/2025<a href=\"https:\/\/www.jds.fr\/rouen\/salle-de-concert\/le-106-16700_L\" class=\"lieu font-size-14 text-gray-700 d-block lh-sm my-1\" rel=\"nofollow noopener\" target=\"_blank\"> Le 106 &#8211; Rouen<\/a>Pogo Car Crash Control (tourn\u00e9e) en concert \u00e0 Rouen (Le 106 ), le 9 octobre 2025. Toutes les informations pratiques (tarifs, billetterie, plan de salle) pour ce concert sont \u00e0 [\u2026]<a class=\"image\" href=\"https:\/\/www.jds.fr\/rouen\/concerts\/pop-folk\/pogo-car-crash-control-tournee-870381_A\" rel=\"nofollow noopener\" target=\"_blank\"><img decoding=\"async\" loading=\"lazy\" src=\"https:\/\/www.europesays.com\/fr\/wp-content\/uploads\/2025\/09\/1759182204_987_\" width=\"180\" height=\"180\" alt=\"Pogo Car Crash Control (tourn\u00e9e)\"\/><\/a><\/li>\n<li class=\"col-12 pt-4\" data-view-id-type=\"1\" data-view-id=\"825833\" data-view-bc=\"0\"><a class=\"d-block titre text-black mb-1 mb-md-2\" href=\"https:\/\/www.jds.fr\/rouen\/concerts\/pop-folk\/malik-djoudi-tournee-825833_A\" rel=\"nofollow noopener\" target=\"_blank\">Malik Djoudi &#8211; Tourn\u00e9e<\/a>Le 10\/10\/2025<a href=\"https:\/\/www.jds.fr\/rouen\/salle-de-concert\/le-106-16700_L\" class=\"lieu font-size-14 text-gray-700 d-block lh-sm my-1\" rel=\"nofollow noopener\" target=\"_blank\"> Le 106 &#8211; Rouen<\/a>Malik Djoudi &#8211; Tourn\u00e9e en concert \u00e0 Rouen (Le 106 ), le 10 octobre 2025. Toutes les informations pratiques (tarifs, billetterie, plan de salle) pour ce concert sont \u00e0 retrouver [\u2026]<a class=\"image\" href=\"https:\/\/www.jds.fr\/rouen\/concerts\/pop-folk\/malik-djoudi-tournee-825833_A\" rel=\"nofollow noopener\" target=\"_blank\"><img decoding=\"async\" loading=\"lazy\" src=\"https:\/\/www.europesays.com\/fr\/wp-content\/uploads\/2025\/09\/1759182204_233_\" width=\"180\" height=\"180\" alt=\"Malik Djoudi - Tourn\u00e9e\"\/><\/a><\/li>\n<li class=\"col-12 pt-4\" data-view-id-type=\"1\" data-view-id=\"909867\" data-view-bc=\"0\"><a class=\"d-block titre text-black mb-1 mb-md-2\" href=\"https:\/\/www.jds.fr\/rouen\/concerts\/pop-folk\/rainbow-girls-909867_A\" rel=\"nofollow noopener\" target=\"_blank\">Rainbow Girls<\/a>Le 14\/10\/2025<a href=\"https:\/\/www.jds.fr\/rouen\/salle-de-concert\/le-106-16700_L\" class=\"lieu font-size-14 text-gray-700 d-block lh-sm my-1\" rel=\"nofollow noopener\" target=\"_blank\"> Le 106 &#8211; Rouen<\/a>Rainbow Girls en concert \u00e0 Rouen (Le 106 ), le 14 octobre 2025. Toutes les informations pratiques (tarifs, billetterie, plan de salle) pour ce concert sont \u00e0 retrouver sur cette [\u2026]<a class=\"image\" href=\"https:\/\/www.jds.fr\/rouen\/concerts\/pop-folk\/rainbow-girls-909867_A\" rel=\"nofollow noopener\" target=\"_blank\"><img decoding=\"async\" loading=\"lazy\" src=\"https:\/\/www.europesays.com\/fr\/wp-content\/uploads\/2025\/09\/1759182205_500_\" width=\"180\" height=\"180\" alt=\"Rainbow Girls\"\/><\/a><\/li>\n<li class=\"li_gp_div li_gp_div_infeed\"\/>\n<li class=\"col-12 pt-4\" data-view-id-type=\"1\" data-view-id=\"891952\" data-view-bc=\"0\"><a class=\"d-block titre text-black mb-1 mb-md-2\" href=\"https:\/\/www.jds.fr\/rouen\/concerts\/pop-folk\/vendredi-sur-mer-tournee-891952_A\" rel=\"nofollow noopener\" target=\"_blank\">Vendredi sur Mer &#8211; Tourn\u00e9e<\/a>Le 16\/10\/2025<a href=\"https:\/\/www.jds.fr\/rouen\/salle-de-concert\/le-106-16700_L\" class=\"lieu font-size-14 text-gray-700 d-block lh-sm my-1\" rel=\"nofollow noopener\" target=\"_blank\"> Le 106 &#8211; Rouen<\/a>Vendredi sur Mer &#8211; Tourn\u00e9e en concert \u00e0 Rouen (Le 106 ), le 16 octobre 2025. Toutes les informations pratiques (tarifs, billetterie, plan de salle) pour ce concert sont \u00e0 [\u2026]<a class=\"image\" href=\"https:\/\/www.jds.fr\/rouen\/concerts\/pop-folk\/vendredi-sur-mer-tournee-891952_A\" rel=\"nofollow noopener\" target=\"_blank\"><img decoding=\"async\" loading=\"lazy\" src=\"https:\/\/www.europesays.com\/fr\/wp-content\/uploads\/2025\/09\/1759182206_583_\" width=\"180\" height=\"180\" alt=\"Vendredi sur Mer - Tourn\u00e9e\"\/><\/a><\/li>\n<li class=\"col-12 pt-4\" data-view-id-type=\"1\" data-view-id=\"1020590\" data-view-bc=\"0\"><a class=\"d-block titre text-black mb-1 mb-md-2\" href=\"https:\/\/www.jds.fr\/rouen\/concerts\/pop-folk\/gyasi-the-5-6-7-8-s-1020590_A\" rel=\"nofollow noopener\" target=\"_blank\">Gyasi + The 5,6,7,8&rsquo;S<\/a>Le 18\/10\/2025<a href=\"https:\/\/www.jds.fr\/rouen\/salle-de-concert\/le-106-16700_L\" class=\"lieu font-size-14 text-gray-700 d-block lh-sm my-1\" rel=\"nofollow noopener\" target=\"_blank\"> Le 106 &#8211; Rouen<\/a>Gyasi + The 5,6,7,8&rsquo;S en concert \u00e0 Rouen (Le 106 ), le 18 octobre 2025. Toutes les informations pratiques (tarifs, billetterie, plan de salle) pour ce concert sont \u00e0 retrouver [\u2026]<a class=\"image\" href=\"https:\/\/www.jds.fr\/rouen\/concerts\/pop-folk\/gyasi-the-5-6-7-8-s-1020590_A\" rel=\"nofollow noopener\" target=\"_blank\"><img decoding=\"async\" loading=\"lazy\" src=\"https:\/\/www.europesays.com\/fr\/wp-content\/uploads\/2025\/09\/1759182206_226_\" width=\"180\" height=\"180\" alt=\"Gyasi + The 5,6,7,8'S\"\/><\/a><\/li>\n<li class=\"col-12 pt-4\" data-view-id-type=\"1\" data-view-id=\"995580\" data-view-bc=\"0\"><a class=\"d-block titre text-black mb-1 mb-md-2\" href=\"https:\/\/www.jds.fr\/rouen\/concerts\/pop-folk\/the-boo-radleys-995580_A\" rel=\"nofollow noopener\" target=\"_blank\">The Boo Radleys<\/a>Le 30\/10\/2025<a href=\"https:\/\/www.jds.fr\/rouen\/salle-de-concert\/le-106-16700_L\" class=\"lieu font-size-14 text-gray-700 d-block lh-sm my-1\" rel=\"nofollow noopener\" target=\"_blank\"> Le 106 &#8211; Rouen<\/a>The Boo Radleys en concert \u00e0 Rouen (Le 106 ), le 30 octobre 2025. Toutes les informations pratiques (tarifs, billetterie, plan de salle) pour ce concert sont \u00e0 retrouver sur [\u2026]<a class=\"image\" href=\"https:\/\/www.jds.fr\/rouen\/concerts\/pop-folk\/the-boo-radleys-995580_A\" rel=\"nofollow noopener\" target=\"_blank\"><img decoding=\"async\" loading=\"lazy\" src=\"https:\/\/www.europesays.com\/fr\/wp-content\/uploads\/2025\/09\/1759182206_998_\" width=\"180\" height=\"180\" alt=\"The Boo Radleys\"\/><\/a><\/li>\n<li class=\"col-12 pt-4\" data-view-id-type=\"1\" data-view-id=\"1013243\" data-view-bc=\"0\"><a class=\"d-block titre text-black mb-1 mb-md-2\" href=\"https:\/\/www.jds.fr\/rouen\/concerts\/pop-folk\/panda-bear-1013243_A\" rel=\"nofollow noopener\" target=\"_blank\">Panda Bear<\/a>Le 31\/10\/2025<a href=\"https:\/\/www.jds.fr\/rouen\/salle-de-concert\/le-106-16700_L\" class=\"lieu font-size-14 text-gray-700 d-block lh-sm my-1\" rel=\"nofollow noopener\" target=\"_blank\"> Le 106 &#8211; Rouen<\/a>Panda Bear en concert \u00e0 Rouen (Le 106 ), le 31 octobre 2025. Toutes les informations pratiques (tarifs, billetterie, plan de salle) pour ce concert sont \u00e0 retrouver sur cette [\u2026]<a class=\"image\" href=\"https:\/\/www.jds.fr\/rouen\/concerts\/pop-folk\/panda-bear-1013243_A\" rel=\"nofollow noopener\" target=\"_blank\"><img decoding=\"async\" loading=\"lazy\" src=\"https:\/\/www.europesays.com\/fr\/wp-content\/uploads\/2025\/09\/1759182207_564_\" width=\"180\" height=\"180\" alt=\"Panda Bear\"\/><\/a><\/li>\n<li class=\"li_gp_div li_gp_div_infeed\"\/>\n<li class=\"col-12 pt-4\" data-view-id-type=\"1\" data-view-id=\"848165\" data-view-bc=\"0\"><a class=\"d-block titre text-black mb-1 mb-md-2\" href=\"https:\/\/www.jds.fr\/rouen\/concerts\/pop-folk\/patrick-watson-848165_A\" rel=\"nofollow noopener\" target=\"_blank\">Patrick Watson<\/a>Le 01\/11\/2025<a href=\"https:\/\/www.jds.fr\/rouen\/salle-de-concert\/le-106-16700_L\" class=\"lieu font-size-14 text-gray-700 d-block lh-sm my-1\" rel=\"nofollow noopener\" target=\"_blank\"> Le 106 &#8211; Rouen<\/a>Patrick Watson en concert \u00e0 Rouen (Le 106 ), le 1 novembre 2025. Toutes les informations pratiques (tarifs, billetterie, plan de salle) pour ce concert sont \u00e0 retrouver sur cette [\u2026]<a class=\"image\" href=\"https:\/\/www.jds.fr\/rouen\/concerts\/pop-folk\/patrick-watson-848165_A\" rel=\"nofollow noopener\" target=\"_blank\"><img decoding=\"async\" loading=\"lazy\" src=\"https:\/\/www.europesays.com\/fr\/wp-content\/uploads\/2025\/09\/1759182207_839_\" width=\"180\" height=\"180\" alt=\"Patrick Watson\"\/><\/a><\/li>\n<li class=\"col-12 pt-4\" data-view-id-type=\"1\" data-view-id=\"886274\" data-view-bc=\"0\"><a class=\"d-block titre text-black mb-1 mb-md-2\" href=\"https:\/\/www.jds.fr\/rouen\/concerts\/pop-folk\/lloyd-cole-solo-show-deux-sets-tournee-886274_A\" rel=\"nofollow noopener\" target=\"_blank\">Lloyd Cole &#8211; Solo Show, Deux Sets &#8211; Tourn\u00e9e<\/a>Le 07\/11\/2025<a href=\"https:\/\/www.jds.fr\/rouen\/salle-de-concert\/le-106-16700_L\" class=\"lieu font-size-14 text-gray-700 d-block lh-sm my-1\" rel=\"nofollow noopener\" target=\"_blank\"> Le 106 &#8211; Rouen<\/a>Lloyd Cole &#8211; Solo Show, Deux Sets &#8211; Tourn\u00e9e en concert \u00e0 Rouen (Le 106 ), le 7 novembre 2025. Toutes les informations pratiques (tarifs, billetterie, plan de salle) pour ce [\u2026]<a class=\"image\" href=\"https:\/\/www.jds.fr\/rouen\/concerts\/pop-folk\/lloyd-cole-solo-show-deux-sets-tournee-886274_A\" rel=\"nofollow noopener\" target=\"_blank\"><img decoding=\"async\" loading=\"lazy\" src=\"https:\/\/www.europesays.com\/fr\/wp-content\/uploads\/2025\/09\/1759182208_600_\" width=\"180\" height=\"180\" alt=\"Lloyd Cole - Solo Show, Deux Sets - Tourn\u00e9e\"\/><\/a><\/li>\n<li class=\"col-12 pt-4\" data-view-id-type=\"1\" data-view-id=\"1140708\" data-view-bc=\"0\"><a class=\"d-block titre text-black mb-1 mb-md-2\" href=\"https:\/\/www.jds.fr\/rouen\/concerts\/pop-folk\/jon-spencer-1140708_A\" rel=\"nofollow noopener\" target=\"_blank\">Jon Spencer<\/a>Le 12\/11\/2025<a href=\"https:\/\/www.jds.fr\/rouen\/salle-de-concert\/le-106-16700_L\" class=\"lieu font-size-14 text-gray-700 d-block lh-sm my-1\" rel=\"nofollow noopener\" target=\"_blank\"> Le 106 &#8211; Rouen<\/a>Jon Spencer en concert \u00e0 Rouen (Le 106 ), le 12 novembre 2025. Toutes les informations pratiques (tarifs, billetterie, plan de salle) pour ce concert sont \u00e0 retrouver sur cette [\u2026]<a class=\"image\" href=\"https:\/\/www.jds.fr\/rouen\/concerts\/pop-folk\/jon-spencer-1140708_A\" rel=\"nofollow noopener\" target=\"_blank\"><img decoding=\"async\" loading=\"lazy\" src=\"https:\/\/www.europesays.com\/fr\/wp-content\/uploads\/2025\/09\/1759182209_913_\" width=\"180\" height=\"180\" alt=\"Jon Spencer\"\/><\/a><\/li>\n<li class=\"col-12 pt-4\" data-view-id-type=\"1\" data-view-id=\"912106\" data-view-bc=\"0\"><a class=\"d-block titre text-black mb-1 mb-md-2\" href=\"https:\/\/www.jds.fr\/rouen\/concerts\/pop-folk\/herman-dune-912106_A\" rel=\"nofollow noopener\" target=\"_blank\">Herman Dune<\/a>Le 15\/11\/2025<a href=\"https:\/\/www.jds.fr\/rouen\/salle-de-concert\/le-106-16700_L\" class=\"lieu font-size-14 text-gray-700 d-block lh-sm my-1\" rel=\"nofollow noopener\" target=\"_blank\"> Le 106 &#8211; Rouen<\/a>Herman Dune en concert \u00e0 Rouen (Le 106 ), le 15 novembre 2025. Toutes les informations pratiques (tarifs, billetterie, plan de salle) pour ce concert sont \u00e0 retrouver sur cette [\u2026]<a class=\"image\" href=\"https:\/\/www.jds.fr\/rouen\/concerts\/pop-folk\/herman-dune-912106_A\" rel=\"nofollow noopener\" target=\"_blank\"><img decoding=\"async\" loading=\"lazy\" src=\"https:\/\/www.europesays.com\/fr\/wp-content\/uploads\/2025\/09\/1759182209_909_\" width=\"180\" height=\"180\" alt=\"Herman Dune\"\/><\/a><\/li>\n<li class=\"li_gp_div li_gp_div_infeed\"\/>\n<li class=\"col-12 pt-4\" data-view-id-type=\"1\" data-view-id=\"989740\" data-view-bc=\"0\"><a class=\"d-block titre text-black mb-1 mb-md-2\" href=\"https:\/\/www.jds.fr\/rouen\/concerts\/pop-folk\/fredrika-stahl-et-orchestre-989740_A\" rel=\"nofollow noopener\" target=\"_blank\">Fredrika Stahl &amp; Orchestre<\/a>Le 20\/11\/2025<a href=\"https:\/\/www.jds.fr\/rouen\/salle-de-concert\/le-106-16700_L\" class=\"lieu font-size-14 text-gray-700 d-block lh-sm my-1\" rel=\"nofollow noopener\" target=\"_blank\"> Le 106 &#8211; Rouen<\/a>Fredrika Stahl &amp; Orchestre en concert \u00e0 Rouen (Le 106 ), le 20 novembre 2025. Toutes les informations pratiques (tarifs, billetterie, plan de salle) pour ce concert sont \u00e0 [\u2026]<a class=\"image\" href=\"https:\/\/www.jds.fr\/rouen\/concerts\/pop-folk\/fredrika-stahl-et-orchestre-989740_A\" rel=\"nofollow noopener\" target=\"_blank\"><img decoding=\"async\" loading=\"lazy\" src=\"https:\/\/www.europesays.com\/fr\/wp-content\/uploads\/2025\/09\/1759182210_534_\" width=\"180\" height=\"180\" alt=\"Fredrika Stahl &amp; Orchestre\"\/><\/a><\/li>\n<li class=\"col-12 pt-4\" data-view-id-type=\"1\" data-view-id=\"983658\" data-view-bc=\"0\"><a class=\"d-block titre text-black mb-1 mb-md-2\" href=\"https:\/\/www.jds.fr\/rouen\/concerts\/pop-folk\/black-rebel-motorcycle-club-983658_A\" rel=\"nofollow noopener\" target=\"_blank\">Black Rebel Motorcycle Club<\/a>Le 02\/12\/2025<a href=\"https:\/\/www.jds.fr\/rouen\/salle-de-concert\/le-106-16700_L\" class=\"lieu font-size-14 text-gray-700 d-block lh-sm my-1\" rel=\"nofollow noopener\" target=\"_blank\"> Le 106 &#8211; Rouen<\/a>Black Rebel Motorcycle Club en concert \u00e0 Rouen (Le 106 ), le 2 d\u00e9cembre 2025. Toutes les informations pratiques (tarifs, billetterie, plan de salle) pour ce concert sont \u00e0 [\u2026]<a class=\"image\" href=\"https:\/\/www.jds.fr\/rouen\/concerts\/pop-folk\/black-rebel-motorcycle-club-983658_A\" rel=\"nofollow noopener\" target=\"_blank\"><img decoding=\"async\" loading=\"lazy\" src=\"https:\/\/www.europesays.com\/fr\/wp-content\/uploads\/2025\/09\/1759182210_504_\" width=\"180\" height=\"180\" alt=\"Black Rebel Motorcycle Club\"\/><\/a><\/li>\n<li class=\"col-12 pt-4\" data-view-id-type=\"1\" data-view-id=\"837209\" data-view-bc=\"0\"><a class=\"d-block titre text-black mb-1 mb-md-2\" href=\"https:\/\/www.jds.fr\/rouen\/concerts\/pop-folk\/charlie-winston-tournee-837209_A\" rel=\"nofollow noopener\" target=\"_blank\">Charlie Winston &#8211; Tourn\u00e9e<\/a>Le 05\/12\/2025<a href=\"https:\/\/www.jds.fr\/rouen\/salle-de-concert\/le-106-16700_L\" class=\"lieu font-size-14 text-gray-700 d-block lh-sm my-1\" rel=\"nofollow noopener\" target=\"_blank\"> Le 106 &#8211; Rouen<\/a>Charlie Winston &#8211; Tourn\u00e9e en concert \u00e0 Rouen (Le 106 ), le 5 d\u00e9cembre 2025. Toutes les informations pratiques (tarifs, billetterie, plan de salle) pour ce concert sont \u00e0 [\u2026]<a class=\"image\" href=\"https:\/\/www.jds.fr\/rouen\/concerts\/pop-folk\/charlie-winston-tournee-837209_A\" rel=\"nofollow noopener\" target=\"_blank\"><img decoding=\"async\" loading=\"lazy\" src=\"https:\/\/www.europesays.com\/fr\/wp-content\/uploads\/2025\/09\/1759182211_116_\" width=\"180\" height=\"180\" alt=\"Charlie Winston - Tourn\u00e9e\"\/><\/a><\/li>\n<li class=\"col-12 pt-4\" data-view-id-type=\"1\" data-view-id=\"848099\" data-view-bc=\"0\"><a class=\"d-block titre text-black mb-1 mb-md-2\" href=\"https:\/\/www.jds.fr\/rouen\/concerts\/pop-folk\/lucky-love-tournee-848099_A\" rel=\"nofollow noopener\" target=\"_blank\">Lucky Love &#8211; Tourn\u00e9e<\/a>Le 12\/12\/2025<a href=\"https:\/\/www.jds.fr\/rouen\/salle-de-concert\/le-106-16700_L\" class=\"lieu font-size-14 text-gray-700 d-block lh-sm my-1\" rel=\"nofollow noopener\" target=\"_blank\"> Le 106 &#8211; Rouen<\/a>Lucky Love &#8211; Tourn\u00e9e en concert \u00e0 Rouen (Le 106 ), le 12 d\u00e9cembre 2025. Toutes les informations pratiques (tarifs, billetterie, plan de salle) pour ce concert sont \u00e0 retrouver [\u2026]<a class=\"image\" href=\"https:\/\/www.jds.fr\/rouen\/concerts\/pop-folk\/lucky-love-tournee-848099_A\" rel=\"nofollow noopener\" target=\"_blank\"><img decoding=\"async\" loading=\"lazy\" src=\"https:\/\/www.europesays.com\/fr\/wp-content\/uploads\/2025\/09\/1759182211_469_\" width=\"180\" height=\"180\" alt=\"Lucky Love - Tourn\u00e9e\"\/><\/a><\/li>\n<li class=\"li_gp_div li_gp_div_infeed\"\/>\n<li class=\"col-12 pt-4\" data-view-id-type=\"1\" data-view-id=\"1102144\" data-view-bc=\"0\"><a class=\"d-block titre text-black mb-1 mb-md-2\" href=\"https:\/\/www.jds.fr\/rouen\/concerts\/pop-folk\/ysee-et-la-traversee-du-monde-pointu-1102144_A\" rel=\"nofollow noopener\" target=\"_blank\">Ys\u00e9e et la Travers\u00e9e du Monde Pointu<\/a>Le 14\/12\/2025<a href=\"https:\/\/www.jds.fr\/rouen\/salle-de-concert\/le-106-16700_L\" class=\"lieu font-size-14 text-gray-700 d-block lh-sm my-1\" rel=\"nofollow noopener\" target=\"_blank\"> Le 106 &#8211; Rouen<\/a>Ys\u00e9e et la Travers\u00e9e du Monde Pointu en concert \u00e0 Rouen (Le 106 ), le 14 d\u00e9cembre 2025. Toutes les informations pratiques (tarifs, billetterie, plan de salle) pour ce concert [\u2026]<a class=\"image\" href=\"https:\/\/www.jds.fr\/rouen\/concerts\/pop-folk\/ysee-et-la-traversee-du-monde-pointu-1102144_A\" rel=\"nofollow noopener\" target=\"_blank\"><img decoding=\"async\" loading=\"lazy\" src=\"https:\/\/www.europesays.com\/fr\/wp-content\/uploads\/2025\/09\/1759182212_325_\" width=\"180\" height=\"180\" alt=\"Ys\u00e9e et la Travers\u00e9e du Monde Pointu\"\/><\/a><\/li>\n<\/ul>\n<p class=\"font-size-30 fw-bold lh-1 mt-0 mb-4\">Je trouve les meilleures sorties dans ma ville<\/p>\n<p class=\"mt-0 mb-3 h2\">Newsletter JDS Rouen<\/p>\n<p class=\"font-size-18 fw-normal lh-sm\">Pr\u00eat pour un week-end de folie\u00a0? Chaque jeudi tous les bons plans sorties<\/p>\n","protected":false},"excerpt":{"rendered":"Le 19\/02\/2026 Le 106 | Rouen Last Train : dates de la tourn\u00e9e A partir de 28,50 \u20ac&hellip;\n","protected":false},"author":2,"featured_media":427063,"comment_status":"","ping_status":"","sticky":false,"template":"","format":"standard","meta":{"footnotes":""},"categories":[9587],"tags":[1111,11,1777,674,1011,27,12,5161,25,9590],"class_list":{"0":"post-427062","1":"post","2":"type-post","3":"status-publish","4":"format-standard","5":"has-post-thumbnail","7":"category-rouen","8":"tag-actu","9":"tag-actualites","10":"tag-eu","11":"tag-europe","12":"tag-fr","13":"tag-france","14":"tag-news","15":"tag-normandie","16":"tag-republique-francaise","17":"tag-rouen"},"share_on_mastodon":{"url":"https:\/\/pubeurope.com\/@fr\/115289773556410261","error":""},"_links":{"self":[{"href":"https:\/\/www.europesays.com\/fr\/wp-json\/wp\/v2\/posts\/427062","targetHints":{"allow":["GET"]}}],"collection":[{"href":"https:\/\/www.europesays.com\/fr\/wp-json\/wp\/v2\/posts"}],"about":[{"href":"https:\/\/www.europesays.com\/fr\/wp-json\/wp\/v2\/types\/post"}],"author":[{"embeddable":true,"href":"https:\/\/www.europesays.com\/fr\/wp-json\/wp\/v2\/users\/2"}],"replies":[{"embeddable":true,"href":"https:\/\/www.europesays.com\/fr\/wp-json\/wp\/v2\/comments?post=427062"}],"version-history":[{"count":0,"href":"https:\/\/www.europesays.com\/fr\/wp-json\/wp\/v2\/posts\/427062\/revisions"}],"wp:featuredmedia":[{"embeddable":true,"href":"https:\/\/www.europesays.com\/fr\/wp-json\/wp\/v2\/media\/427063"}],"wp:attachment":[{"href":"https:\/\/www.europesays.com\/fr\/wp-json\/wp\/v2\/media?parent=427062"}],"wp:term":[{"taxonomy":"category","embeddable":true,"href":"https:\/\/www.europesays.com\/fr\/wp-json\/wp\/v2\/categories?post=427062"},{"taxonomy":"post_tag","embeddable":true,"href":"https:\/\/www.europesays.com\/fr\/wp-json\/wp\/v2\/tags?post=427062"}],"curies":[{"name":"wp","href":"https:\/\/api.w.org\/{rel}","templated":true}]}}