{"id":427074,"date":"2025-09-29T21:52:24","date_gmt":"2025-09-29T21:52:24","guid":{"rendered":"https:\/\/www.europesays.com\/fr\/427074\/"},"modified":"2025-09-29T21:52:24","modified_gmt":"2025-09-29T21:52:24","slug":"nice-cinq-ans-de-prison-pour-un-faux-lord-irlandais-ayant-escroque-lacteur-francais-dany","status":"publish","type":"post","link":"https:\/\/www.europesays.com\/fr\/427074\/","title":{"rendered":"Nice\u00a0: cinq ans de prison pour un faux lord irlandais ayant escroqu\u00e9 l\u2019acteur fran\u00e7ais Dany"},"content":{"rendered":"<p>Un <a href=\"https:\/\/antibes.maville.com\/actu\/actudet_-dany-boon-escroque-de-4-5-millions-d-euros-le-suspect-propose-d-indemniser-le-comedien-_9580-6913598_actu.Htm\" target=\"_self\" rel=\"noopener\">faux lord irlandais passionn\u00e9 de voile<\/a> a escroqu\u00e9 des millions d\u2019euros \u00e0 <a href=\"https:\/\/nantes.maville.com\/info\/info-locale\/video-un-guerandais-a-l-affiche-avec-dany-boon-et-audrey-fleurot-fcacf7c5-8dc2-376a-9383-6d73fa59b989\" target=\"_self\" rel=\"noopener\">l\u2019acteur et r\u00e9alisateur fran\u00e7ais Dany Boon<\/a>. Un tribunal de Nice l\u2019a condamn\u00e9 ce vendredi 26\u00a0septembre 2025 \u00e0 cinq ans de prison.<\/p>\n<p>Il reconna\u00eet les faits<\/p>\n<p>Dans son box de pr\u00e9venu, il reconna\u00eet les faits, mais assure qu\u2019il n\u2019avait pas au d\u00e9part l\u2019intention de s\u2019envoler avec les fonds qui lui ont \u00e9t\u00e9 confi\u00e9s. D\u00e9but 2021, la star a confi\u00e9 \u00e0 l\u2019escroc la gestion d\u2019un voilier de 20\u00a0m\u00e8tres encore en construction.<\/p>\n<p>L\u2019homme se pr\u00e9sente alors comme un lord irlandais, avocat en costume trois-pi\u00e8ces et chapeau mou, rosette \u00e0 la boutonni\u00e8re, avec une page Wikip\u00e9dia le d\u00e9crivant aussi comme propri\u00e9taire terrien et planteur jama\u00efcain. Passionn\u00e9 de voile, il est \u00e9galement skipper et propri\u00e9taire de deux bateaux. Il avait cependant d\u00e9j\u00e0 pass\u00e9 six mois en prison pour escroquerie.<\/p>\n<p>En mars\u00a02021, il cr\u00e9e pour <a href=\"https:\/\/rennes.maville.com\/actu\/actudet_-dany-boon-contraint-de-devoir-dementir-l-annonce-de-sa-mort-sur-son-compte-instagram-_54135-6802783_actu.Htm\" target=\"_self\" rel=\"noopener\">Dany Boon<\/a> une soci\u00e9t\u00e9 bas\u00e9e \u00e0 Antigua pour la gestion du voilier. <strong>\u00ab\u00a0Une solution l\u00e9gale, efficace et discr\u00e8te\u00a0\u00bb<\/strong>, explique-t-il au tribunal. L\u2019acteur verse alors 2,2\u00a0millions d\u2019euros pour financer la fin de l\u2019acquisition et l\u2019entretien du navire.<\/p>\n<p>Une relation de confiance s\u2019instaure et en juillet\u00a02021, quand l\u2019escroc lui propose un montage r\u00e9mun\u00e9rateur, avec un pr\u00eat d\u2019une banque belge et un placement en bons du tr\u00e9sor irlandais via la soci\u00e9t\u00e9 bas\u00e9e \u00e0 Antigua, Dany Boon verse 4,5\u00a0millions d\u2019euros.<\/p>\n<p>L\u2019acteur explique qu\u2019il voulait financer ainsi l\u2019achat d\u2019un voilier plus grand. L\u2019escroc rel\u00e8ve que l\u2019acteur n\u2019avait m\u00eame pas encore navigu\u00e9 sur son premier voilier et assure que ce placement avait d\u2019abord des motivations fiscales.<\/p>\n<p>Une partie des fonds partis vers des comptes \u00e0 Monaco ou Singapour<\/p>\n<p>Des <strong>\u00ab\u00a0insinuations mensong\u00e8res\u00a0\u00bb<\/strong>, pour les avocats de Dany Boon, qui n\u2019a pas fait le d\u00e9placement. En novembre\u00a02021, quand l\u2019escroc annonce \u00e0 l\u2019acteur qu\u2019il va c\u00e9der son activit\u00e9 \u00e0 une famille romaine, ce dernier r\u00e9clame le rapatriement de ses fonds. S\u2019ensuivent des mois d\u2019\u00e9changes de sms, o\u00f9 l\u2019escroc temporise, expliquant que les fonds sont bloqu\u00e9s par une banque cor\u00e9enne ou par la duplicit\u00e9 des repreneurs.<\/p>\n<p>En r\u00e9alit\u00e9, les fonds sont partis d\u00e8s l\u2019\u00e9t\u00e9 vers des comptes \u00e0 Monaco ou Singapour ou dans des achats de produits de luxe. L\u2019escroc et son ex-femme sont d\u2019ailleurs poursuivis \u00e0 Monaco pour blanchiment dans le cadre de cette affaire. Parti aux Bahamas quand Dany Boon a port\u00e9 plainte en 2022, l\u2019escroc a finalement \u00e9t\u00e9 arr\u00eat\u00e9 au Panama en f\u00e9vrier\u00a02024 et extrad\u00e9 l\u2019\u00e9t\u00e9 suivant vers la France.<\/p>\n<p>Devant le tribunal, il assure qu\u2019il a mis neuf millions d\u2019euros \u00e0 l\u2019abri au Panama ou dans les \u00eeles du Pacifique, via <strong>\u00ab\u00a0des structures complexes\u00a0\u00bb<\/strong> qu\u2019il est le seul \u00e0 pouvoir d\u00e9m\u00ealer pour d\u00e9dommager les victimes, \u00e0 condition de pouvoir se rendre lui-m\u00eame sur place.<\/p>\n<p>Depuis sa cellule \u00e0 Nice, o\u00f9 il fait office d\u2019\u00e9crivain public pour ses co-d\u00e9tenus et poursuit des \u00e9tudes en architecture navale, il a quand m\u00eame r\u00e9ussi \u00e0 cr\u00e9er une soci\u00e9t\u00e9 immatricul\u00e9e en Floride et \u00e0 y envoyer 5\u00a0000\u00a0\u20ac provenant du Belize.<\/p>\n<p>\u00a0<\/p>\n<p>\u00a0<\/p>\n","protected":false},"excerpt":{"rendered":"Un faux lord irlandais passionn\u00e9 de voile a escroqu\u00e9 des millions d\u2019euros \u00e0 l\u2019acteur et r\u00e9alisateur fran\u00e7ais Dany&hellip;\n","protected":false},"author":2,"featured_media":427075,"comment_status":"","ping_status":"","sticky":false,"template":"","format":"standard","meta":{"footnotes":""},"categories":[2819],"tags":[253,1111,11,1764,55573,55572,9657,38771,1777,674,10483,1011,3844,27,55571,55570,12,2401,806,882,25],"class_list":{"0":"post-427074","1":"post","2":"type-post","3":"status-publish","4":"format-standard","5":"has-post-thumbnail","7":"category-nice","8":"tag-acteur","9":"tag-actu","10":"tag-actualites","11":"tag-ans","12":"tag-boon","13":"tag-dany","14":"tag-draguignan","15":"tag-escroque","16":"tag-eu","17":"tag-europe","18":"tag-faux","19":"tag-fr","20":"tag-francais","21":"tag-france","22":"tag-irlandais","23":"tag-lord","24":"tag-news","25":"tag-nice","26":"tag-prison","27":"tag-provence-alpes-cote-dazur","28":"tag-republique-francaise"},"share_on_mastodon":{"url":"https:\/\/pubeurope.com\/@fr\/115289806866593818","error":""},"_links":{"self":[{"href":"https:\/\/www.europesays.com\/fr\/wp-json\/wp\/v2\/posts\/427074","targetHints":{"allow":["GET"]}}],"collection":[{"href":"https:\/\/www.europesays.com\/fr\/wp-json\/wp\/v2\/posts"}],"about":[{"href":"https:\/\/www.europesays.com\/fr\/wp-json\/wp\/v2\/types\/post"}],"author":[{"embeddable":true,"href":"https:\/\/www.europesays.com\/fr\/wp-json\/wp\/v2\/users\/2"}],"replies":[{"embeddable":true,"href":"https:\/\/www.europesays.com\/fr\/wp-json\/wp\/v2\/comments?post=427074"}],"version-history":[{"count":0,"href":"https:\/\/www.europesays.com\/fr\/wp-json\/wp\/v2\/posts\/427074\/revisions"}],"wp:featuredmedia":[{"embeddable":true,"href":"https:\/\/www.europesays.com\/fr\/wp-json\/wp\/v2\/media\/427075"}],"wp:attachment":[{"href":"https:\/\/www.europesays.com\/fr\/wp-json\/wp\/v2\/media?parent=427074"}],"wp:term":[{"taxonomy":"category","embeddable":true,"href":"https:\/\/www.europesays.com\/fr\/wp-json\/wp\/v2\/categories?post=427074"},{"taxonomy":"post_tag","embeddable":true,"href":"https:\/\/www.europesays.com\/fr\/wp-json\/wp\/v2\/tags?post=427074"}],"curies":[{"name":"wp","href":"https:\/\/api.w.org\/{rel}","templated":true}]}}