{"id":427078,"date":"2025-09-29T21:54:26","date_gmt":"2025-09-29T21:54:26","guid":{"rendered":"https:\/\/www.europesays.com\/fr\/427078\/"},"modified":"2025-09-29T21:54:26","modified_gmt":"2025-09-29T21:54:26","slug":"le-cargo-a-voiles-neoliner-origin-a-quitte-la-turquie","status":"publish","type":"post","link":"https:\/\/www.europesays.com\/fr\/427078\/","title":{"rendered":"Le cargo \u00e0 voiles Neoliner Origin a quitt\u00e9 la Turquie"},"content":{"rendered":"<p>La construction du premier cargo \u00e0 voiles Neoliner Origin est termin\u00e9e. Le navire de la compagnie Neoline a quitt\u00e9 le chantier de RMK Marine, en Turquie, ce lundi 29\u00a0septembre, \u00e0 16\u00a0h.<\/p>\n<p>Les derniers essais en mer ont eu lieu lundi et mardi derniers. <a href=\"https:\/\/nantes.maville.com\/actu\/actudet_-le-cargo-a-voiles-de-la-start-up-nantaise-neoline-sera-finalement-livre-le-25-septembre-_8-6957035_actu.Htm\" target=\"_self\" rel=\"noopener\">Le navire a \u00e9t\u00e9 officiellement livr\u00e9, vendredi 26\u00a0septembre.<\/a> <strong> \u00ab\u00a0C\u2019est une toute nouvelle \u00e9tape pour Neoline,<\/strong> affirme Jean Zanuttini, pr\u00e9sident de Neoline, dans un communiqu\u00e9. <strong>Nous sommes \u00e0 pr\u00e9sent un armateur, qui exploite son premier navire.\u00a0\u00bb<\/strong><\/p>\n<p>Le Neoliner Origin se dirige vers ses premi\u00e8res escales en M\u00e9diterran\u00e9e, avant de rejoindre son port d\u2019attache \u00e0 Saint-Nazaire le 12\u00a0octobre et d\u2019entamer sa premi\u00e8re travers\u00e9e transatlantique.<\/p>\n<p>\u00a0<\/p>\n","protected":false},"excerpt":{"rendered":"La construction du premier cargo \u00e0 voiles Neoliner Origin est termin\u00e9e. Le navire de la compagnie Neoline a&hellip;\n","protected":false},"author":2,"featured_media":427079,"comment_status":"","ping_status":"","sticky":false,"template":"","format":"standard","meta":{"footnotes":""},"categories":[2818],"tags":[1111,11,37750,1777,674,1011,27,766,55575,12,55576,2636,19080,25,3496,55574],"class_list":{"0":"post-427078","1":"post","2":"type-post","3":"status-publish","4":"format-standard","5":"has-post-thumbnail","7":"category-nantes","8":"tag-actu","9":"tag-actualites","10":"tag-cargo","11":"tag-eu","12":"tag-europe","13":"tag-fr","14":"tag-france","15":"tag-nantes","16":"tag-neoliner","17":"tag-news","18":"tag-origin","19":"tag-pays-de-la-loire","20":"tag-quitte","21":"tag-republique-francaise","22":"tag-turquie","23":"tag-voiles"},"share_on_mastodon":{"url":"https:\/\/pubeurope.com\/@fr\/115289814744899718","error":""},"_links":{"self":[{"href":"https:\/\/www.europesays.com\/fr\/wp-json\/wp\/v2\/posts\/427078","targetHints":{"allow":["GET"]}}],"collection":[{"href":"https:\/\/www.europesays.com\/fr\/wp-json\/wp\/v2\/posts"}],"about":[{"href":"https:\/\/www.europesays.com\/fr\/wp-json\/wp\/v2\/types\/post"}],"author":[{"embeddable":true,"href":"https:\/\/www.europesays.com\/fr\/wp-json\/wp\/v2\/users\/2"}],"replies":[{"embeddable":true,"href":"https:\/\/www.europesays.com\/fr\/wp-json\/wp\/v2\/comments?post=427078"}],"version-history":[{"count":0,"href":"https:\/\/www.europesays.com\/fr\/wp-json\/wp\/v2\/posts\/427078\/revisions"}],"wp:featuredmedia":[{"embeddable":true,"href":"https:\/\/www.europesays.com\/fr\/wp-json\/wp\/v2\/media\/427079"}],"wp:attachment":[{"href":"https:\/\/www.europesays.com\/fr\/wp-json\/wp\/v2\/media?parent=427078"}],"wp:term":[{"taxonomy":"category","embeddable":true,"href":"https:\/\/www.europesays.com\/fr\/wp-json\/wp\/v2\/categories?post=427078"},{"taxonomy":"post_tag","embeddable":true,"href":"https:\/\/www.europesays.com\/fr\/wp-json\/wp\/v2\/tags?post=427078"}],"curies":[{"name":"wp","href":"https:\/\/api.w.org\/{rel}","templated":true}]}}