{"id":427080,"date":"2025-09-29T21:55:21","date_gmt":"2025-09-29T21:55:21","guid":{"rendered":"https:\/\/www.europesays.com\/fr\/427080\/"},"modified":"2025-09-29T21:55:21","modified_gmt":"2025-09-29T21:55:21","slug":"un-village-de-lemploi-revient-dans-le-quartier-des-dervallieres","status":"publish","type":"post","link":"https:\/\/www.europesays.com\/fr\/427080\/","title":{"rendered":"\u00ab\u00a0un village de l&#8217;emploi\u00a0\u00bb revient dans le quartier des Dervalli\u00e8res"},"content":{"rendered":"<p>            Par<br \/>\n        <strong><br \/>\n            <a href=\"https:\/\/actu.fr\/auteur\/redaction-nantes\" title=\"Consulter tous les articles de R\u00e9daction Nantes\" target=\"_blank\" rel=\"noopener\">R\u00e9daction Nantes<\/a><br \/>\n        <\/strong><\/p>\n<p>        Publi\u00e9 le<\/p>\n<p>            29 sept. 2025 \u00e0 15h57        <\/p>\n<p>Une vingtaine d\u2019entreprises, des centres de formation et associations, vont s\u2019installer sur la place principale du quartier des Dervalli\u00e8res \u00e0 <a href=\"https:\/\/actu.fr\/nantes\/\" target=\"_blank\" rel=\"noopener\">Nantes<\/a>. L\u2019Atdec Nantes M\u00e9tropole, avec la Ville de Nantes, <strong>organise le forum \u00ab\u2009Village de l\u2019emploi\u2009\u00bb<\/strong>, une action port\u00e9e dans le cadre du dispositif \u00ab\u2009Cit\u00e9s de l\u2019Emploi\u2009\u00bb.<\/p>\n<p class=\" wall-content\">Ce forum de proximit\u00e9 itin\u00e9rant revient aux Dervalli\u00e8res, deux ans apr\u00e8s sa derni\u00e8re venue.<\/p>\n<p>Une centaine d\u2019offres d\u2019emploi \u00e0 pourvoir<\/p>\n<p class=\" wall-content\">Le forum a pour objectif de faciliter la rencontre entre les recruteurs et demandeurs d\u2019emploi, accompagner dans les recherches d\u2019emploi, conseiller et informer. Le dernier \u00ab\u2009Village de l\u2019emploi\u2009\u00bb, organis\u00e9 en juin dernier, sur la place Rosa Parks \u00e0 Malakoff avait r\u00e9uni plus de 300\u00a0participants.<\/p>\n<p class=\" wall-content\">Ce mardi 30\u00a0septembre, <strong>une centaine d\u2019offres d\u2019emploi sont \u00e0 pourvoir (CDD, CDI et Alternance)<\/strong>. Des animations \u00ab\u2009acc\u00e8s aux droits\u2009\u00bb et \u00ab\u2009insertion socio-professionnelle\u2009\u00bb seront organis\u00e9es. Les organisateurs demandent aux candidats de venir avec leur CV.<\/p>\n<p><strong>Infos pratiques<\/strong>\u2009:<br \/>\nForum \u00ab\u2009Village de l\u2019emploi \u2013 Dervalli\u00e8res, Nantes \u2013 Gratuit. Sans Inscription.<br \/>\nMardi 30\u00a0septembre, 14h \u00e0 17h, Place des Dervalli\u00e8res, 44100 Nantes.<br \/>\nRetrouvez les informations compl\u00e8tes sur <a href=\"http:\/\/www.atdec.org\/\" target=\"_blank\" rel=\"noopener\">le site Atdec<\/a>.<\/p>\n<p class=\" wall-content\">Personnalisez votre actualit\u00e9 en ajoutant vos villes et m\u00e9dias en favori avec <a href=\"https:\/\/moncompte.actu.fr\" title=\"D\u00e9couvez Mon Actu\" rel=\"nofollow noopener\" data-trk=\"{&quot;cta&quot;:{&quot;action&quot;:&quot;https:\\\/\\\/moncompte.actu.fr&quot;,&quot;category&quot;:&quot;mon compte&quot;,&quot;from&quot;:&quot;article footer&quot;,&quot;name&quot;:&quot;Mon actu&quot;,&quot;type&quot;:&quot;cta&quot;}}\" target=\"_blank\">Mon Actu<\/a>.<\/p>\n","protected":false},"excerpt":{"rendered":"Par R\u00e9daction Nantes Publi\u00e9 le 29 sept. 2025 \u00e0 15h57 Une vingtaine d\u2019entreprises, des centres de formation et&hellip;\n","protected":false},"author":2,"featured_media":427081,"comment_status":"","ping_status":"","sticky":false,"template":"","format":"standard","meta":{"footnotes":""},"categories":[2818],"tags":[1111,11,33,341,1777,674,1011,27,5113,766,12,2636,25],"class_list":{"0":"post-427080","1":"post","2":"type-post","3":"status-publish","4":"format-standard","5":"has-post-thumbnail","7":"category-nantes","8":"tag-actu","9":"tag-actualites","10":"tag-economie","11":"tag-emploi","12":"tag-eu","13":"tag-europe","14":"tag-fr","15":"tag-france","16":"tag-job-dating","17":"tag-nantes","18":"tag-news","19":"tag-pays-de-la-loire","20":"tag-republique-francaise"},"share_on_mastodon":{"url":"https:\/\/pubeurope.com\/@fr\/115289818672817477","error":""},"_links":{"self":[{"href":"https:\/\/www.europesays.com\/fr\/wp-json\/wp\/v2\/posts\/427080","targetHints":{"allow":["GET"]}}],"collection":[{"href":"https:\/\/www.europesays.com\/fr\/wp-json\/wp\/v2\/posts"}],"about":[{"href":"https:\/\/www.europesays.com\/fr\/wp-json\/wp\/v2\/types\/post"}],"author":[{"embeddable":true,"href":"https:\/\/www.europesays.com\/fr\/wp-json\/wp\/v2\/users\/2"}],"replies":[{"embeddable":true,"href":"https:\/\/www.europesays.com\/fr\/wp-json\/wp\/v2\/comments?post=427080"}],"version-history":[{"count":0,"href":"https:\/\/www.europesays.com\/fr\/wp-json\/wp\/v2\/posts\/427080\/revisions"}],"wp:featuredmedia":[{"embeddable":true,"href":"https:\/\/www.europesays.com\/fr\/wp-json\/wp\/v2\/media\/427081"}],"wp:attachment":[{"href":"https:\/\/www.europesays.com\/fr\/wp-json\/wp\/v2\/media?parent=427080"}],"wp:term":[{"taxonomy":"category","embeddable":true,"href":"https:\/\/www.europesays.com\/fr\/wp-json\/wp\/v2\/categories?post=427080"},{"taxonomy":"post_tag","embeddable":true,"href":"https:\/\/www.europesays.com\/fr\/wp-json\/wp\/v2\/tags?post=427080"}],"curies":[{"name":"wp","href":"https:\/\/api.w.org\/{rel}","templated":true}]}}