{"id":427082,"date":"2025-09-29T21:56:15","date_gmt":"2025-09-29T21:56:15","guid":{"rendered":"https:\/\/www.europesays.com\/fr\/427082\/"},"modified":"2025-09-29T21:56:15","modified_gmt":"2025-09-29T21:56:15","slug":"leconomiste-tim-jackson-sera-a-bordeaux-en-avant-du-gsef","status":"publish","type":"post","link":"https:\/\/www.europesays.com\/fr\/427082\/","title":{"rendered":"L&rsquo;\u00e9conomiste Tim Jackson sera \u00e0 Bordeaux en avant du GSEF"},"content":{"rendered":"<p>\n\t\t\t\t\t\t\t\t\tTim Jackson r\u00e9pondra aux questions du public jeudi 9 octobre \u00e0 Sciences Po Bordeaux. Cr\u00e9dit : D.R.\n\t\t\t\t\t\t\t\t<\/p>\n<p>En pr\u00e9ambule du Bordeaux GSEF 2025, Tim Jackson, \u00e9conomiste britannique professeur de d\u00e9veloppement durable \u00e0 l\u2019universit\u00e9 de Surrey, sera invit\u00e9 \u00e0 Sciences Po. Il abordera la question : \u00ab Croissance infinie, comment prosp\u00e9rer sans cette obsession ? \u00bb.<\/p>\n<p>La septi\u00e8me \u00e9dition du Forum Mondial de l&rsquo;Economie Sociale et Solidaire du GSEF se tiendra du 29 au 31 octobre prochains \u00e0 Bordeaux. En pr\u00e9ambule de ce rendez-vous, l&rsquo;\u00e9conomiste britannique Tim Jackson, professeur de d\u00e9veloppement durable \u00e0 l\u2019universit\u00e9 de Surrey, sera invit\u00e9 \u00e0 Sciences Po avec le m\u00e9dia Sans transition!, jeudi 9 octobre \u00e0 17h30.   <\/p>\n<p>Tim Jackson, nomm\u00e9 \u00e0 la commission du D\u00e9veloppement durable par Tony Blair en 2024, porte un regard critique sur le mod\u00e8le \u00e9conomique dominant du d\u00e9but du XXIe si\u00e8cle. L&rsquo;auteur de \u00ab Post-croissance : vivre apr\u00e8s le capitalisme \u00bb (Actes Sud) questionne la recherche de la croissance \u00e9conomique constante sans prise en compte des impacts sur l&rsquo;environnement et des limites de la plan\u00e8te. Pour lui, la lutte contre le changement climatique n\u00e9cessite de repenser radicalement la mani\u00e8re dont l\u2019\u00e9conomie r\u00e9pond \u00e0 nos besoins. Il propose notamment un d\u00e9couplage entre croissance \u00e9conomique \u00e0 tous crins et production de biens par un basculement vers la recherche de cr\u00e9ation de valeur \u00e9conomique par le biais des services, dont l&rsquo;\u00e9ducation, la sant\u00e9 et les loisirs.\u00a0<\/p>\n<p>La post-croissance : une nouvelle mani\u00e8re de penser  <\/p>\n<p>Pour lui, la post-croissance est issue du constat que les mod\u00e8les \u00e9conomiques fond\u00e9s sur la croissance ont montr\u00e9 leurs limites. Selon lui, la croissance d\u00e9truit la plan\u00e8te, impacte d\u2019autres esp\u00e8ces, et engendre des in\u00e9galit\u00e9s sociales et une instabilit\u00e9 financi\u00e8re. Il soutient que pour survivre sur une plan\u00e8te aux ressources limit\u00e9es, nous devons d\u00e9passer un syst\u00e8me bas\u00e9 sur une croissance perp\u00e9tuelle. Il propose de r\u00e9fl\u00e9chir \u00e0 ce qui vient apr\u00e8s l\u2019\u00e8re de l\u2019obsession de la croissance, et \u00e0 la mani\u00e8re d\u2019organiser les soci\u00e9t\u00e9s pour l&rsquo;avenir. Tim Jackson pr\u00e9f\u00e8re le terme de post-croissance afin d&rsquo;\u00e9viter la confusion qui interpr\u00e8te la d\u00e9croissance comme l\u2019\u00e9quivalent d\u2019un effondrement. Lui pr\u00e9f\u00e8re envisager un syst\u00e8me qui d\u00e9passe la qu\u00eate de croissance perp\u00e9tuelle. L&rsquo;\u00e9conomiste britannique pousse \u00e0 imaginer le monde au-del\u00e0 du capitalisme et \u00e0 explorer de nouvelles donnes pour le progr\u00e8s social. Il propose un monde o\u00f9 l\u2019abondance ne serait pas mesur\u00e9e financi\u00e8rement et o\u00f9 l\u2019accomplissement n\u2019est pas le produit d\u2019une incessante accumulation de richesses mat\u00e9rielles.   <\/p>\n<p>Red\u00e9finir la prosp\u00e9rit\u00e9  <\/p>\n<p>L&rsquo;\u00e9conomiste sera donc \u00e0 Bordeaux pour d\u00e9battre sur le fait de red\u00e9finir la prosp\u00e9rit\u00e9 au-del\u00e0 de l&rsquo;accumulation mat\u00e9rielle. Au c\u0153ur du concept de post-croissance se trouve une refondation de la notion de prosp\u00e9rit\u00e9. Tim Jackson la d\u00e9finit comme la capacit\u00e9 des \u00eatres humains \u00e0 s\u2019\u00e9panouir sur une plan\u00e8te aux ressources limit\u00e9es. C&rsquo;est justement cette limitation des ressources qu&rsquo;il voit comme un moyen de repenser notre rapport \u00e0 la consommation et \u00e0 tout ce qu&rsquo;elle induit, jusqu&rsquo;au bonheur personnel. Sa vision du monde pr\u00e9cise que l&rsquo;\u00e9panouissement n\u00e9cessite des bases mat\u00e9rielles &#8211; pour se nourrir et s&rsquo;abriter &#8211; mais implique surtout des fondements sociaux. Ces derniers comprennent la qualit\u00e9 des relations avec la famille et les autres, la capacit\u00e9 \u00e0 participer \u00e0 la soci\u00e9t\u00e9, et le sens donn\u00e9 \u00e0 nos existences. <\/p>\n<p>La post-croissance de Tim Jackson exige de nouvelles valeurs, valorisant la coop\u00e9ration et le fait de se pr\u00e9occuper et de prendre soin des autres et de l&rsquo;environnement, par opposition \u00e0 l&rsquo;\u00e9go\u00efsme et \u00e0 la comp\u00e9tition promus par le capitalisme. \u00c0 l&rsquo;issue de sa prise de parole (traduite en fran\u00e7ais), il r\u00e9pondra aux questions de la salle.<\/p>\n<p>En pratique : jeudi 9 octobre, 17h30, entr\u00e9e gratuite,\u00a0Sciences Po Bordeaux &#8211; Amphi Montesquieu &#8211; 11 all\u00e9e Ausone &#8211; Domaine universitaire &#8211; 33600 Pessac. Sur <a href=\"https:\/\/www.billetweb.fr\/rencontre-professionnelle-post-croissance-avec-tim-jackson-a-bordeaux\" target=\"_blank\" rel=\"nofollow noopener\">inscription<\/a>.\u00a0<\/p>\n","protected":false},"excerpt":{"rendered":"Tim Jackson r\u00e9pondra aux questions du public jeudi 9 octobre \u00e0 Sciences Po Bordeaux. Cr\u00e9dit : D.R. En&hellip;\n","protected":false},"author":2,"featured_media":427083,"comment_status":"","ping_status":"","sticky":false,"template":"","format":"standard","meta":{"footnotes":""},"categories":[2817],"tags":[1111,11,1997,1777,674,1011,27,12,2219,5645,25],"class_list":{"0":"post-427082","1":"post","2":"type-post","3":"status-publish","4":"format-standard","5":"has-post-thumbnail","7":"category-bordeaux","8":"tag-actu","9":"tag-actualites","10":"tag-bordeaux","11":"tag-eu","12":"tag-europe","13":"tag-fr","14":"tag-france","15":"tag-news","16":"tag-nouvelle-aquitaine","17":"tag-placco-placeco","18":"tag-republique-francaise"},"share_on_mastodon":{"url":"https:\/\/pubeurope.com\/@fr\/115289822614007324","error":""},"_links":{"self":[{"href":"https:\/\/www.europesays.com\/fr\/wp-json\/wp\/v2\/posts\/427082","targetHints":{"allow":["GET"]}}],"collection":[{"href":"https:\/\/www.europesays.com\/fr\/wp-json\/wp\/v2\/posts"}],"about":[{"href":"https:\/\/www.europesays.com\/fr\/wp-json\/wp\/v2\/types\/post"}],"author":[{"embeddable":true,"href":"https:\/\/www.europesays.com\/fr\/wp-json\/wp\/v2\/users\/2"}],"replies":[{"embeddable":true,"href":"https:\/\/www.europesays.com\/fr\/wp-json\/wp\/v2\/comments?post=427082"}],"version-history":[{"count":0,"href":"https:\/\/www.europesays.com\/fr\/wp-json\/wp\/v2\/posts\/427082\/revisions"}],"wp:featuredmedia":[{"embeddable":true,"href":"https:\/\/www.europesays.com\/fr\/wp-json\/wp\/v2\/media\/427083"}],"wp:attachment":[{"href":"https:\/\/www.europesays.com\/fr\/wp-json\/wp\/v2\/media?parent=427082"}],"wp:term":[{"taxonomy":"category","embeddable":true,"href":"https:\/\/www.europesays.com\/fr\/wp-json\/wp\/v2\/categories?post=427082"},{"taxonomy":"post_tag","embeddable":true,"href":"https:\/\/www.europesays.com\/fr\/wp-json\/wp\/v2\/tags?post=427082"}],"curies":[{"name":"wp","href":"https:\/\/api.w.org\/{rel}","templated":true}]}}