{"id":427084,"date":"2025-09-29T21:57:11","date_gmt":"2025-09-29T21:57:11","guid":{"rendered":"https:\/\/www.europesays.com\/fr\/427084\/"},"modified":"2025-09-29T21:57:11","modified_gmt":"2025-09-29T21:57:11","slug":"apres-une-fete-a-bordeaux-deux-dj-se-font-voler-pour-10-000-euros-de-materiel","status":"publish","type":"post","link":"https:\/\/www.europesays.com\/fr\/427084\/","title":{"rendered":"Apr\u00e8s une f\u00eate \u00e0 Bordeaux, deux DJ se font voler pour 10\u00a0000\u00a0euros de mat\u00e9riel"},"content":{"rendered":"<p>Mais dimanche matin, l\u2019esprit de la f\u00eate a \u00e9t\u00e9 g\u00e2ch\u00e9. \u00ab\u00a0J\u2019ai retrouv\u00e9 la vitre de ma voiture ouverte et j\u2019ai compris qu\u2019elle avait \u00e9t\u00e9 forc\u00e9e\u00a0\u00bb, explique Serge Brault. L\u2019homme habite Langon et a dormi sur place en attendant d\u2019aller, dimanche soir, \u00e0 un autre concert \u00e0 Sarlat (Dordogne). Mais il n\u2019a pas pu\u00a0: \u00ab\u00a0Tout notre mat\u00e9riel a \u00e9t\u00e9 vol\u00e9\u00a0\u00bb, d\u00e9plore-t-il.<\/p>\n<p>Le butin s\u2019\u00e9l\u00e8ve, selon les victimes, \u00e0 10\u00a0000\u00a0euros. Il comprend des effets personnels, des c\u00e2bles, des enceintes\u2026 mais surtout deux contr\u00f4leurs et une table de mixage, deux ordinateurs et aussi des disques durs. \u00ab\u00a0Ils contenaient des centaines d\u2019heures de travail, regrette le DJ girondin. Il y avait tous les futurs projets qu\u2019on \u00e9tait en train de mettre en place. C\u2019est notre outil de travail qui a \u00e9t\u00e9 emport\u00e9. Des ann\u00e9es de passion et d\u2019investissement envol\u00e9es en une nuit\u2026\u00a0\u00bb<\/p>\n<p>\u00ab\u00a0Le coup est dur\u00a0\u00bb<\/p>\n<p>En plus de l\u2019\u00e9v\u00e9nement annul\u00e9 dimanche soir, toute l\u2019activit\u00e9 des professionnels est en p\u00e9ril. Ils ont d\u00fb annuler des soir\u00e9es priv\u00e9es dans les semaines qui viennent, faute de mat\u00e9riel pour exercer. \u00ab\u00a0Maintenant, on est en stand by. On garde la t\u00eate haute, mais le coup est dur. On ne peut rien racheter car nous n\u2019avons pas les moyens. Donc on esp\u00e8re faire jouer la solidarit\u00e9 en cr\u00e9ant une cagnotte.\u00a0\u00bb<\/p>\n<p>Disponible sur <a href=\"https:\/\/www.leetchi.com\/fr\/c\/sauvez-les-platines-des-petits-suisses-4999590?utm_source=email&amp;utm_medium=social_sharing\" target=\"_blank\" rel=\"nofollow noopener\">Leetchi<\/a>, l\u2019appel au don vise les 4\u00a0000\u00a0euros, pour permettre aux supporteurs d\u2019aider ce groupe \u00e0 continuer de r\u00e9aliser ses prestations \u00e0 base de house, disco et funky grooves. \u00ab\u00a0On a \u00e9t\u00e9 d\u00e9go\u00fbt\u00e9s en constatant le vol, mais \u00e7a reste mat\u00e9riel\u00a0\u00bb, r\u00e9sume Serge Brault.<\/p>\n","protected":false},"excerpt":{"rendered":"Mais dimanche matin, l\u2019esprit de la f\u00eate a \u00e9t\u00e9 g\u00e2ch\u00e9. \u00ab\u00a0J\u2019ai retrouv\u00e9 la vitre de ma voiture ouverte&hellip;\n","protected":false},"author":2,"featured_media":427085,"comment_status":"","ping_status":"","sticky":false,"template":"","format":"standard","meta":{"footnotes":""},"categories":[2817],"tags":[1111,11,1997,1777,674,1011,27,12,2219,25],"class_list":{"0":"post-427084","1":"post","2":"type-post","3":"status-publish","4":"format-standard","5":"has-post-thumbnail","7":"category-bordeaux","8":"tag-actu","9":"tag-actualites","10":"tag-bordeaux","11":"tag-eu","12":"tag-europe","13":"tag-fr","14":"tag-france","15":"tag-news","16":"tag-nouvelle-aquitaine","17":"tag-republique-francaise"},"share_on_mastodon":{"url":"https:\/\/pubeurope.com\/@fr\/115289826503588581","error":""},"_links":{"self":[{"href":"https:\/\/www.europesays.com\/fr\/wp-json\/wp\/v2\/posts\/427084","targetHints":{"allow":["GET"]}}],"collection":[{"href":"https:\/\/www.europesays.com\/fr\/wp-json\/wp\/v2\/posts"}],"about":[{"href":"https:\/\/www.europesays.com\/fr\/wp-json\/wp\/v2\/types\/post"}],"author":[{"embeddable":true,"href":"https:\/\/www.europesays.com\/fr\/wp-json\/wp\/v2\/users\/2"}],"replies":[{"embeddable":true,"href":"https:\/\/www.europesays.com\/fr\/wp-json\/wp\/v2\/comments?post=427084"}],"version-history":[{"count":0,"href":"https:\/\/www.europesays.com\/fr\/wp-json\/wp\/v2\/posts\/427084\/revisions"}],"wp:featuredmedia":[{"embeddable":true,"href":"https:\/\/www.europesays.com\/fr\/wp-json\/wp\/v2\/media\/427085"}],"wp:attachment":[{"href":"https:\/\/www.europesays.com\/fr\/wp-json\/wp\/v2\/media?parent=427084"}],"wp:term":[{"taxonomy":"category","embeddable":true,"href":"https:\/\/www.europesays.com\/fr\/wp-json\/wp\/v2\/categories?post=427084"},{"taxonomy":"post_tag","embeddable":true,"href":"https:\/\/www.europesays.com\/fr\/wp-json\/wp\/v2\/tags?post=427084"}],"curies":[{"name":"wp","href":"https:\/\/api.w.org\/{rel}","templated":true}]}}