{"id":427088,"date":"2025-09-29T21:59:10","date_gmt":"2025-09-29T21:59:10","guid":{"rendered":"https:\/\/www.europesays.com\/fr\/427088\/"},"modified":"2025-09-29T21:59:10","modified_gmt":"2025-09-29T21:59:10","slug":"torus-ai-veut-doubler-ses-effectifs-a-toulouse-avec-une-premiere-levee-de-fonds","status":"publish","type":"post","link":"https:\/\/www.europesays.com\/fr\/427088\/","title":{"rendered":"Torus AI veut doubler ses effectifs \u00e0 Toulouse avec une premi\u00e8re lev\u00e9e de fonds"},"content":{"rendered":"<p>Torus AI emploie aujourd\u2019hui trente personnes \u00e0 Ramonville-Saint-Agne. La start-up dispose \u00e9galement d\u2019une filiale au Viet-Nam, d\u00e9di\u00e9e \u00e0 l\u2019ing\u00e9nierie et au traitement de donn\u00e9es, o\u00f9 elle compte une cinquantaine de salari\u00e9s. Gr\u00e2ce \u00e0 cette premi\u00e8re lev\u00e9e de fonds, en cours de pr\u00e9paration, elle esp\u00e8re doubler les effectifs de son si\u00e8ge toulousain d\u2019ici trois ans. \u00ab\u00a0Nous allons recruter majoritairement des chercheurs, doctorants en math\u00e9matiques et ing\u00e9nieurs en intelligence artificielle, mais aussi des fonctions support et commerciales\u00a0\u00bb, explique Kiomi Matonnier, responsable communication.<\/p>\n<p>Une \u00e9tape importante pour la DeepTech, dont le mod\u00e8le \u00e9conomique repose sur le triptyque conseil, recherche et incubation de spin-offs. Fond\u00e9e en 2019 par le math\u00e9maticien et professeur international Tien Zung Nguyen, la soci\u00e9t\u00e9 s\u2019est fait conna\u00eetre en remportant un concours mondial sur la pr\u00e9vention du cancer de la peau. De cette innovation est n\u00e9e BelleTorus, devenue une spin-off autonome apr\u00e8s une lev\u00e9e de 17 millions de dollars en 2021. Depuis, l\u2019entreprise a d\u00e9velopp\u00e9 quatre expertises cl\u00e9s\u00a0: traitement de l\u2019image, traitement du signal, data analytics et IA g\u00e9n\u00e9rative. Son approche repose sur la cr\u00e9ation de mod\u00e8les fondamentaux plut\u00f4t que sur l\u2019usage de briques existantes, ce qui lui conf\u00e8re une position singuli\u00e8re dans le paysage de l\u2019IA.<\/p>\n<p>L\u2019expertise scientifique et l\u2019IA au service de projets \u00e0 impact<\/p>\n<p>La technologie de diagnostic cutan\u00e9 d\u00e9velopp\u00e9e par Torus est aujourd\u2019hui utilis\u00e9e par l\u2019OMS et Pierre Fabre ainsi que par de nombreux praticiens. \u00ab\u00a0Des m\u00e9decins, des kin\u00e9sith\u00e9rapeuthes, des infirmiers&#8230; Partout en France, y compris en Occitanie, v\u00e9ritable d\u00e9sert m\u00e9dical dermatologique\u00a0\u00bb, d\u00e9taille Kiomi Matonnier. Il faut dire qu\u2019\u00e0 partir d\u2019une simple image, la technologie peut d\u00e9tecter \u00ab\u00a0plus de 2000 pathologies\u00a0\u00bb, poursuit-elle. Torus AI compte bien r\u00e9pliquer ce succ\u00e8s en d\u00e9ployant d\u2019autres solutions \u00e0 grande \u00e9chelle.<\/p>\n<p>L\u2019entreprise a d\u00e9j\u00e0 sign\u00e9 des partenariats prestigieux, notamment avec le CNES, avec lequel elle a brevet\u00e9 un algorithme de traitement de pr\u00e9cision du signal satellite, r\u00e9duisant de moiti\u00e9 la marge d\u2019erreur classique. Elle d\u00e9veloppe des applications dans la d\u00e9fense, la robotique agricole ou encore l\u2019\u00e9ducation, tout en poursuivant l\u2019exploration de projets dans le domaine m\u00e9dical, notamment en radiologie. \u00ab\u00a0On ne cible pas un secteur plut\u00f4t qu\u2019un autre mais on se concentre sur les projets \u00e0 impact, ceux qui feront une vraie diff\u00e9rence sur le plan social ou soci\u00e9tal\u00a0\u00bb, explique Kiomi Matonnier.<\/p>\n<p>\u00ab\u00a0Nous sommes d\u00e9sormais suffisamment matures sur les quatre approches de l\u2019IA pour aller plus loin sur des projets d\u2019ampleur. D\u2019o\u00f9 la lev\u00e9e de fonds, qui devrait nous permettre de soutenir nos futurs partenariats strat\u00e9giques\u00a0\u00bb, r\u00e9sume-t-elle. Torus AI, qui a d\u00e9j\u00e0 d\u00e9pos\u00e9 plus de 20 brevets depuis sa cr\u00e9ation, ambitionne d\u2019acc\u00e9l\u00e9rer pour porter son chiffre d\u2019affaires \u00e0 15 millions d\u2019euros, contre 2,5 millions actuellement, \u00e0 horizon 2028.<br class=\"autobr\"\/><br \/>\nMarie-Dominique Lacour<\/p>\n<p>Photo\u00a0: Tien Zung Nguyen, fondateur de Torus AI. Cr\u00e9dit Torus AI<\/p>\n","protected":false},"excerpt":{"rendered":"Torus AI emploie aujourd\u2019hui trente personnes \u00e0 Ramonville-Saint-Agne. La start-up dispose \u00e9galement d\u2019une filiale au Viet-Nam, d\u00e9di\u00e9e \u00e0&hellip;\n","protected":false},"author":2,"featured_media":427089,"comment_status":"","ping_status":"","sticky":false,"template":"","format":"standard","meta":{"footnotes":""},"categories":[2816],"tags":[1111,11,55577,341,1777,674,1011,27,223,12,2680,55578,959,27331,7099,25,675,2312],"class_list":{"0":"post-427088","1":"post","2":"type-post","3":"status-publish","4":"format-standard","5":"has-post-thumbnail","7":"category-toulouse","8":"tag-actu","9":"tag-actualites","10":"tag-cnes","11":"tag-emploi","12":"tag-eu","13":"tag-europe","14":"tag-fr","15":"tag-france","16":"tag-intelligence-artificielle","17":"tag-news","18":"tag-occitanie","19":"tag-pierre-fabre","20":"tag-recherche","21":"tag-recherche-developpement","22":"tag-recrutement","23":"tag-republique-francaise","24":"tag-start-up","25":"tag-toulouse"},"share_on_mastodon":{"url":"https:\/\/pubeurope.com\/@fr\/115289834840051055","error":""},"_links":{"self":[{"href":"https:\/\/www.europesays.com\/fr\/wp-json\/wp\/v2\/posts\/427088","targetHints":{"allow":["GET"]}}],"collection":[{"href":"https:\/\/www.europesays.com\/fr\/wp-json\/wp\/v2\/posts"}],"about":[{"href":"https:\/\/www.europesays.com\/fr\/wp-json\/wp\/v2\/types\/post"}],"author":[{"embeddable":true,"href":"https:\/\/www.europesays.com\/fr\/wp-json\/wp\/v2\/users\/2"}],"replies":[{"embeddable":true,"href":"https:\/\/www.europesays.com\/fr\/wp-json\/wp\/v2\/comments?post=427088"}],"version-history":[{"count":0,"href":"https:\/\/www.europesays.com\/fr\/wp-json\/wp\/v2\/posts\/427088\/revisions"}],"wp:featuredmedia":[{"embeddable":true,"href":"https:\/\/www.europesays.com\/fr\/wp-json\/wp\/v2\/media\/427089"}],"wp:attachment":[{"href":"https:\/\/www.europesays.com\/fr\/wp-json\/wp\/v2\/media?parent=427088"}],"wp:term":[{"taxonomy":"category","embeddable":true,"href":"https:\/\/www.europesays.com\/fr\/wp-json\/wp\/v2\/categories?post=427088"},{"taxonomy":"post_tag","embeddable":true,"href":"https:\/\/www.europesays.com\/fr\/wp-json\/wp\/v2\/tags?post=427088"}],"curies":[{"name":"wp","href":"https:\/\/api.w.org\/{rel}","templated":true}]}}