{"id":427102,"date":"2025-09-29T22:08:15","date_gmt":"2025-09-29T22:08:15","guid":{"rendered":"https:\/\/www.europesays.com\/fr\/427102\/"},"modified":"2025-09-29T22:08:15","modified_gmt":"2025-09-29T22:08:15","slug":"que-contient-le-plan-de-donald-trump-accepte-par-benyamin-netanyahou-pour-mettre-fin-au-conflit","status":"publish","type":"post","link":"https:\/\/www.europesays.com\/fr\/427102\/","title":{"rendered":"que contient le plan de Donald Trump, accept\u00e9 par Benyamin N\u00e9tanyahou, pour mettre fin au conflit\u00a0?"},"content":{"rendered":"\n<p class=\"c-chapo \">\n  Le pr\u00e9sident am\u00e9ricain souhaite notamment pr\u00e9sider un comit\u00e9 supervisant la transition dans l&rsquo;enclave palestinienne, dont aucun habitant ne sera d\u00e9plac\u00e9 de force, selon le texte.\n<\/p>\n<p>      lire plus tard<\/p>\n<p id=\"dialog__title\" class=\"dialog__title\">Pour sauvegarder cet article, connectez-vous ou cr\u00e9ez un compte franceinfo<\/p>\n<p class=\"dialog__description\">Sans paiement. Sans abonnement.<\/p>\n<p>        Fermer la fen\u00eatre d\u2019activation des notifications France Info<\/p>\n<p>      cr\u00e9er votre compte<\/p>\n<p>      se connecter<\/p>\n<p>        Fermer la fen\u00eatre de pr\u00e9sentation<\/p>\n<p>    <img loading=\"lazy\" decoding=\"async\" class=\"signature__image lazyload\" width=\"100\" height=\"100\" data- alt=\"\" src=\"https:\/\/www.europesays.com\/fr\/wp-content\/uploads\/2025\/05\/64a68815cd1a7_placeholder-36b69ec8.png\"\/><\/p>\n<p>    Publi\u00e9 le 29\/09\/2025 23:05<\/p>\n<p>        Temps de lecture : 4min<\/p>\n<p>    <img decoding=\"async\"  alt=\"Donald Trump \u00e0 la Maison Blanche, en conf\u00e9rence de presse avec Benyamin N\u00e9tanyahou, le 29 septembre 2025. (WIN MCNAMEE \/ GETTY IMAGES NORTH AMERICA \/ AFP)\" width=\"432\" height=\"243\" src=\"https:\/\/www.europesays.com\/fr\/wp-content\/uploads\/2025\/09\/063-2238142992-68daf3e00ffab193888746.jpg\" fetchpriority=\"high\"\/><\/p>\n<p>      Donald Trump \u00e0 la Maison Blanche, en conf\u00e9rence de presse avec Benyamin N\u00e9tanyahou, le 29 septembre 2025. (WIN MCNAMEE \/ GETTY IMAGES NORTH AMERICA \/ AFP)<\/p>\n<p>Un plan en 20 points pour mettre fin \u00e0 la guerre. Avant sa conf\u00e9rence de presse avec Benyamin N\u00e9tanyahou \u00e0 la Maison Blanche, lundi 29 septembre, Donald Trump a diffus\u00e9 dans les m\u00e9dias \u2014 dont le <a href=\"https:\/\/www.nytimes.com\/live\/2025\/09\/29\/world\/trump-netanyahu-israel-gaza?partner=slack&amp;smid=sl-share\" target=\"_blank\" rel=\"noopener nofollow\">New York Times<\/a> et l&rsquo;AFP \u2014 ses propositions pour la paix dans la bande de Gaza. <a href=\"https:\/\/www.franceinfo.fr\/monde\/proche-orient\/israel-palestine\/guerre-dans-la-bande-de-gaza-benyamin-netanyahou-dit-soutenir-le-plan-de-donald-trump-pour-mettre-fin-au-conflit_7521745.html\" rel=\"nofollow noopener\" target=\"_blank\">Ce plan <\/a><a href=\"https:\/\/www.franceinfo.fr\/monde\/proche-orient\/israel-palestine\/guerre-dans-la-bande-de-gaza-benyamin-netanyahou-dit-soutenir-le-plan-de-donald-trump-pour-mettre-fin-au-conflit_7521745.html\" rel=\"nofollow noopener\" target=\"_blank\">a \u00e9t\u00e9 accept\u00e9 par le Premier ministre isra\u00e9lien<\/a>. Il reste d\u00e9sormais au Hamas de d\u00e9cider s&rsquo;il donne ou non son feu vert. Franceinfo vous r\u00e9sume les principaux points du texte.\u00a0<\/p>\n<p>La lib\u00e9ration d&rsquo;otages et de prisonniers<\/p>\n<p>Le plan pr\u00e9voit la fin \u00ab\u00a0imm\u00e9diate\u00a0\u00bb de la guerre d\u00e9clench\u00e9e \u00e0 Gaza par l&rsquo;attaque du 7-Octobre, un retrait par \u00e9tapes des forces isra\u00e9liennes et le d\u00e9sarmement du mouvement islamiste palestinien. Tous les otages devront \u00eatre lib\u00e9r\u00e9s dans les 72 heures suivant le feu vert d&rsquo;Isra\u00ebl. Une fois ces lib\u00e9rations effectives, Isra\u00ebl rel\u00e2cherait 250 Palestiniens condamn\u00e9s \u00e0 la perp\u00e9tuit\u00e9 et quelque 1 700 Gazaouis d\u00e9tenus depuis l&rsquo;attaque du 7 octobre.<\/p>\n<p>Une transition pr\u00e9sid\u00e9e par les Etats-Unis<\/p>\n<p>Si le plan est accept\u00e9 par toutes les parties, Donald Trump souhaite pr\u00e9sider un \u00ab\u00a0Comit\u00e9 de la paix\u00a0\u00bb comptant parmi ses membres l&rsquo;ancien Premier ministre britannique Tony Blair. Cette instance superviserait un comit\u00e9 palestinien \u00ab\u00a0apolitique et technocratique\u00a0\u00bb qui g\u00e9rerait les affaires courantes dans le territoire.<\/p>\n<p>Une d\u00e9militarisation du Hamas<\/p>\n<p>Selon le texte, le Hamas serait exclu de la gouvernance de Gaza. Ses membres qui rendront les armes et accepteront une \u00ab\u00a0coexistence pacifique\u00a0\u00bb avec Isra\u00ebl seront \u00ab\u00a0amnisti\u00e9s\u00a0\u00bb. Ceux qui voudraient partir de Gaza b\u00e9n\u00e9ficieront d&rsquo;un droit de passage \u00ab\u00a0prot\u00e9g\u00e9 vers les pays de destination\u00a0\u00bb, selon le projet. \u00ab\u00a0Toutes les infrastructures militaires, terroristes et offensives, y compris les tunnels et les installations de production d&rsquo;armes, seront d\u00e9truites et non reconstruites. Un processus de d\u00e9militarisation de Gaza sera mis en place sous la supervision d&rsquo;observateurs ind\u00e9pendants.\u00a0\u00bb<\/p>\n<p>Une force de \u00ab\u00a0stabilisation\u00a0\u00bb avec les pays arabes<\/p>\n<p>Parmi les autres points cl\u00e9s, les Etats-Unis travailleront avec des \u00ab\u00a0partenaires arabes et internationaux pour mettre en place une Force internationale de stabilisation (ISF) qui doit \u00eatre imm\u00e9diatement d\u00e9ploy\u00e9e \u00e0 Gaza\u00a0\u00bb. Cette force formera et fournira un soutien \u00e0 des \u00ab\u00a0forces de police palestiniennes approuv\u00e9es\u00a0\u00bb et aura des consultations avec la Jordanie et l&rsquo;Egypte.<\/p>\n<p>\u00ab\u00a0Personne ne sera forc\u00e9 \u00e0 quitter Gaza\u00a0\u00bb<\/p>\n<p>Donald Trump, qui avait d\u00e9j\u00e0 \u00e9voqu\u00e9 l&rsquo;id\u00e9e de transformer Gaza en \u00ab\u00a0Riviera du Moyen-Orient\u00a0\u00bb, explique dans son plan vouloir \u00ab\u00a0reconstruire et \u00e0 dynamiser\u00a0\u00bb l&rsquo;enclave palestinienne. Un groupe d&rsquo;experts qui ont contribu\u00e9 \u00e0 la naissance de \u00ab\u00a0certaines des villes modernes florissantes du Moyen-Orient\u00a0\u00bb sera mis en place \u00e0 cette fin. \u00ab\u00a0Personne ne sera forc\u00e9 \u00e0 quitter Gaza\u00a0\u00bb, dit le texte, alors que Donald Trump avait \u00e9voqu\u00e9 il y a quelques mois l&rsquo;id\u00e9e de vider le territoire de ses habitants. \u00ab\u00a0Nous encouragerons les gens \u00e0 rester et leur offrirons l&rsquo;occasion de construire un Gaza meilleur\u00a0\u00bb. La quasi-totalit\u00e9 des deux millions d&rsquo;habitants de Gaza ont \u00e9t\u00e9 d\u00e9plac\u00e9s par la guerre.<\/p>\n<p>L&rsquo;Autorit\u00e9 palestinienne d&rsquo;abord en retrait<\/p>\n<p>Dans son plan, le pr\u00e9sident am\u00e9ricain entrevoit un r\u00f4le pour l&rsquo;Autorit\u00e9 palestinienne qui pourra, \u00e0 plus long terme, \u00ab\u00a0reprendre le contr\u00f4le de Gaza de mani\u00e8re s\u00fbre et efficace\u00a0\u00bb. En conf\u00e9rence de presse, le Premier ministre isra\u00e9lien a cependant d\u00e9clar\u00e9 qu&rsquo;il ne voyait \u00ab\u00a0aucun r\u00f4le\u00a0\u00bb pour l&rsquo;Autorit\u00e9 palestinienne sans qu&rsquo;elle \u00ab\u00a0subisse une transformation radicale et authentique\u00a0\u00bb.<\/p>\n<p>Quid d&rsquo;un Etat palestinien ?<\/p>\n<p>Le texte n&rsquo;exclut pas, en outre, la cr\u00e9ation d&rsquo;un Etat palestinien, malgr\u00e9 l&rsquo;opposition ferme de Benyamin N\u00e9tanyahou, <a href=\"https:\/\/www.franceinfo.fr\/monde\/palestine\/carte-quels-sont-les-pays-qui-reconnaissent-desormais-l-etat-de-palestine_7506910.html\" rel=\"nofollow noopener\" target=\"_blank\">dans le sillage des reconnaissances r\u00e9centes d&rsquo;un Etat de Palestine<\/a> par la France, la Grande-Bretagne et d&rsquo;autres pays. \u00ab\u00a0Les conditions pourraient enfin \u00eatre r\u00e9unies pour ouvrir une voie cr\u00e9dible vers l&rsquo;autod\u00e9termination et la cr\u00e9ation d&rsquo;un Etat palestinien, que nous reconnaissons comme l&rsquo;aspiration du peuple palestinien.\u00a0\u00bb<\/p>\n","protected":false},"excerpt":{"rendered":"Le pr\u00e9sident am\u00e9ricain souhaite notamment pr\u00e9sider un comit\u00e9 supervisant la transition dans l&rsquo;enclave palestinienne, dont aucun habitant ne&hellip;\n","protected":false},"author":2,"featured_media":427103,"comment_status":"","ping_status":"","sticky":false,"template":"","format":"standard","meta":{"footnotes":""},"categories":[1888],"tags":[1111,1928,11,1927,1777,674,1011,27,12,1926,626,1925,25],"class_list":{"0":"post-427102","1":"post","2":"type-post","3":"status-publish","4":"format-standard","5":"has-post-thumbnail","7":"category-paris","8":"tag-actu","9":"tag-actu-paris","10":"tag-actualites","11":"tag-actualites-paris","12":"tag-eu","13":"tag-europe","14":"tag-fr","15":"tag-france","16":"tag-news","17":"tag-news-paris","18":"tag-paris","19":"tag-paris-news","20":"tag-republique-francaise"},"share_on_mastodon":{"url":"https:\/\/pubeurope.com\/@fr\/115289870993338882","error":""},"_links":{"self":[{"href":"https:\/\/www.europesays.com\/fr\/wp-json\/wp\/v2\/posts\/427102","targetHints":{"allow":["GET"]}}],"collection":[{"href":"https:\/\/www.europesays.com\/fr\/wp-json\/wp\/v2\/posts"}],"about":[{"href":"https:\/\/www.europesays.com\/fr\/wp-json\/wp\/v2\/types\/post"}],"author":[{"embeddable":true,"href":"https:\/\/www.europesays.com\/fr\/wp-json\/wp\/v2\/users\/2"}],"replies":[{"embeddable":true,"href":"https:\/\/www.europesays.com\/fr\/wp-json\/wp\/v2\/comments?post=427102"}],"version-history":[{"count":0,"href":"https:\/\/www.europesays.com\/fr\/wp-json\/wp\/v2\/posts\/427102\/revisions"}],"wp:featuredmedia":[{"embeddable":true,"href":"https:\/\/www.europesays.com\/fr\/wp-json\/wp\/v2\/media\/427103"}],"wp:attachment":[{"href":"https:\/\/www.europesays.com\/fr\/wp-json\/wp\/v2\/media?parent=427102"}],"wp:term":[{"taxonomy":"category","embeddable":true,"href":"https:\/\/www.europesays.com\/fr\/wp-json\/wp\/v2\/categories?post=427102"},{"taxonomy":"post_tag","embeddable":true,"href":"https:\/\/www.europesays.com\/fr\/wp-json\/wp\/v2\/tags?post=427102"}],"curies":[{"name":"wp","href":"https:\/\/api.w.org\/{rel}","templated":true}]}}