{"id":427104,"date":"2025-09-29T22:09:18","date_gmt":"2025-09-29T22:09:18","guid":{"rendered":"https:\/\/www.europesays.com\/fr\/427104\/"},"modified":"2025-09-29T22:09:18","modified_gmt":"2025-09-29T22:09:18","slug":"21-expositions-gratuites-a-voir-absolument-a-paris-en-automne-2025","status":"publish","type":"post","link":"https:\/\/www.europesays.com\/fr\/427104\/","title":{"rendered":"21 expositions gratuites \u00e0 voir (absolument) \u00e0 Paris en automne 2025"},"content":{"rendered":"<p>Command\u00e9 par Paris Match en 1979 \u00e0 <a href=\"https:\/\/www.admagazine.fr\/article\/3-expositions-photo-paris-mai-2025\" target=\"_blank\" rel=\"noopener\">Raymond Depardon<\/a>, ce t\u00e9moignage de l&rsquo;horreur des camps d&rsquo;extermination nazis a figur\u00e9 dans nombre de publications. On le retrouve jusqu&rsquo;en novembre au M\u00e9morial de la Shoah.<\/p>\n<p><strong>Jusqu&rsquo;au 9 novembre<\/strong>. 17, rue Geoffroy l&rsquo;Asnier, 75004 Paris.<\/p>\n<p>13. Le rock en images<\/p>\n<p>Claude Gassian, Ailleurs, Exactement, Galerie Rabouan Moussion (IIIe arrondissement)<\/p>\n<p><img decoding=\"async\" alt=\"Claude Gassian Patti Smith Paris 1976.\" loading=\"lazy\" class=\"ResponsiveImageContainer-eNxvmU cfBbTk responsive-image__image\"   src=\"https:\/\/www.europesays.com\/fr\/wp-content\/uploads\/2025\/09\/Patti%20Smith@Claude%20Gassian%20_Autorisation%20exclusivement%20promo%20et%20presse%20pour%20le%20l.jpeg\"\/><\/p>\n<p>Claude Gassian, Patti Smith, Paris, 1976.\u00a9 Claude Gassian. Courtesy Galerie Rabouan Moussion, Paris.<\/p>\n<p>Le rock est au programme automnal de la galerie Rabouan Moussion, qui c\u00e9l\u00e8bre l&rsquo;\u0153uvre de Claude Gassian, l\u2019un des grands photographes de la sc\u00e8ne musicale : Patti Smith, <a href=\"https:\/\/www.admagazine.fr\/article\/maisons-jane-birkin-serge-gainsbourg\" target=\"_blank\" rel=\"noopener\">Serge Gainsbourg<\/a>, The Cure, Vanessa Paradis, Daft Punk, Myl\u00e8ne Farmer\u2026<\/p>\n<p><strong>Jusqu&rsquo;au 22 novembre.<\/strong> 11, rue Pastourelle, 75003 Paris.<\/p>\n<p>14. La vie inuite contemporaine<\/p>\n<p>Les Gardiens de l\u2019Oc\u00e9an, Inuuteq Storch, Maison du Danemark (VIIIe arrondissement)<\/p>\n<p><img decoding=\"async\" alt=\"Inuuteq Storch From the series Soon Will Summer Be Over.\" loading=\"lazy\" class=\"ResponsiveImageContainer-eNxvmU cfBbTk responsive-image__image\"   src=\"https:\/\/www.europesays.com\/fr\/wp-content\/uploads\/2025\/09\/Capture%20d%E2%80%99e%CC%81cran%202025-09-29%20a%CC%80%2017.59.33.png\"\/><\/p>\n<p>Inuuteq Storch, From the series Soon Will Summer Be Over.\u00a9 Inuuteq Storch<\/p>\n<p>Apr\u00e8s avoir repr\u00e9sent\u00e9 son pays \u00e0 la <a href=\"https:\/\/www.admagazine.fr\/article\/revelations-biennale-metiers-art-2025\" target=\"_blank\" rel=\"noopener\">Biennale d\u2019art<\/a> de Venise en 2024, Inuuteq Storch est \u00e0 l&rsquo;honneur de la Maison du Danemark. On y d\u00e9couvre ses photographies du Groenland, sa terre natale, \u00ab proposant une lecture personnelle, intime et politique de son environnement et de son h\u00e9ritage \u00bb.<\/p>\n<p><strong>Jusqu&rsquo;au 23 novembre.<\/strong> 142, avenue des Champs-Elys\u00e9es, 75008 Paris.<\/p>\n<p>15. Vues du Panama<\/p>\n<p>Sandra Eleta, Regards au c\u0153ur du Panama, Galerie Rouge (IVe arrondissement)<\/p>\n<p><img decoding=\"async\" alt=\"Edita Panama Srie La Servidumbre c. 1978\" loading=\"lazy\" class=\"ResponsiveImageContainer-eNxvmU cfBbTk responsive-image__image\"   src=\"https:\/\/www.europesays.com\/fr\/wp-content\/uploads\/2025\/09\/B0016150-copie-2048x2044.jpg\"\/><\/p>\n<p>Edita, Panama, S\u00e9rie La Servidumbre, c. 1978\u00a9 Sandra Eleta<\/p>\n","protected":false},"excerpt":{"rendered":"Command\u00e9 par Paris Match en 1979 \u00e0 Raymond Depardon, ce t\u00e9moignage de l&rsquo;horreur des camps d&rsquo;extermination nazis a&hellip;\n","protected":false},"author":2,"featured_media":427105,"comment_status":"","ping_status":"","sticky":false,"template":"","format":"standard","meta":{"footnotes":""},"categories":[1888],"tags":[1111,1928,11,1927,3734,1777,674,1349,1011,27,7107,12,1926,626,1925,1756,25],"class_list":{"0":"post-427104","1":"post","2":"type-post","3":"status-publish","4":"format-standard","5":"has-post-thumbnail","7":"category-paris","8":"tag-actu","9":"tag-actu-paris","10":"tag-actualites","11":"tag-actualites-paris","12":"tag-art","13":"tag-eu","14":"tag-europe","15":"tag-expositions","16":"tag-fr","17":"tag-france","18":"tag-musees","19":"tag-news","20":"tag-news-paris","21":"tag-paris","22":"tag-paris-news","23":"tag-photographie","24":"tag-republique-francaise"},"share_on_mastodon":{"url":"https:\/\/pubeurope.com\/@fr\/115289874076083988","error":""},"_links":{"self":[{"href":"https:\/\/www.europesays.com\/fr\/wp-json\/wp\/v2\/posts\/427104","targetHints":{"allow":["GET"]}}],"collection":[{"href":"https:\/\/www.europesays.com\/fr\/wp-json\/wp\/v2\/posts"}],"about":[{"href":"https:\/\/www.europesays.com\/fr\/wp-json\/wp\/v2\/types\/post"}],"author":[{"embeddable":true,"href":"https:\/\/www.europesays.com\/fr\/wp-json\/wp\/v2\/users\/2"}],"replies":[{"embeddable":true,"href":"https:\/\/www.europesays.com\/fr\/wp-json\/wp\/v2\/comments?post=427104"}],"version-history":[{"count":0,"href":"https:\/\/www.europesays.com\/fr\/wp-json\/wp\/v2\/posts\/427104\/revisions"}],"wp:featuredmedia":[{"embeddable":true,"href":"https:\/\/www.europesays.com\/fr\/wp-json\/wp\/v2\/media\/427105"}],"wp:attachment":[{"href":"https:\/\/www.europesays.com\/fr\/wp-json\/wp\/v2\/media?parent=427104"}],"wp:term":[{"taxonomy":"category","embeddable":true,"href":"https:\/\/www.europesays.com\/fr\/wp-json\/wp\/v2\/categories?post=427104"},{"taxonomy":"post_tag","embeddable":true,"href":"https:\/\/www.europesays.com\/fr\/wp-json\/wp\/v2\/tags?post=427104"}],"curies":[{"name":"wp","href":"https:\/\/api.w.org\/{rel}","templated":true}]}}