{"id":427110,"date":"2025-09-29T22:12:20","date_gmt":"2025-09-29T22:12:20","guid":{"rendered":"https:\/\/www.europesays.com\/fr\/427110\/"},"modified":"2025-09-29T22:12:20","modified_gmt":"2025-09-29T22:12:20","slug":"que-sait-on-de-ce-sous-marin-russe-en-perdition-pres-des-cotes-europeennes","status":"publish","type":"post","link":"https:\/\/www.europesays.com\/fr\/427110\/","title":{"rendered":"que sait-on de ce sous-marin russe en perdition, pr\u00e8s des c\u00f4tes europ\u00e9ennes ?"},"content":{"rendered":"<p class=\"article-p mdl\">Un sous-marin russe est en perdition pr\u00e8s des c\u00f4tes europ\u00e9ennes. Novorossisk a \u00e9t\u00e9 rep\u00e9r\u00e9 vendredi 26 septembre au large de Gibraltar. Il quittait la M\u00e9diterran\u00e9e pour rejoindre l&rsquo;oc\u00e9an Atlantique. Il serait victime d&rsquo;une fuite de carburant et personne \u00e0 bord n&rsquo;est capable de r\u00e9soudre le probl\u00e8me.\u00a0<\/p>\n<p class=\"article-p mdl\">D&rsquo;apr\u00e8s des documents officiels diffus\u00e9s par une cha\u00eene Telegram d&rsquo;opposition russe, le Novorossisk\u00a0fait face \u00e0 une fuite de carburant. Le diesel s&rsquo;accumule dans la cale,<strong> l&rsquo;\u00e9quipage n&rsquo;est pas qualifi\u00e9 pour r\u00e9parer et doit d\u00e9verser le carburant dans la mer pour \u00e9viter l&rsquo;explosion.<\/strong> Le sous-marin a \u00e9t\u00e9 rep\u00e9r\u00e9 dimanche 28 septembre au large de\u00a0<a class=\"link\" href=\"https:\/\/www.rtl.fr\/culture\/culture-generale\/pourquoi-gibraltar-est-entre-dans-l-histoire-du-rock-7900323068\" target=\"_blank\" rel=\"noopener\">Gibraltar<\/a>, au sud de l&rsquo;Espagne.\u00a0<\/p>\n<p class=\"article-p mdl\">Les <strong>soldats esp\u00e8rent rejoindre leur port d&rsquo;attache en mer Baltique, ce qui serait le seul moyen de r\u00e9parer l&rsquo;avarie<\/strong>. Auparavant, les Russes pouvaient se rendre dans un port syrien, mais cela est impossible depuis la chute de\u00a0<a class=\"link\" href=\"https:\/\/www.rtl.fr\/actu\/international\/syrie-beaucoup-de-preuves-des-crimes-perpetres-sous-bachar-al-assad-retrouvees-par-l-onu-7900468050\" target=\"_blank\" rel=\"noopener\">Bachar al-Assad.<\/a>\u00a0<\/p>\n<p class=\"article-p mdl\">Pourquoi ce sous-marin se trouve-t-il en M\u00e9diterran\u00e9e ? C&rsquo;est une situation normale. \u00ab\u00a0Les Russes tendent \u00e0 maintenir une pr\u00e9sence en M\u00e9diterran\u00e9e. \u00c7a permet de surveiller les\u00a0<a class=\"link\" href=\"https:\/\/www.rtl.fr\/actu\/international\/et-si-l-otan-abattait-un-avion-russe-violant-son-espace-aerien-a-serait-la-guerre-previent-l-ambassadeur-de-russie-en-france-sur-rtl-7900545224\" target=\"_blank\" rel=\"noopener\">activit\u00e9s de l&rsquo;OTAN<\/a>. [&#8230;]\u00a0 C&rsquo;est <strong>important pour eux de surveiller ce qui se passe et de collecter du renseignement\u00a0\u00bb<\/strong> a indiqu\u00e9 \u00e0 RTL Etienne Marcus, expert en armement \u00e0 la Fondation pour la Recherche Strat\u00e9gique.<\/p>\n<p class=\"article-p mdl\">La flotte russe risque-t-elle de perdre un sous-marin ? L&rsquo;\u00e9quipage arrivera-t-il jusqu&rsquo;en mer Baltique, jusqu&rsquo;\u00e0 Saint-P\u00e9tersbourg ? <strong>Les Russes sont hant\u00e9s par le souvenir du\u00a0Koursk. <\/strong>En 2000,\u00a0sous-marin nucl\u00e9aire avait sombr\u00e9<strong> <\/strong>apr\u00e8s une explosion, <strong>provoquant 118 morts.<\/strong> Poutine et son gouvernement avaient tard\u00e9 \u00e0 r\u00e9agir et avaient minimis\u00e9 la catastrophe.<\/p>\n<p>    La r\u00e9daction vous recommande<\/p>\n<p class=\"s-newsletter__title\">\n                L\u2019actualit\u00e9 par la r\u00e9daction de RTL dans votre bo\u00eete mail.\n            <\/p>\n<p class=\"s-newsletter__subtitle\">\n                Gr\u00e2ce \u00e0 votre compte RTL abonnez-vous \u00e0 la newsletter RTL info pour suivre toute l&rsquo;actualit\u00e9 au quotidien\n            <\/p>\n<p>\n                                    Lire la suite\n                                <\/p>\n","protected":false},"excerpt":{"rendered":"Un sous-marin russe est en perdition pr\u00e8s des c\u00f4tes europ\u00e9ennes. Novorossisk a \u00e9t\u00e9 rep\u00e9r\u00e9 vendredi 26 septembre au&hellip;\n","protected":false},"author":2,"featured_media":427111,"comment_status":"","ping_status":"","sticky":false,"template":"","format":"standard","meta":{"footnotes":""},"categories":[1591],"tags":[11,1813,1887,107,1252,12,362,1885,1886,132],"class_list":{"0":"post-427110","1":"post","2":"type-post","3":"status-publish","4":"format-standard","5":"has-post-thumbnail","7":"category-russie","8":"tag-actualites","9":"tag-armee","10":"tag-federation-de-russie","11":"tag-fil-info","12":"tag-mediterranee","13":"tag-news","14":"tag-replay","15":"tag-russia","16":"tag-russian-federation","17":"tag-russie"},"share_on_mastodon":{"url":"https:\/\/pubeurope.com\/@fr\/115289885463593782","error":""},"_links":{"self":[{"href":"https:\/\/www.europesays.com\/fr\/wp-json\/wp\/v2\/posts\/427110","targetHints":{"allow":["GET"]}}],"collection":[{"href":"https:\/\/www.europesays.com\/fr\/wp-json\/wp\/v2\/posts"}],"about":[{"href":"https:\/\/www.europesays.com\/fr\/wp-json\/wp\/v2\/types\/post"}],"author":[{"embeddable":true,"href":"https:\/\/www.europesays.com\/fr\/wp-json\/wp\/v2\/users\/2"}],"replies":[{"embeddable":true,"href":"https:\/\/www.europesays.com\/fr\/wp-json\/wp\/v2\/comments?post=427110"}],"version-history":[{"count":0,"href":"https:\/\/www.europesays.com\/fr\/wp-json\/wp\/v2\/posts\/427110\/revisions"}],"wp:featuredmedia":[{"embeddable":true,"href":"https:\/\/www.europesays.com\/fr\/wp-json\/wp\/v2\/media\/427111"}],"wp:attachment":[{"href":"https:\/\/www.europesays.com\/fr\/wp-json\/wp\/v2\/media?parent=427110"}],"wp:term":[{"taxonomy":"category","embeddable":true,"href":"https:\/\/www.europesays.com\/fr\/wp-json\/wp\/v2\/categories?post=427110"},{"taxonomy":"post_tag","embeddable":true,"href":"https:\/\/www.europesays.com\/fr\/wp-json\/wp\/v2\/tags?post=427110"}],"curies":[{"name":"wp","href":"https:\/\/api.w.org\/{rel}","templated":true}]}}