{"id":427114,"date":"2025-09-29T22:15:13","date_gmt":"2025-09-29T22:15:13","guid":{"rendered":"https:\/\/www.europesays.com\/fr\/427114\/"},"modified":"2025-09-29T22:15:13","modified_gmt":"2025-09-29T22:15:13","slug":"sylvie-laurent-historienne-un-mecanisme-de-fascisation-est-a-loeuvre-aux-etats-unis","status":"publish","type":"post","link":"https:\/\/www.europesays.com\/fr\/427114\/","title":{"rendered":"Sylvie Laurent, historienne : \u00ab\u00a0un m\u00e9canisme de fascisation est \u00e0 l\u2019\u0153uvre\u00a0\u00bb aux \u00c9tats-Unis"},"content":{"rendered":"<p>Aux \u00c9tats-Unis, le d\u00e9bat alimente la chronique universitaire comme politique\u00a0: quelle est la nature du projet <a href=\"https:\/\/www.humanite.fr\/monde\/donald-trump\/fusillade-dans-une-eglise-mormone-aux-etats-unis-la-nouvelle-instrumentalisation-de-donald-trump\" target=\"_blank\" rel=\"noopener\">de Donald Trump depuis son retour \u00e0 la Maison-Blanche<\/a>, manifestement diff\u00e9rent de son premier mandat\u00a0? \u00c9l\u00e9ments de r\u00e9ponse avec l\u2019une des sp\u00e9cialistes fran\u00e7aises des \u00c9tats-Unis et chercheuse associ\u00e9e \u00e0 l\u2019universit\u00e9 Harvard.<\/p>\n<p class=\"wp-block-huma-question\">Comment d\u00e9cririez-vous ce que l\u2019administration Trump met en place\u00a0?<\/p>\n<p class=\"t-label-medium debater__name\">Sylvie Laurent<\/p>\n<p class=\"t-label-small debater__function\">Ma\u00eetresse de conf\u00e9rence \u00e0 Sciences Po<\/p>\n<p>Nous assistons m\u00e9dus\u00e9s \u00e0 la mise en place d\u2019un r\u00e9gime autoritaire d\u2019extr\u00eame droite, qui bafoue non seulement les formes, normes et r\u00e8gles de la d\u00e9mocratie lib\u00e9rale mais qui instaure <a href=\"https:\/\/www.humanite.fr\/monde\/donald-trump\/etats-unis-pourquoi-le-chef-du-pentagone-convoque-t-il-a-washington-lensemble-du-commandement-militaire\" target=\"_blank\" rel=\"noopener\">le r\u00e8gne de la domination arbitraire de l\u2019\u00c9tat <\/a>sur la soci\u00e9t\u00e9 civile. Toute l\u2019histoire am\u00e9ricaine est pr\u00e9cis\u00e9ment marqu\u00e9e par cette hantise qu\u2019un despote impose son pouvoir discr\u00e9tionnaire sur les individus souverains.<\/p>\n<p>Tout l\u2019\u00e9difice politique, juridique et culturel des \u00c9tats-Unis repose sur la conjuration d\u2019un C\u00e9sar am\u00e9ricain. C\u2019est tout le sens du premier amendement et du \u00ab\u00a0free speech\u00a0\u00bb dont on parle beaucoup en ce moment\u00a0: nul pouvoir public ne peut r\u00e9primer la parole des citoyens, leurs droits inali\u00e9nables \u00e0 la dissidence.<\/p>\n<p>Trump contrevient donc radicalement \u00e0 l\u2019histoire et m\u00eame \u00e0 l\u2019esprit de son pays. <a href=\"https:\/\/www.humanite.fr\/monde\/los-angeles\/ice-un-rapport-detaille-les-violences-policieres-commises-contre-les-manifestants-a-los-angeles\" target=\"_blank\" rel=\"noopener\">La violence d\u2019\u00c9tat, l\u2019intimidation, la corruption, les passe-droits et la r\u00e9pression sont aujourd\u2019hui les normes<\/a>. Une terreur profonde s\u2019est empar\u00e9e des personnes les plus vuln\u00e9rables du pays, en premier lieu les immigr\u00e9s qui sont traqu\u00e9s et d\u00e9port\u00e9s sans droit \u00e0 se d\u00e9fendre.<\/p>\n<p>Le reste du corps social est disciplin\u00e9 et somm\u00e9 d\u2019obtemp\u00e9rer. Bref, ce ne serait qu\u2019un glissement vers l\u2019autoritarisme r\u00e9actionnaire si l\u2019id\u00e9ologie et la pratique du pouvoir n\u2019\u00e9taient \u00e0 ce point ancr\u00e9es dans\u00a0l\u2019id\u00e9e de la contamination par les \u00e9trangers, les ennemis du peuple et les ind\u00e9sirables. Un m\u00e9canisme de fascisation me semble sans conteste \u00e0 l\u2019\u0153uvre.<\/p>\n<p class=\"wp-block-huma-question\">La nature f\u00e9d\u00e9rale de l\u2019\u00c9tat peut-elle faire obstacle \u00e0 ce projet\u00a0? De quelles ressources disposent les opposants\u00a0?<\/p>\n<p>Les r\u00e9publicains, traditionnellement hostiles \u00e0 la centralisation du pouvoir, sont d\u00e9sormais des relais z\u00e9l\u00e9s du gouvernement intrusif de Donald Trump et aucun \u00e9lu local <a href=\"https:\/\/www.humanite.fr\/monde\/donald-trump\/etats-unis-comment-donald-trump-utilise-lassassinat-de-charlie-kirk-pour-lancer-une-veritable-croisade-contre-la-gauche\" target=\"_blank\" rel=\"noopener\">conservateur n\u2019\u00e9met la moindre r\u00e9serve<\/a>. Il existe des divergences au sein de la coalition trumpienne mais elles sont tues tant le projet g\u00e9n\u00e9ral de revanche et de r\u00e9invention du pays l\u2019unit.<\/p>\n<p>Elle n\u2019est pas plus conservatrice que libertarienne\u00a0: cette droite r\u00e9volutionnaire esp\u00e8re que l\u2019\u00c9tat incarn\u00e9 par un homme purgera le pays des effets jug\u00e9s d\u00e9l\u00e9t\u00e8res de la d\u00e9mocratie. Des grands patrons \u00e0 la Cour supr\u00eame, on accompagne et on facilite le projet de l\u2019extr\u00eame droite au pouvoir. Quelques juges locaux tentent vaillamment de faire valoir le droit contre la force mais ils sont syst\u00e9matiquement d\u00e9savou\u00e9s par la Cour supr\u00eame.<\/p>\n<p class=\"wp-block-huma-question\">Discernez-vous une strat\u00e9gie des d\u00e9mocrates face \u00e0 ces tentatives\u00a0?<\/p>\n<p>Les d\u00e9mocrates sont \u00e0 ce jour incapables de porter la r\u00e9sistance et d\u2019articuler un contre-discours efficace. Ils ne se sont pas remis du d\u00e9sastre Biden-Harris et n\u2019ont ni direction incarn\u00e9e, ni ligne, ni sans doute d\u00e9termination. Ils sont certes minoritaires au Congr\u00e8s mais cela n\u2019explique pas l\u2019apathie des deux figures majeures du S\u00e9nat et de la chambre (Chuck Schumer et Hakeem Jeffries) ni l\u2019hostilit\u00e9 larv\u00e9e de l\u2019establishment d\u00e9mocrate vis-\u00e0-vis du duo Sanders et Ocasio-Cortez, d\u2019une part, et <a href=\"https:\/\/www.humanite.fr\/monde\/etats-unis\/a-new-york-le-candidat-socialiste-zohran-mamdani-adapte-sa-campagne-a-deux-mois-de-lelection-municipale\" target=\"_blank\" rel=\"noopener\">\u00e0 l\u2019\u00e9gard de Zohran Mamdani<\/a>, d\u2019autre part, alors qu\u2019ils furent chacun \u00e0 l\u2019origine d\u2019un renouveau de l\u2019espoir et de la mobilisation \u00e0 gauche.<\/p>\n<p class=\"wp-block-huma-question\">Que nous disent la r\u00e9cup\u00e9ration et l\u2019instrumentalisation de la mort de Charlie Kirk du r\u00e9gime politique mis en place par Trump\u00a0?<\/p>\n<p><a href=\"https:\/\/www.humanite.fr\/monde\/charlie-kirk\/charlie-kirk-lalt-right-et-la-culture-du-meme\" target=\"_blank\" rel=\"noopener\">Charlie Kirk \u00e9tait un int\u00e9griste religieux<\/a>, un ardent d\u00e9fenseur de la supr\u00e9matie masculine et blanche. Sa d\u00e9votion \u00e0 Donald Trump, bien plus que sa notori\u00e9t\u00e9 toute relative dans le pays, explique son importance politique de son vivant.<\/p>\n<p>Mais avec sa mort et sa sanctification par un r\u00e9gime friand de spectacle politique (grand-messe \u00e9vang\u00e9lique, chars blind\u00e9s dans les rues\u2026), Donald Trump r\u00e9v\u00e8le la qu\u00eate fondamentale des extr\u00eames droites\u00a0: le d\u00e9sir d\u2019absolution, de jouir d\u2019une\u00a0impunit\u00e9 absolue \u00e0 dominer, exclure, violenter, exploiter et r\u00e9primer au nom de leur statut de victime de l\u2019Histoire, domin\u00e9e selon eux par la gauche.<\/p>\n<p>Voil\u00e0 pourquoi <a href=\"https:\/\/www.humanite.fr\/monde\/benyamin-netanyahou\/a-lonu-la-palestine-devance-netanyahou\" target=\"_blank\" rel=\"noopener\">Trump demande l\u2019impunit\u00e9 pour Bolsonaro ou Netanyahou,<\/a> pourquoi Meloni ou Bardella reprennent le culte de Kirk. Il s\u2019agit de l\u00e9gitimer, par la propagande du martyr, la violence sociale, la corruption et l\u2019alliance fondamentale de leur tradition politique avec les puissants.<\/p>\n<p>Face \u00e0 l\u2019extr\u00eame droite, ne rien l\u00e2cher\u00a0!<\/p>\n<p>C\u2019est pied \u00e0 pied, argument contre argument qu\u2019il faut combattre l\u2019extr\u00eame droite. Et c\u2019est ce que nous faisons chaque jour dans l\u2019Humanit\u00e9.<\/p>\n<p>Face aux attaques incessantes des racistes et des porteurs de haine\u00a0: soutenez-nous\u00a0! Ensemble, faisons entendre une autre voix dans ce d\u00e9bat public toujours plus naus\u00e9abond.<br \/><a href=\"https:\/\/www.humanite.fr\/lhumanite-cest-vous\" target=\"_blank\" rel=\"noopener\">Je veux en savoir plus.<\/a><\/p>\n","protected":false},"excerpt":{"rendered":"Aux \u00c9tats-Unis, le d\u00e9bat alimente la chronique universitaire comme politique\u00a0: quelle est la nature du projet de Donald&hellip;\n","protected":false},"author":2,"featured_media":427115,"comment_status":"","ping_status":"","sticky":false,"template":"","format":"standard","meta":{"footnotes":""},"categories":[1589],"tags":[11,73,1866,16959,12,467,770,1864,1865,1863,308],"class_list":{"0":"post-427114","1":"post","2":"type-post","3":"status-publish","4":"format-standard","5":"has-post-thumbnail","7":"category-etats-unis","8":"tag-actualites","9":"tag-etats-unis","10":"tag-etats-unis-damerique","11":"tag-fascisme","12":"tag-news","13":"tag-trump","14":"tag-u00e9tats-unis","15":"tag-united-states","16":"tag-united-states-of-america","17":"tag-us","18":"tag-usa"},"share_on_mastodon":{"url":"https:\/\/pubeurope.com\/@fr\/115289897497897600","error":""},"_links":{"self":[{"href":"https:\/\/www.europesays.com\/fr\/wp-json\/wp\/v2\/posts\/427114","targetHints":{"allow":["GET"]}}],"collection":[{"href":"https:\/\/www.europesays.com\/fr\/wp-json\/wp\/v2\/posts"}],"about":[{"href":"https:\/\/www.europesays.com\/fr\/wp-json\/wp\/v2\/types\/post"}],"author":[{"embeddable":true,"href":"https:\/\/www.europesays.com\/fr\/wp-json\/wp\/v2\/users\/2"}],"replies":[{"embeddable":true,"href":"https:\/\/www.europesays.com\/fr\/wp-json\/wp\/v2\/comments?post=427114"}],"version-history":[{"count":0,"href":"https:\/\/www.europesays.com\/fr\/wp-json\/wp\/v2\/posts\/427114\/revisions"}],"wp:featuredmedia":[{"embeddable":true,"href":"https:\/\/www.europesays.com\/fr\/wp-json\/wp\/v2\/media\/427115"}],"wp:attachment":[{"href":"https:\/\/www.europesays.com\/fr\/wp-json\/wp\/v2\/media?parent=427114"}],"wp:term":[{"taxonomy":"category","embeddable":true,"href":"https:\/\/www.europesays.com\/fr\/wp-json\/wp\/v2\/categories?post=427114"},{"taxonomy":"post_tag","embeddable":true,"href":"https:\/\/www.europesays.com\/fr\/wp-json\/wp\/v2\/tags?post=427114"}],"curies":[{"name":"wp","href":"https:\/\/api.w.org\/{rel}","templated":true}]}}