{"id":427116,"date":"2025-09-29T22:16:14","date_gmt":"2025-09-29T22:16:14","guid":{"rendered":"https:\/\/www.europesays.com\/fr\/427116\/"},"modified":"2025-09-29T22:16:14","modified_gmt":"2025-09-29T22:16:14","slug":"au-royaume-uni-les-travaillistes-laches-par-la-jeunesse","status":"publish","type":"post","link":"https:\/\/www.europesays.com\/fr\/427116\/","title":{"rendered":"Au Royaume-Uni, les travaillistes l\u00e2ch\u00e9s par la jeunesse"},"content":{"rendered":"<p class=\"mb-4 text-lg md:leading-8 break-words\">Dr\u00f4le d\u2019ambiance \u00e0 Liverpool. La cit\u00e9 portuaire anglaise, bastion travailliste depuis plus de quarante ans, accueille pour la quatri\u00e8me fois d\u2019affil\u00e9e le congr\u00e8s annuel du Labour (28 septembre-1er octobre). \u201cMais si lors de l\u2019\u00e9dition de 2024, l\u2019humeur \u00e9tait \u00e0 la f\u00eate\u201d, dans le sillage de <a href=\"https:\/\/www.courrierinternational.com\/article\/analyse-victoire-des-travaillistes-au-royaume-uni-un-triomphe-en-trompe-l-il\" rel=\"nofollow noopener\" target=\"_blank\" data-ylk=\"slk:la nette victoire du parti aux \u00e9lections l\u00e9gislatives;elm:context_link;itc:0;sec:content-canvas\" class=\"link \">la nette victoire du parti aux \u00e9lections l\u00e9gislatives<\/a>, synonyme de retour au pouvoir apr\u00e8s quatorze ann\u00e9es de travers\u00e9e du d\u00e9sert, \u201cle r\u00eave a depuis vir\u00e9 au cauchemar\u201d, <a href=\"https:\/\/www.telegraph.co.uk\/news\/2025\/09\/27\/the-starmer-project-is-already-on-its-last-legs\/\" rel=\"nofollow noopener\" target=\"_blank\" data-ylk=\"slk:raille The Daily Telegraph,;elm:context_link;itc:0;sec:content-canvas\" class=\"link \">raille <strong>The Daily Telegraph,<\/strong><\/a> farouche critique de la majorit\u00e9.<\/p>\n<p class=\"mb-4 text-lg md:leading-8 break-words\">Remaniements, grands discours : rien n\u2019y fait, la liste de d\u00e9boires s\u2019allonge de jour en jour pour le Premier ministre, Keir Starmer. La croissance peine \u00e0 d\u00e9coller. Les finances publiques, d\u00e9j\u00e0 exsangues sous l\u2019ex\u00e9cutif conservateur pr\u00e9c\u00e9dent, demeurent en piteux \u00e9tat. L\u2019immigration irr\u00e9guli\u00e8re s\u2019est impos\u00e9e comme une question br\u00fblante, et en apparence insoluble.<\/p>\n<p class=\"mb-4 text-lg md:leading-8 break-words\">Sans parler des r\u00e9centes <a href=\"https:\/\/www.courrierinternational.com\/article\/royaume-uni-apres-la-demission-de-sa-vice-premiere-ministre-keir-starmer-se-droitise-encore_234902\" rel=\"nofollow noopener\" target=\"_blank\" data-ylk=\"slk:d\u00e9missions de la vice-Premi\u00e8re ministre, Angela Rayner;elm:context_link;itc:0;sec:content-canvas\" class=\"link \">d\u00e9missions de la vice-Premi\u00e8re ministre, Angela Rayner<\/a>, accus\u00e9e d\u2019entorse au fisc, et de <a href=\"https:\/\/www.courrierinternational.com\/article\/politique-mon-meilleur-pote-l-ambassadeur-britannique-aux-etats-unis-rattrape-par-l-affaire-epstein_235029\" rel=\"nofollow noopener\" target=\"_blank\" data-ylk=\"slk:l\u2019ambassadeur \u00e0 Washington, Peter Mandelson;elm:context_link;itc:0;sec:content-canvas\" class=\"link \">l\u2019ambassadeur \u00e0 Washington, Peter Mandelson<\/a>, emp\u00eatr\u00e9 dans l\u2019affaire Epstein. \u201cDans la bulle de la conf\u00e9rence, tout le monde est pourtant content de Starmer\u201d, ironise le Daily Telegraph, micro-trottoir \u00e0 l\u2019appui.<\/p>\n<p>Starmer d\u00e9j\u00e0 en sursis<\/p>\n<p class=\"mb-4 text-lg md:leading-8 break-words\">En r\u00e9alit\u00e9, \u201cl\u2019autorit\u00e9 du Premier ministre fond comme neige au soleil, <a href=\"https:\/\/www.theguardian.com\/commentisfree\/2025\/sep\/26\/the-guardian-view-on-labour-conference-a-clash-of-visions-and-direction-not-egos-and-personnel\" rel=\"nofollow noopener\" target=\"_blank\" data-ylk=\"slk:regrette le quotidien de centre gauche The Guardian;elm:context_link;itc:0;sec:content-canvas\" class=\"link \">regrette le quotidien de centre gauche <strong>The Guardian<\/strong><\/a><strong>.<\/strong> Sa cote de popularit\u00e9 comme celle du parti s\u2019effondrent \u00e0 vue d\u2019\u0153il.\u201d \u00c0 tel point que, dans les couloirs de Westminster, la r\u00e9bellion gronde. Exasp\u00e9r\u00e9s par l\u2019absence de vision \u00e0 long terme et le manque d\u2019ambition du gouvernement, les d\u00e9put\u00e9s de l\u2019aile gauche commencent \u00e0 \u00e9voquer, d\u00e9j\u00e0, l\u2019apr\u00e8s-Starmer.<\/p>\n<p class=\"mb-4 text-lg md:leading-8 break-words\">Vendredi 26 septembre, \u00e0 deux jours de l\u2019ouverture du congr\u00e8s, <a href=\"https:\/\/www.newstatesman.com\/politics\/2025\/09\/exclusive-andy-burnhams-plan-for-britain\" rel=\"nofollow noopener\" target=\"_blank\" data-ylk=\"slk:The New Statesman, hebdomadaire incontournable de l\u2019intelligentsia travailliste;elm:context_link;itc:0;sec:content-canvas\" class=\"link \"><strong>The New Statesman,<\/strong> hebdomadaire incontournable de l\u2019intelligentsia travailliste<\/a>, consacrait d\u2019ailleurs sa une \u00e0 Andy Burnham, maire du Grand Manchester. Tout sauf une co\u00efncidence : l\u2019ancien d\u00e9put\u00e9 de 55 ans, pourrait, selon une partie de la presse, chercher \u00e0 d\u00e9loger Keir Starmer de Downing Street d\u00e8s le printemps 2026, en cas de mauvais r\u00e9sultats aux scrutins locaux.<\/p>\n<p class=\"mb-4 text-lg md:leading-8 break-words\">[&#8230;] <strong><a href=\"https:\/\/www.courrierinternational.com\/article\/societe-au-royaume-uni-les-travaillistes-laches-par-la-jeunesse_235646\" rel=\"nofollow noopener\" target=\"_blank\" data-ylk=\"slk:Lire la suite sur Courrier international;elm:context_link;itc:0;sec:content-canvas\" class=\"link \">Lire la suite sur Courrier international<\/a><\/strong><\/p>\n<p>Sur le m\u00eame sujet :<\/p>\n","protected":false},"excerpt":{"rendered":"Dr\u00f4le d\u2019ambiance \u00e0 Liverpool. La cit\u00e9 portuaire anglaise, bastion travailliste depuis plus de quarante ans, accueille pour la&hellip;\n","protected":false},"author":2,"featured_media":427117,"comment_status":"","ping_status":"","sticky":false,"template":"","format":"standard","meta":{"footnotes":""},"categories":[1588],"tags":[11,15308,55580,1777,674,2581,55579,12,52424,473,1853,1851,1850,1852],"class_list":{"0":"post-427116","1":"post","2":"type-post","3":"status-publish","4":"format-standard","5":"has-post-thumbnail","7":"category-royaume-uni","8":"tag-actualites","9":"tag-angela-rayner","10":"tag-daily-telegraph","11":"tag-eu","12":"tag-europe","13":"tag-keir-starmer","14":"tag-la-rebellion","15":"tag-news","16":"tag-peter-mandelson","17":"tag-royaume-uni","18":"tag-royaume-uni-de-grande-bretagne-et-dirlande-du-nord","19":"tag-uk","20":"tag-united-kingdom","21":"tag-united-kingdom-of-great-britain-and-northern-ireland"},"share_on_mastodon":{"url":"https:\/\/pubeurope.com\/@fr\/115289901238157172","error":""},"_links":{"self":[{"href":"https:\/\/www.europesays.com\/fr\/wp-json\/wp\/v2\/posts\/427116","targetHints":{"allow":["GET"]}}],"collection":[{"href":"https:\/\/www.europesays.com\/fr\/wp-json\/wp\/v2\/posts"}],"about":[{"href":"https:\/\/www.europesays.com\/fr\/wp-json\/wp\/v2\/types\/post"}],"author":[{"embeddable":true,"href":"https:\/\/www.europesays.com\/fr\/wp-json\/wp\/v2\/users\/2"}],"replies":[{"embeddable":true,"href":"https:\/\/www.europesays.com\/fr\/wp-json\/wp\/v2\/comments?post=427116"}],"version-history":[{"count":0,"href":"https:\/\/www.europesays.com\/fr\/wp-json\/wp\/v2\/posts\/427116\/revisions"}],"wp:featuredmedia":[{"embeddable":true,"href":"https:\/\/www.europesays.com\/fr\/wp-json\/wp\/v2\/media\/427117"}],"wp:attachment":[{"href":"https:\/\/www.europesays.com\/fr\/wp-json\/wp\/v2\/media?parent=427116"}],"wp:term":[{"taxonomy":"category","embeddable":true,"href":"https:\/\/www.europesays.com\/fr\/wp-json\/wp\/v2\/categories?post=427116"},{"taxonomy":"post_tag","embeddable":true,"href":"https:\/\/www.europesays.com\/fr\/wp-json\/wp\/v2\/tags?post=427116"}],"curies":[{"name":"wp","href":"https:\/\/api.w.org\/{rel}","templated":true}]}}