{"id":427128,"date":"2025-09-29T22:25:21","date_gmt":"2025-09-29T22:25:21","guid":{"rendered":"https:\/\/www.europesays.com\/fr\/427128\/"},"modified":"2025-09-29T22:25:21","modified_gmt":"2025-09-29T22:25:21","slug":"toulouse-enzo-herve-alivereti-raka-les-infos-du-lundi-29-septembre","status":"publish","type":"post","link":"https:\/\/www.europesays.com\/fr\/427128\/","title":{"rendered":"Toulouse, Enzo Herv\u00e9, Alivereti Raka, les infos du lundi 29 septembre"},"content":{"rendered":"<p style=\"text-align: justify;\" align=\"justify\"><strong>TRANSFERTS RUGBY \u2013 Toulouse devrait prolonger deux cadres d\u2019importance, Enzo Herv\u00e9 va changer de club avec effet imm\u00e9diat et le futur d\u2019Alivereti Raka est incertain\u00a0 : les infos de ce lundi 29 septembre.<\/strong><\/p>\n<p>Stade Toulousain : Flament et Cruz Mall\u00eda vont rempiler<\/p>\n<p style=\"text-align: justify;\">Triple champion de France en titre, le <strong>Stade Toulousain<\/strong> s\u2019efforce toujours de construire la meilleure \u00e9quipe possible. Et quand c\u2019est d\u00e9j\u00e0 le cas, elle met l\u2019accent sur la conservation de ses meilleurs \u00e9l\u00e9ments. Au c\u0153ur de la saison derni\u00e8re, Toulouse avait lanc\u00e9 <a href=\"https:\/\/dicodusport.fr\/blog\/transferts-le-stade-toulousain-annonce-10-prolongations\/\" target=\"_blank\" rel=\"noopener\">une s\u00e9rie d\u2019une dizaine de prolongations<\/a>, dont celles de <strong>Jack Willis<\/strong> et <strong>Emmanuel Meafou<\/strong>.<\/p>\n<p style=\"text-align: justify;\">Et le Stade continue sur sa lanc\u00e9e. Le Midi Olympique indique en effet que les prolongations de <strong>Juan Cruz Mall\u00eda<\/strong> et de <strong>Thibaud Flament<\/strong> sont en tr\u00e8s bonne voie. Les deux sont des cadres de l\u2019\u00e9quipe, et internationaux de surcro\u00eet. L\u2019Argentin est d\u2019ailleurs en ce moment au c\u0153ur du Rugby Championship. Le d\u00e9but d\u2019une nouvelle s\u00e9rie de prolongations ?<\/p>\n<p style=\"text-align: justify;\"><strong>L\u2019avis de Dicodusport<\/strong> <strong>:\u00a0<\/strong>toujours une bonne nouvelle pour un club quand il conserve ses meilleurs joueurs. Il fallait se douter que Toulouse ne laisserait pas filer aussi facilement deux artisans des succ\u00e8s r\u00e9cents.\u00a0<\/p>\n<p>Castres : Enzo Herv\u00e9 arrive comme joker<\/p>\n<p style=\"text-align: justify;\">En 2023, <strong>Enzo Herv\u00e9<\/strong> faisait le grand saut et quittait le CA Brive, un de ses clubs formateurs et celui qui l\u2019avait lanc\u00e9 en Pro, pour tenter l\u2019aventure du c\u00f4t\u00e9 de Toulon. Deux ans plus tard, ce n\u2019est pas une franche r\u00e9ussite. Il ne s\u2019est jamais r\u00e9ellement impos\u00e9 \u00e0 l\u2019ouverture du RCT, et \u00e0 l\u2019intersaison, son nom avait m\u00eame \u00e9t\u00e9 murmur\u00e9 comme monnaie d\u2019\u00e9change pour permettre au club varois de r\u00e9cup\u00e9rer <strong>Louis Carbonel<\/strong>.<\/p>\n<p style=\"text-align: justify;\">Avec <strong>Paolo Garbisi<\/strong> et l\u2019arriv\u00e9e de <strong>Mat\u00e9o Garcia<\/strong>, son avenir \u00e9tait clairement bouch\u00e9. Mais il semble avoir trouv\u00e9 une porte de sortie. Le <strong>Castres Olympique<\/strong> \u00e9tait en recherche d\u2019un ouvreur apr\u00e8s en avoir perdu deux sur blessure, il l\u2019a trouv\u00e9 avec <strong>Enzo Herv\u00e9<\/strong>, qui devrait prochainement s\u2019engager en tant que joker m\u00e9dical.<\/p>\n<p>\n<a href=\"https:\/\/dicodusport.fr\/blog\/offres\/abonnements-sans-pub\/\" target=\"_blank\" rel=\"noopener\"><img loading=\"lazy\" decoding=\"async\" class=\"alignnone size-full wp-image-501284 perfmatters-lazy\" alt=\"\" width=\"1200\" height=\"200\" src=\"https:\/\/www.europesays.com\/fr\/wp-content\/uploads\/2025\/04\/Abonnements-sans-pubs-Dicodusport.png\"\/><\/a><br \/><a href=\"https:\/\/dicodusport.fr\/blog\/offres\/abonnements-sans-pub\/\" target=\"_blank\" rel=\"noopener\"><img loading=\"lazy\" decoding=\"async\" class=\"alignnone size-full wp-image-501296 perfmatters-lazy\" alt=\"\" width=\"400\" height=\"400\" src=\"https:\/\/www.europesays.com\/fr\/wp-content\/uploads\/2025\/04\/Abonnements-sans-pubs-Dicodusport-mobile.png\"\/><\/a><\/p>\n<p style=\"text-align: justify;\"><strong>L\u2019avis de Dicodusport<\/strong> <strong>:\u00a0<\/strong>Visiblement, Toulon \u00e9tait un cran trop haut pour Enzo Herv\u00e9. Il va avoir le champ libre \u00e0 Castres, et s\u2019il ne parvient pas \u00e0 laisser sa marque, il faudra se poser quelques questions\u2026<\/p>\n<p>Clermont : Alivereti Raka dans le flou ?<\/p>\n<p style=\"text-align: justify;\">C\u2019est la onzi\u00e8me saison d\u2019<strong>Alivereti Raka<\/strong> au sein de l\u2019ASM Clermont. L\u2019ailier a tout connu en Auvergne, que ce soit l\u2019accession au sein du XV de France, avec qui il a disput\u00e9 la Coupe du monde 2019, les affres de la blessure, mais aussi sa place dans les livres d\u2019histoire de son club, puisqu\u2019il a r\u00e9cemment d\u00e9pass\u00e9 la barre des 100 essais marqu\u00e9s avec Clermont.<\/p>\n<p style=\"text-align: justify;\">\u00c0 30 ans, il n\u2019a plus de futur international, mais reste un solide joueur de Top 14. Pas assez, cependant, pour emp\u00eacher son \u00e9quipe de r\u00e9fl\u00e9chir \u00e0 la suite. <strong>Raka<\/strong> est en fin de contrat en juin 2026, et Clermont n\u2019a pas encore d\u00e9cid\u00e9 s\u2019il allait lui proposer de poursuivre l\u2019aventure en Auvergne. Il va falloir prendre une d\u00e9cision, et peut-\u00eatre que ses performances pourront l\u2019influencer.<\/p>\n<p style=\"text-align: justify;\"><strong>L\u2019avis de Dicodusport :\u00a0<\/strong>l\u2019\u00e9ternelle question dans le sport professionnel : que faire de ses trentenaires ? Raka est au niveau, mais cela n\u2019est pas un argument si une \u00e9quipe veut rajeunir son effectif. Compliqu\u00e9 de voir Raka partir toutefois, au vu de son exp\u00e9rience et de ses performances actuelles.<\/p>\n","protected":false},"excerpt":{"rendered":"TRANSFERTS RUGBY \u2013 Toulouse devrait prolonger deux cadres d\u2019importance, Enzo Herv\u00e9 va changer de club avec effet imm\u00e9diat&hellip;\n","protected":false},"author":2,"featured_media":427129,"comment_status":"","ping_status":"","sticky":false,"template":"","format":"standard","meta":{"footnotes":""},"categories":[1416],"tags":[2113,1011,27,479,1468,60,477],"class_list":{"0":"post-427128","1":"post","2":"type-post","3":"status-publish","4":"format-standard","5":"has-post-thumbnail","7":"category-rugby","8":"tag-breve","9":"tag-fr","10":"tag-france","11":"tag-rugby","12":"tag-rugby-football","13":"tag-sports","14":"tag-transferts-rugby"},"share_on_mastodon":{"url":"https:\/\/pubeurope.com\/@fr\/115289937184419102","error":""},"_links":{"self":[{"href":"https:\/\/www.europesays.com\/fr\/wp-json\/wp\/v2\/posts\/427128","targetHints":{"allow":["GET"]}}],"collection":[{"href":"https:\/\/www.europesays.com\/fr\/wp-json\/wp\/v2\/posts"}],"about":[{"href":"https:\/\/www.europesays.com\/fr\/wp-json\/wp\/v2\/types\/post"}],"author":[{"embeddable":true,"href":"https:\/\/www.europesays.com\/fr\/wp-json\/wp\/v2\/users\/2"}],"replies":[{"embeddable":true,"href":"https:\/\/www.europesays.com\/fr\/wp-json\/wp\/v2\/comments?post=427128"}],"version-history":[{"count":0,"href":"https:\/\/www.europesays.com\/fr\/wp-json\/wp\/v2\/posts\/427128\/revisions"}],"wp:featuredmedia":[{"embeddable":true,"href":"https:\/\/www.europesays.com\/fr\/wp-json\/wp\/v2\/media\/427129"}],"wp:attachment":[{"href":"https:\/\/www.europesays.com\/fr\/wp-json\/wp\/v2\/media?parent=427128"}],"wp:term":[{"taxonomy":"category","embeddable":true,"href":"https:\/\/www.europesays.com\/fr\/wp-json\/wp\/v2\/categories?post=427128"},{"taxonomy":"post_tag","embeddable":true,"href":"https:\/\/www.europesays.com\/fr\/wp-json\/wp\/v2\/tags?post=427128"}],"curies":[{"name":"wp","href":"https:\/\/api.w.org\/{rel}","templated":true}]}}