{"id":427130,"date":"2025-09-29T22:26:17","date_gmt":"2025-09-29T22:26:17","guid":{"rendered":"https:\/\/www.europesays.com\/fr\/427130\/"},"modified":"2025-09-29T22:26:17","modified_gmt":"2025-09-29T22:26:17","slug":"boisson-zheng-musetti-apres-une-vague-dabandons-a-pekin-les-joueurs-denoncent-un-calendrier-surcharge","status":"publish","type":"post","link":"https:\/\/www.europesays.com\/fr\/427130\/","title":{"rendered":"Boisson, Zheng, Musetti&#8230; Apr\u00e8s une vague d\u2019abandons \u00e0 P\u00e9kin, les joueurs d\u00e9noncent un calendrier surcharg\u00e9"},"content":{"rendered":"<p>Apr\u00e8s une multitude de blessures, des interrogations se l\u00e8vent \u00e0 propos du calendrier, jug\u00e9 trop charg\u00e9 pour les joueurs.<\/p>\n<p class=\"fig-paragraph\"><a href=\"http:\/\/www.lefigaro.fr\/sports\/tennis\/tennis-a-pekin-lois-boisson-contrainte-a-l-abandon-au-3e-tour-20250929\" data-fig-type=\"NewsFlash\" data-gtm-custom-categorie=\"navigation\" data-gtm-custom-action=\"crossclick\" data-gtm-custom-label=\"Contextuel\" data-gtm-event=\"customEventSPE\" data-fig-domain=\"LEFIGARO\" target=\"_blank\" rel=\"noopener\">Lo\u00efs Boisson<\/a>, bless\u00e9e \u00e0 la cuisse gauche, a d\u00fb jeter l&rsquo;\u00e9ponge lundi<a href=\"http:\/\/www.lefigaro.fr\/sports\/tennis\/tennis-lois-boisson-fait-tomber-une-tete-de-serie-et-file-en-8es-du-wta-1000-de-pekin-20250927\" data-fig-type=\"NewsFlash\" data-gtm-custom-categorie=\"navigation\" data-gtm-custom-action=\"crossclick\" data-gtm-custom-label=\"Contextuel\" data-gtm-event=\"customEventSPE\" data-fig-domain=\"LEFIGARO\" target=\"_blank\" rel=\"noopener\">\u00a0\u00e0 P\u00e9kin<\/a>, o\u00f9 cinq des douze matches du jour se sont conclus sur un abandon. La Fran\u00e7aise (41e mondiale) s&rsquo;est retir\u00e9e au d\u00e9but du deuxi\u00e8me set de son duel du troisi\u00e8me tour face \u00e0 l&rsquo;Am\u00e9ricaine Emma Navarro (17e) alors qu&rsquo;elle \u00e9tait men\u00e9e 6-2, 1-0.<\/p>\n<p class=\"fig-paragraph\">Elle \u00e9tait entr\u00e9e sur le court avec un \u00e9norme bandage sur la cuisse gauche. Malgr\u00e9 l&rsquo;intervention du kin\u00e9 en fin de premi\u00e8re manche, elle n&rsquo;a pas pu aller au bout. \u00abJ&rsquo;ai d\u00fb abandonner aujourd&rsquo;hui en raison d&rsquo;une blessure \u00e0 une jambe. D\u00e9sol\u00e9e pour tous les spectateurs qui \u00e9taient pr\u00e9sents. Je vous tiendrai inform\u00e9s\u00bb, a comment\u00e9 la N.1 fran\u00e7aise dans une story sur son compte Instagram.<\/p>\n<p>                                    <a class=\"fig-a11y-skip a11y-hidden\" href=\"#fig-a11y-skip-main-inarticle\"><br \/>\n        Passer la publicit\u00e9<br \/>\n    <\/a><\/p>\n<p class=\"fig-paragraph\">Son adversaire du jour l&rsquo;a salu\u00e9e, inscrivant \u00abFeel better Lo\u00efs\u00bb (remets-toi Lo\u00efs) sur la cam\u00e9ra en sortant du court.<\/p>\n<p class=\"fig-paragraph\">Abandon aussi de la Chinoise Zheng Qinwen face la Tch\u00e8que Linda Noskova, au d\u00e9but du troisi\u00e8me set. La championne olympique 2024 revenait \u00e0 la comp\u00e9tition sur ce tournoi, apr\u00e8s avoir \u00e9t\u00e9 op\u00e9r\u00e9e du coude droit le 17 juillet. \u00abJe me suis rendu compte que le nombre de balles frapp\u00e9es dans une rencontre en trois sets, c&rsquo;\u00e9tait trop pour moi\u00bb, a indiqu\u00e9 la 9e joueuse mondiale apr\u00e8s la rencontre, expliquant qu&rsquo;elle avait repris un peu trop t\u00f4t.<\/p>\n<p class=\"fig-paragraph\">La Polonaise Iga Swiatek menait, elle, un set \u00e0 z\u00e9ro quand son adversaire Camila Osorio, touch\u00e9e au niveau des abdominaux, a pr\u00e9f\u00e9r\u00e9 mettre fin au match.<\/p>\n<p>Tournois obligatoires<\/p>\n<p class=\"fig-paragraph\">Dans le tableau masculin, Jakub Mensik (19e) a d\u00fb se retirer apr\u00e8s seulement 27 minutes de jeu contre Alex De Minaur (8e). Lorenzo Musetti (9e), qui disputait son 50e match de l&rsquo;ann\u00e9e, a lui quitt\u00e9 le court au milieu du troisi\u00e8me set face \u00e0 Learner Tien (52e).<\/p>\n<p class=\"fig-paragraph\">Cette avalanche de blessures alors que la saison de tennis est entr\u00e9e dans son dernier cycle pose forc\u00e9ment la question du calendrier jug\u00e9 surcharg\u00e9 par de nombreuses personnes, qui force certains \u00e0 adapter leur calendrier, notamment pour les joueurs en fin de carri\u00e8re.<\/p>\n<p>                                    <a class=\"fig-a11y-skip a11y-hidden\" href=\"#fig-a11y-skip-main-inarticle_mtf\"><br \/>\n        Passer la publicit\u00e9<br \/>\n    <\/a><\/p>\n<p class=\"fig-paragraph\">Novak Djokovic, par exemple, se consacre d\u00e9sormais presque uniquement aux tournois du Grand Chelem. Le Serbe de 38 ans avait d&rsquo;ailleurs critiqu\u00e9 fin ao\u00fbt l&rsquo;allongement de certains Masters 1000 \u00e0 douze jours, comme c&rsquo;est le cas du WTA 1000 de P\u00e9kin, jugeant cela \u00abbeaucoup trop long\u00bb.<\/p>\n<p class=\"fig-paragraph\">Mais tous les joueurs ne peuvent pas se permettre d&rsquo;adapter leur calendrier comme le fait Djokovic, car ils doivent prot\u00e9ger leur classement en permanence. Sur le circuit f\u00e9minin, la WTA a d\u00e9cid\u00e9 l&rsquo;ann\u00e9e derni\u00e8re d&rsquo;obliger les meilleures joueuses \u00e0 participer aux quatre tournois du Grand Chelem, aux dix WTA 1000 et \u00e0 au moins six WTA 500.<\/p>\n<p class=\"fig-paragraph\">Un choix critiqu\u00e9 par la Polonaise Iga Swiatek lundi apr\u00e8s son succ\u00e8s \u00e0 P\u00e9kin, son 72e match de l&rsquo;ann\u00e9e, jugeant ces obligations \u00abun peu folles\u00bb. \u00abJe pense que nous devons \u00eatre intelligents par rapport \u00e0 \u00e7a, en ne prenant pas forc\u00e9ment en compte ces obligations pour penser \u00e0 ce qui est sain pour nous\u00bb, a ajout\u00e9 la N\u00b02 mondiale.<\/p>\n","protected":false},"excerpt":{"rendered":"Apr\u00e8s une multitude de blessures, des interrogations se l\u00e8vent \u00e0 propos du calendrier, jug\u00e9 trop charg\u00e9 pour les&hellip;\n","protected":false},"author":2,"featured_media":427131,"comment_status":"","ping_status":"","sticky":false,"template":"","format":"standard","meta":{"footnotes":""},"categories":[1415],"tags":[1011,27,10535,60,1467],"class_list":{"0":"post-427130","1":"post","2":"type-post","3":"status-publish","4":"format-standard","5":"has-post-thumbnail","7":"category-tennis","8":"tag-fr","9":"tag-france","10":"tag-lois-boisson","11":"tag-sports","12":"tag-tennis"},"share_on_mastodon":{"url":"https:\/\/pubeurope.com\/@fr\/115289940484491521","error":""},"_links":{"self":[{"href":"https:\/\/www.europesays.com\/fr\/wp-json\/wp\/v2\/posts\/427130","targetHints":{"allow":["GET"]}}],"collection":[{"href":"https:\/\/www.europesays.com\/fr\/wp-json\/wp\/v2\/posts"}],"about":[{"href":"https:\/\/www.europesays.com\/fr\/wp-json\/wp\/v2\/types\/post"}],"author":[{"embeddable":true,"href":"https:\/\/www.europesays.com\/fr\/wp-json\/wp\/v2\/users\/2"}],"replies":[{"embeddable":true,"href":"https:\/\/www.europesays.com\/fr\/wp-json\/wp\/v2\/comments?post=427130"}],"version-history":[{"count":0,"href":"https:\/\/www.europesays.com\/fr\/wp-json\/wp\/v2\/posts\/427130\/revisions"}],"wp:featuredmedia":[{"embeddable":true,"href":"https:\/\/www.europesays.com\/fr\/wp-json\/wp\/v2\/media\/427131"}],"wp:attachment":[{"href":"https:\/\/www.europesays.com\/fr\/wp-json\/wp\/v2\/media?parent=427130"}],"wp:term":[{"taxonomy":"category","embeddable":true,"href":"https:\/\/www.europesays.com\/fr\/wp-json\/wp\/v2\/categories?post=427130"},{"taxonomy":"post_tag","embeddable":true,"href":"https:\/\/www.europesays.com\/fr\/wp-json\/wp\/v2\/tags?post=427130"}],"curies":[{"name":"wp","href":"https:\/\/api.w.org\/{rel}","templated":true}]}}