{"id":427132,"date":"2025-09-29T22:28:11","date_gmt":"2025-09-29T22:28:11","guid":{"rendered":"https:\/\/www.europesays.com\/fr\/427132\/"},"modified":"2025-09-29T22:28:11","modified_gmt":"2025-09-29T22:28:11","slug":"jorge-martin-absen-un-mois-passe-le-motogp-de-mandalika-2025","status":"publish","type":"post","link":"https:\/\/www.europesays.com\/fr\/427132\/","title":{"rendered":"Jorge Martin Absen un mois, pass\u00e9 le MotoGP de Mandalika 2025"},"content":{"rendered":"<p>ARTA \u2013 Le PDG d\u2019Aprilia Racing, Massimo Rivola, a averti que le champion du monde Jorge Martin serait probablement absent du MotoGP 2025 pendant au moins un mois apr\u00e8s avoir subi une derni\u00e8re blessure.<\/p>\n<p>Espagnol a subi une fraction de l\u2019 os de l\u2019\u00e9pine droite apr\u00e8s s\u2019\u00eatre tomb\u00e9 dans le tour de la course de Sprint MotoGP Japon 2025 sur le circuit Twin Ring Moaning le samedi 27 septembre 2025.<\/p>\n<p>ina, qui a \u00e9t\u00e9 r\u00e9cemment bless\u00e9, a oblig\u00e9 le coureur de 27 ans de retour sur la table de l\u2019op\u00e9ration, il a donc besoin de r\u00e9cup\u00e9ration avant de pouvoir revenir \u00e0 ses performances.<\/p>\n<p>ina : \u00ab La bonne nouvelle est qu\u2019il dort bien. Il s\u2019envolera pour Barcelone, demain il sera chirurgical et nous verrons \u00bb, a d\u00e9clar\u00e9 Rivola.<\/p>\n<p>Martin est tomb\u00e9 parce qu\u2019il a commis une erreur au moment d\u2019un chauffage et a frapp\u00e9 son camarade d\u2019\u00e9quipe Marco Bezahitchi. Malheureusement, ce coureur italien n\u2019a pas \u00e9t\u00e9 bless\u00e9.<\/p>\n<p>irina Rivola a confirm\u00e9 qu\u2019en plus de Mandalika ce week-end, son coureur est \u00e9galement susceptible d\u2019abandonner en Australie (17-19 octobre 2025) et Sepang (Malaisie) du 24 au 26 octobre 2025.<\/p>\n<p>\u00ab Honn\u00eatement, je ne pense m\u00eame pas aux deux prochaines courses. En ce moment, honn\u00eatement, je m\u2019en fiche. Je veux juste qu\u2019il va bien et prenne le temps \u00bb, a-t-il d\u00e9clar\u00e9.<\/p>\n<p>re du calendrier de cette ann\u00e9e ne reste que cinq s\u00e9ries. Apr\u00e8s les trois s\u00e9ries ci-dessus, la course se poursuivra \u00e0 Portimao, au Portugal, du 7 au 9 novembre 2025, puis \u00e0 Valence du 14 au 16 novembre 2025.<\/p>\n<p>du titre mondial de cette ann\u00e9e est d\u00e9j\u00e0 \u00e0 la main de Marc Marquez. L\u2019Espagnol a verrouill\u00e9 son septi\u00e8me titre de carri\u00e8re le week-end dernier au Japon.<\/p>\n<p>The English, Chinese, Japanese, Arabic, and French versions are automatically generated by the AI. So there may still be inaccuracies in translating, please always see Indonesian as our main language.<br \/>\n                                    (system supported by DigitalSiber.id)<\/p>\n","protected":false},"excerpt":{"rendered":"ARTA \u2013 Le PDG d\u2019Aprilia Racing, Massimo Rivola, a averti que le champion du monde Jorge Martin serait&hellip;\n","protected":false},"author":2,"featured_media":427133,"comment_status":"","ping_status":"","sticky":false,"template":"","format":"standard","meta":{"footnotes":""},"categories":[1413],"tags":[20724,1011,27,55581,1466,55582,1457,1456,1458,19713,49795,54315,54034,54316,60],"class_list":{"0":"post-427132","1":"post","2":"type-post","3":"status-publish","4":"format-standard","5":"has-post-thumbnail","7":"category-moto","8":"tag-aprilia-racing","9":"tag-fr","10":"tag-france","11":"tag-inanya","12":"tag-jorge-martin","13":"tag-massimo-rivola","14":"tag-moto","15":"tag-motocycle","16":"tag-motogp","17":"tag-motogp-2025","18":"tag-motogp-indonesie","19":"tag-motogp-indonesie-2025","20":"tag-motogp-mandalika","21":"tag-motogp-mandalika-2025","22":"tag-sports"},"share_on_mastodon":{"url":"https:\/\/pubeurope.com\/@fr\/115289948451142015","error":""},"_links":{"self":[{"href":"https:\/\/www.europesays.com\/fr\/wp-json\/wp\/v2\/posts\/427132","targetHints":{"allow":["GET"]}}],"collection":[{"href":"https:\/\/www.europesays.com\/fr\/wp-json\/wp\/v2\/posts"}],"about":[{"href":"https:\/\/www.europesays.com\/fr\/wp-json\/wp\/v2\/types\/post"}],"author":[{"embeddable":true,"href":"https:\/\/www.europesays.com\/fr\/wp-json\/wp\/v2\/users\/2"}],"replies":[{"embeddable":true,"href":"https:\/\/www.europesays.com\/fr\/wp-json\/wp\/v2\/comments?post=427132"}],"version-history":[{"count":0,"href":"https:\/\/www.europesays.com\/fr\/wp-json\/wp\/v2\/posts\/427132\/revisions"}],"wp:featuredmedia":[{"embeddable":true,"href":"https:\/\/www.europesays.com\/fr\/wp-json\/wp\/v2\/media\/427133"}],"wp:attachment":[{"href":"https:\/\/www.europesays.com\/fr\/wp-json\/wp\/v2\/media?parent=427132"}],"wp:term":[{"taxonomy":"category","embeddable":true,"href":"https:\/\/www.europesays.com\/fr\/wp-json\/wp\/v2\/categories?post=427132"},{"taxonomy":"post_tag","embeddable":true,"href":"https:\/\/www.europesays.com\/fr\/wp-json\/wp\/v2\/tags?post=427132"}],"curies":[{"name":"wp","href":"https:\/\/api.w.org\/{rel}","templated":true}]}}