{"id":427141,"date":"2025-09-29T22:33:12","date_gmt":"2025-09-29T22:33:12","guid":{"rendered":"https:\/\/www.europesays.com\/fr\/427141\/"},"modified":"2025-09-29T22:33:12","modified_gmt":"2025-09-29T22:33:12","slug":"pari-reussi-pour-le-musee-granet-lexposition-cezanne-2025-a-aix-en-provence-passe-le-cap-des-300-000-billets-vendus","status":"publish","type":"post","link":"https:\/\/www.europesays.com\/fr\/427141\/","title":{"rendered":"Pari r\u00e9ussi pour le mus\u00e9e Granet, l\u2019exposition Cezanne 2025 \u00e0 Aix-en-Provence passe le cap des 300\u00a0000 billets vendus"},"content":{"rendered":"<p>Ouverte le 28\u00a0juin\u00a02025, l\u2019exposition <a href=\"https:\/\/www.laprovence.com\/article\/culture-loisirs\/8786568116226214\/cezanne-au-jas-de-bouffan-lexposition-tres-spectaculaire-est-lancee-a-aix-en-provence\" target=\"_blank\" rel=\"noopener\">\u00ab\u00a0Cezanne au Jas de Bouffan\u00a0\u00bb<\/a>, qui retrace l\u2019\u00e9volution artistique du ma\u00eetre d\u2019Aix durant les 40 ann\u00e9es pass\u00e9es dans la propri\u00e9t\u00e9 familiale de la route de Galice, vient d\u2019atteindre une barre symbolique. La Ville d\u2019<a href=\"https:\/\/www.laprovence.com\/region\/Edition-aix\" target=\"_blank\" rel=\"noopener\">Aix<\/a> l\u2019a annonc\u00e9 fi\u00e8rement \u00e0 travers un communiqu\u00e9\u00a0: l\u2019expo a franchi ce week-end le cap des 300\u00a0000 billets vendus.<\/p>\n<p>Et ce chiffre va forc\u00e9ment \u00eatre encore am\u00e9lior\u00e9, puisque le rendez-vous au <a href=\"https:\/\/www.laprovence.com\/article\/culture-loisirs\/88909231406533\/lexposition-consacree-a-cezanne-au-musee-granet-daix-en-provence-depasse-les-200-000-visiteurs\" target=\"_blank\" rel=\"noopener\">mus\u00e9e Granet<\/a> s\u2019\u00e9tire jusqu\u2019au dimanche 12\u00a0octobre. L\u2019objectif initial d\u2019attirer 350\u00a0000 visiteurs va donc peut-\u00eatre \u00eatre rempli, alors que la fr\u00e9quentation touristique, dop\u00e9e par la pr\u00e9sence d\u2019une forte client\u00e8le internationale, est au beau fixe en ce mois de septembre \u00e0 Aix.<\/p>\n<p>Les sites cezanniens aussi rouverts<\/p>\n<p>Une fr\u00e9quentation qui profite \u00e0 la fois aux sites cezanniens rouverts dans le cadre de cette ann\u00e9e Cezanne 2025, \u00e0 savoir la Bastide du Jas et l\u2019<a href=\"https:\/\/www.laprovence.com\/article\/culture-loisirs\/4212213088420114\/nouvelle-entree-passerelle-a-aix-en-provence-la-renovation-de-l-atelier-cezanne-avance-a-grands-pas\" target=\"_blank\" rel=\"noopener\">atelier des Lauves,<\/a> lieux de vie et de cr\u00e9ation de l\u2019artiste, et \u00e0 la grande exposition estivale.<\/p>\n<p>Ce dimanche 28\u00a0septembre 2025 d\u2019ailleurs, la foule se pressait encore dans les salles du mus\u00e9e Granet, o\u00f9 ont pu \u00eatre r\u00e9unies 135 \u0153uvres du peintre. Parmi elles, des toiles ultra-c\u00e9l\u00e8bres, comme les Joueur&#8230;<\/p>\n","protected":false},"excerpt":{"rendered":"Ouverte le 28\u00a0juin\u00a02025, l\u2019exposition \u00ab\u00a0Cezanne au Jas de Bouffan\u00a0\u00bb, qui retrace l\u2019\u00e9volution artistique du ma\u00eetre d\u2019Aix durant les&hellip;\n","protected":false},"author":2,"featured_media":427142,"comment_status":"","ping_status":"","sticky":false,"template":"","format":"standard","meta":{"footnotes":""},"categories":[1358],"tags":[17,1348,1384,1385,5649,1386,58,59,1011,27,35312,28519,3048,27425,471,16,7530],"class_list":{"0":"post-427141","1":"post","2":"type-post","3":"status-publish","4":"format-standard","5":"has-post-thumbnail","7":"category-arts-et-design","8":"tag-17","9":"tag-arts","10":"tag-arts-and-design","11":"tag-arts-et-design","12":"tag-cezanne","13":"tag-design","14":"tag-divertissement","15":"tag-entertainment","16":"tag-fr","17":"tag-france","18":"tag-granet","19":"tag-lexposition","20":"tag-musee","21":"tag-pari","22":"tag-pour","23":"tag-region","24":"tag-reussi"},"share_on_mastodon":{"url":"https:\/\/pubeurope.com\/@fr\/115289968161519200","error":""},"_links":{"self":[{"href":"https:\/\/www.europesays.com\/fr\/wp-json\/wp\/v2\/posts\/427141","targetHints":{"allow":["GET"]}}],"collection":[{"href":"https:\/\/www.europesays.com\/fr\/wp-json\/wp\/v2\/posts"}],"about":[{"href":"https:\/\/www.europesays.com\/fr\/wp-json\/wp\/v2\/types\/post"}],"author":[{"embeddable":true,"href":"https:\/\/www.europesays.com\/fr\/wp-json\/wp\/v2\/users\/2"}],"replies":[{"embeddable":true,"href":"https:\/\/www.europesays.com\/fr\/wp-json\/wp\/v2\/comments?post=427141"}],"version-history":[{"count":0,"href":"https:\/\/www.europesays.com\/fr\/wp-json\/wp\/v2\/posts\/427141\/revisions"}],"wp:featuredmedia":[{"embeddable":true,"href":"https:\/\/www.europesays.com\/fr\/wp-json\/wp\/v2\/media\/427142"}],"wp:attachment":[{"href":"https:\/\/www.europesays.com\/fr\/wp-json\/wp\/v2\/media?parent=427141"}],"wp:term":[{"taxonomy":"category","embeddable":true,"href":"https:\/\/www.europesays.com\/fr\/wp-json\/wp\/v2\/categories?post=427141"},{"taxonomy":"post_tag","embeddable":true,"href":"https:\/\/www.europesays.com\/fr\/wp-json\/wp\/v2\/tags?post=427141"}],"curies":[{"name":"wp","href":"https:\/\/api.w.org\/{rel}","templated":true}]}}