{"id":427143,"date":"2025-09-29T22:34:18","date_gmt":"2025-09-29T22:34:18","guid":{"rendered":"https:\/\/www.europesays.com\/fr\/427143\/"},"modified":"2025-09-29T22:34:18","modified_gmt":"2025-09-29T22:34:18","slug":"grand-besancon-30-000-visiteurs-pour-cette-10e-edition-des-livres-dans-la-boucle-doubs-toute-linfo-locale","status":"publish","type":"post","link":"https:\/\/www.europesays.com\/fr\/427143\/","title":{"rendered":"Grand Besan\u00e7on. 30 000 visiteurs pour cette 10e \u00e9dition des Livres dans la Boucle &#8211; Doubs : toute l&rsquo;info locale"},"content":{"rendered":"<p>&#13;<br \/>\n        &#13;<br \/>\n&#13;<br \/>\n        &#13;<br \/>\n&#13;<\/p>\n<p>        <a href=\"https:\/\/hebdo25.net\/wp-content\/uploads\/2025\/09\/IMG_20250919_152416-scaled.jpg\" data-caption=\"\u00a9YQ\" target=\"_blank\" rel=\"noopener\"><img loading=\"lazy\" decoding=\"async\" width=\"696\" height=\"522\" class=\"entry-thumb td-modal-image\" src=\"https:\/\/www.europesays.com\/fr\/wp-content\/uploads\/2025\/09\/IMG_20250919_152416-696x522.jpg\"   alt=\"\" title=\"Grand Besan\u00e7on. Livres dans la boucle 2025\"\/><\/a>\u00a9YQ<\/p>\n<p>Pour cette 10e \u00e9dition du festival litt\u00e9raire, il y a d\u2019abord eu un d\u00e9marrage en force le vendredi d\u00e8s 15h sous le grand chapiteau du Parc Chamars, m\u00eame si le nombre de visiteurs \u00e9tait l\u00e9g\u00e8rement en baisse par rapport \u00e0 2024. Grand Besan\u00e7on M\u00e9tropole souligne que les rencontres programm\u00e9es le vendredi ont toutes affich\u00e9es complet : Sorj Chalandon, Catherine Girard, la lecture des textes de Lagarce ou le concert dessin\u00e9 en soir\u00e9e avec B\u00e9rang\u00e8re Cournut. Les auteurs \u00e9trangers ont \u00e9t\u00e9 particuli\u00e8rement pl\u00e9biscit\u00e9s. Le samedi a connu une fr\u00e9quentation exceptionnelle sous le grand chapiteau. Certaines rencontres ont attir\u00e9 un public nombreux avec David Foenkinos et Rapha\u00ebl Enthoven au Conservatoire. \u00c0 l\u2019arriv\u00e9e, les organisateurs estime la <strong>fr\u00e9quentation \u00e0 environ 30 000 visiteurs, l\u00e9g\u00e8rement en de\u00e7\u00e0 de l\u2019ann\u00e9e 2024.\u00a0<\/strong><\/p>\n<p><strong>Le stand des \u00e9ditions en r\u00e9gion a profit\u00e9 de la sortie du livre de Pierre et Jean-Charles Di\u00e9terl\u00e9<\/strong><br \/>\n<img fetchpriority=\"high\" decoding=\"async\" class=\"wp-image-79923 size-full\" src=\"https:\/\/www.europesays.com\/fr\/wp-content\/uploads\/2025\/09\/IMG_20250920_165338-scaled.jpg\" alt=\"\" width=\"2560\" height=\"1920\"  \/>Alain Mendel Dirigeant des \u00c9ditions Sekoya, Jean-Charles et Pierre Di\u00e9terl\u00e9 lors de la pr\u00e9sentation de leur livre \u00ab\u00a0Besan\u00e7on, m\u00e9moire du commerce 1950-2000\u00a0\u00bb au salon Livres dans la Boucle \u00a9YQ<\/p>\n<p>Cette famille de commer\u00e7ants bisontins a r\u00e9alis\u00e9 un tour de force en publiant une encyclop\u00e9die du commerce \u00e0 Besan\u00e7on de 1950 \u00e0 2000, accompagn\u00e9e d\u2019Alain Mendel, le passionn\u00e9 patron des \u00c9ditions Sekoya. Malgr\u00e9 la pol\u00e9mique soulev\u00e9e sur la d\u00e9programmation puis reprogrammation de Rapha\u00ebl Enthoven, le salon du livre de Besan\u00e7on a globalement tenu ses promesses, dans un contexte \u00e9conomique difficile pour le monde du livre.<\/p>\n<p><strong>Yves Quemeneur<\/strong><br \/>\n<a href=\"#\" target=\"_blank\"><img decoding=\"async\" src=\"https:\/\/www.europesays.com\/fr\/wp-content\/uploads\/2025\/04\/newspaper-rec728.jpg\"\/><\/a>        &#13;<br \/>\n&#13;<br \/>\n&#13;<br \/>\n        &#13;<br \/>\n                        &#13;<br \/>\n            &#13;<br \/>\n&#13;<br \/>\n                                    \t                &#13;<br \/>\n&#13;<\/p>\n","protected":false},"excerpt":{"rendered":"&#13; &#13; &#13; &#13; &#13; \u00a9YQ Pour cette 10e \u00e9dition du festival litt\u00e9raire, il y a d\u2019abord eu&hellip;\n","protected":false},"author":2,"featured_media":427144,"comment_status":"","ping_status":"","sticky":false,"template":"","format":"standard","meta":{"footnotes":""},"categories":[1357],"tags":[1379,58,59,1011,27,1380],"class_list":{"0":"post-427143","1":"post","2":"type-post","3":"status-publish","4":"format-standard","5":"has-post-thumbnail","7":"category-livres","8":"tag-books","9":"tag-divertissement","10":"tag-entertainment","11":"tag-fr","12":"tag-france","13":"tag-livres"},"share_on_mastodon":{"url":"https:\/\/pubeurope.com\/@fr\/115289972534987809","error":""},"_links":{"self":[{"href":"https:\/\/www.europesays.com\/fr\/wp-json\/wp\/v2\/posts\/427143","targetHints":{"allow":["GET"]}}],"collection":[{"href":"https:\/\/www.europesays.com\/fr\/wp-json\/wp\/v2\/posts"}],"about":[{"href":"https:\/\/www.europesays.com\/fr\/wp-json\/wp\/v2\/types\/post"}],"author":[{"embeddable":true,"href":"https:\/\/www.europesays.com\/fr\/wp-json\/wp\/v2\/users\/2"}],"replies":[{"embeddable":true,"href":"https:\/\/www.europesays.com\/fr\/wp-json\/wp\/v2\/comments?post=427143"}],"version-history":[{"count":0,"href":"https:\/\/www.europesays.com\/fr\/wp-json\/wp\/v2\/posts\/427143\/revisions"}],"wp:featuredmedia":[{"embeddable":true,"href":"https:\/\/www.europesays.com\/fr\/wp-json\/wp\/v2\/media\/427144"}],"wp:attachment":[{"href":"https:\/\/www.europesays.com\/fr\/wp-json\/wp\/v2\/media?parent=427143"}],"wp:term":[{"taxonomy":"category","embeddable":true,"href":"https:\/\/www.europesays.com\/fr\/wp-json\/wp\/v2\/categories?post=427143"},{"taxonomy":"post_tag","embeddable":true,"href":"https:\/\/www.europesays.com\/fr\/wp-json\/wp\/v2\/tags?post=427143"}],"curies":[{"name":"wp","href":"https:\/\/api.w.org\/{rel}","templated":true}]}}