{"id":427145,"date":"2025-09-29T22:35:14","date_gmt":"2025-09-29T22:35:14","guid":{"rendered":"https:\/\/www.europesays.com\/fr\/427145\/"},"modified":"2025-09-29T22:35:14","modified_gmt":"2025-09-29T22:35:14","slug":"emission-du-lundi-29-septembre-2025-en-replay-c-a-vous-la-suite-france-tv","status":"publish","type":"post","link":"https:\/\/www.europesays.com\/fr\/427145\/","title":{"rendered":"\u00c9mission du lundi 29 septembre 2025 en replay &#8211; C \u00e0 vous la suite &#8211; France TV"},"content":{"rendered":"<ol>\n<li><a href=\"https:\/\/news.google.com\/rss\/articles\/CBMiqwFBVV95cUxOWDFFbUR2MktmbzJESS1uWVJITVhKeXlqSXRpWVlpSkZ3UC1lVUN4SzZnWDdXWWt4MHhKVFJpSUVEVWpIc242UVlqRDZGeXFEZmY0NUwybm4wSDI4VkwwanJMQldOc2VWRTRIa3RGd0tKQ0RqaHRqbWRMOGVzUk5Nb0Nzc3NOTkxVTmdFR04tSERxaHRRdWs1WXNlOFJFVGtjb3RUekJSd3VneXM?oc=5\" target=\"_blank\" rel=\"nofollow noopener\">\u00c9mission du lundi 29 septembre 2025 en replay &#8211; C \u00e0 vous la suite<\/a>&nbsp;&nbsp;France TV<\/li>\n<li><a href=\"https:\/\/news.google.com\/rss\/articles\/CBMinwFBVV95cUxQR3g4N2ZUZnZRMXRWYW9RZTdFVXBzXzJIRlZ2VFR3d0dGQ3dYalVlQUhNR1VzRnA4VEdwZTlwWklOdnFBRWdER3pqUmpHUVZsWEJtakJ3THA5ajhfTDZkTFdnNGtnLXhCbkNwY1dfVzZuOHBwYlkybEIzQ3pWM2FabUJwb252VDJOdmxudVFWN3huZGIxWkU5bHZWUDFLTVE?oc=5\" target=\"_blank\" rel=\"nofollow noopener\">\u00c9mission du lundi 29 septembre 2025 en replay &#8211; C \u00e0 vous<\/a>&nbsp;&nbsp;France TV<\/li>\n<li><a href=\"https:\/\/news.google.com\/rss\/articles\/CBMifEFVX3lxTE41OERJSjFkdUxkX01mT1pNSlZEcEdKTmdlaXFfQTVjV3FfaEtfam1EUGlxaXU3RURRNkdRT01paEpQVjJQZERteDJFeGdLR0V0cUxoZkNPeGNSaTYxaFNmV3VnU0dodXpLOWFLaGdHcHNtajlxYllDOGtLRjc?oc=5\" target=\"_blank\" rel=\"nofollow noopener\">C \u00e0 vous<\/a>&nbsp;&nbsp;T\u00e9l\u00e9 2 semaines<\/li>\n<li><a href=\"https:\/\/news.google.com\/rss\/articles\/CBMioAFBVV95cUxORVpaY29iZkdUeHNyWTQ0aTZkbk9xYjJGM3ZfUmg0UWZHb0VyVldBUU50S0ZJcVR3em5odmpLWTJJQ3lJMFhMSzk5ZnFXYXRod3ZnUHFxQnIzSXd6Y3YwVzNNbDROc2NwRC1Ja1M1TkR3YndPb3JXSlJwbXlLMWoxeHRlWGRFU3NDS3B0eUFaNWxzMHhaMHhnUHJVS0lKMmlS?oc=5\" target=\"_blank\" rel=\"nofollow noopener\">Invit\u00e9s : G\u00e9rald Bronner, Philippe Broussard, \u00c9tienne Girard en replay &#8211; C \u00e0 vous<\/a>&nbsp;&nbsp;France TV<\/li>\n<li><a href=\"https:\/\/news.google.com\/rss\/articles\/CBMirAFBVV95cUxOVTE0c1ZsR2R4dTlTZFhTc3JiV3pHb0ZJOWlOSWZ0V2hucXo2MmFDQ05WVGR5VFlfNm9YZU5SLXBudENGN0dEZ0htTXBsU2ZkR0VYTHIzdmRTS3g5TVRQZVcyNVN4a2J2NVdMOGU0aDJqdkVmNm9JVndGUlhtQnZWRTdpZXhsb3NEeVA4V1VoQTBpNHRpZWVfeHRRZF90WVZjc042SzBOVFFPci1v?oc=5\" target=\"_blank\" rel=\"nofollow noopener\">Invit\u00e9s : Emmanuelle Bach, Nicolas Canteloup, Philippe Caverivi\u00e8re, Bertrand Chameroy en replay &#8211; C \u00e0 vous la suite<\/a>&nbsp;&nbsp;France TV<\/li>\n<\/ol>\n","protected":false},"excerpt":{"rendered":"\u00c9mission du lundi 29 septembre 2025 en replay &#8211; C \u00e0 vous la suite&nbsp;&nbsp;France TV \u00c9mission du lundi&hellip;\n","protected":false},"author":2,"featured_media":427146,"comment_status":"","ping_status":"","sticky":false,"template":"","format":"standard","meta":{"footnotes":""},"categories":[1356],"tags":[58,59,1011,27,252,1364],"class_list":{"0":"post-427145","1":"post","2":"type-post","3":"status-publish","4":"format-standard","5":"has-post-thumbnail","7":"category-television","8":"tag-divertissement","9":"tag-entertainment","10":"tag-fr","11":"tag-france","12":"tag-television","13":"tag-tv"},"share_on_mastodon":{"url":"https:\/\/pubeurope.com\/@fr\/115289976021598428","error":""},"_links":{"self":[{"href":"https:\/\/www.europesays.com\/fr\/wp-json\/wp\/v2\/posts\/427145","targetHints":{"allow":["GET"]}}],"collection":[{"href":"https:\/\/www.europesays.com\/fr\/wp-json\/wp\/v2\/posts"}],"about":[{"href":"https:\/\/www.europesays.com\/fr\/wp-json\/wp\/v2\/types\/post"}],"author":[{"embeddable":true,"href":"https:\/\/www.europesays.com\/fr\/wp-json\/wp\/v2\/users\/2"}],"replies":[{"embeddable":true,"href":"https:\/\/www.europesays.com\/fr\/wp-json\/wp\/v2\/comments?post=427145"}],"version-history":[{"count":0,"href":"https:\/\/www.europesays.com\/fr\/wp-json\/wp\/v2\/posts\/427145\/revisions"}],"wp:featuredmedia":[{"embeddable":true,"href":"https:\/\/www.europesays.com\/fr\/wp-json\/wp\/v2\/media\/427146"}],"wp:attachment":[{"href":"https:\/\/www.europesays.com\/fr\/wp-json\/wp\/v2\/media?parent=427145"}],"wp:term":[{"taxonomy":"category","embeddable":true,"href":"https:\/\/www.europesays.com\/fr\/wp-json\/wp\/v2\/categories?post=427145"},{"taxonomy":"post_tag","embeddable":true,"href":"https:\/\/www.europesays.com\/fr\/wp-json\/wp\/v2\/tags?post=427145"}],"curies":[{"name":"wp","href":"https:\/\/api.w.org\/{rel}","templated":true}]}}