{"id":427154,"date":"2025-09-29T22:40:11","date_gmt":"2025-09-29T22:40:11","guid":{"rendered":"https:\/\/www.europesays.com\/fr\/427154\/"},"modified":"2025-09-29T22:40:11","modified_gmt":"2025-09-29T22:40:11","slug":"tilly-norwood-lactrice-entierement-creee-par-lia-qui-indigne-hollywood","status":"publish","type":"post","link":"https:\/\/www.europesays.com\/fr\/427154\/","title":{"rendered":"Tilly Norwood, l\u2019actrice enti\u00e8rement cr\u00e9\u00e9e par l&rsquo;IA qui indigne Hollywood"},"content":{"rendered":"<p>Cette com\u00e9dienne virtuelle, totalement imagin\u00e9e par le studio Xicoia, provoque une vague d\u2019indignation chez les acteurs.<\/p>\n<p class=\"fig-paragraph\">Une nouvelle\u00a0<a href=\"https:\/\/www.lefigaro.fr\/tag\/actrice\" target=\"_blank\" rel=\"sponsored noopener\" data-gtm-custom-categorie=\"navigation\" data-gtm-custom-action=\"crossclick\" data-gtm-custom-label=\"Contextuel\" data-gtm-event=\"customEventSPE\">actrice<\/a>\u00a0fait beaucoup parler d&rsquo;elle \u00e0 Hollywood. Son nom\u00a0? Tilly Norwood. Son secret\u00a0? Elle a \u00e9t\u00e9 cr\u00e9\u00e9e par une\u00a0<a href=\"https:\/\/www.lefigaro.fr\/tag\/intelligence-artificielle\" target=\"_blank\" rel=\"sponsored noopener\" data-gtm-custom-categorie=\"navigation\" data-gtm-custom-action=\"crossclick\" data-gtm-custom-label=\"Contextuel\" data-gtm-event=\"customEventSPE\">intelligence artificielle (IA)<\/a>, ce qui provoque une vague d&rsquo;indignation parmi ses pairs de chair et d&rsquo;os.<\/p>\n<p class=\"fig-paragraph\">Cette com\u00e9dienne virtuelle a \u00e9t\u00e9 imagin\u00e9e par le studio Xicoia, avec l&rsquo;ambition proclam\u00e9e d&rsquo;en faire \u00abla prochaine Scarlett Johansson ou Natalie Portman\u00bb. Et plusieurs agences semblent d\u00e9j\u00e0 se bousculer au portillon pour repr\u00e9senter l&rsquo;actrice, a r\u00e9v\u00e9l\u00e9 la semaine derni\u00e8re la fondatrice de la soci\u00e9t\u00e9, Eline Van der Velden. De quoi r\u00e9veiller les peurs sur le remplacement des artistes par l&rsquo;IA, qui ont en partie motiv\u00e9 les vastes gr\u00e8ves ayant paralys\u00e9 Hollywood en 2023.<\/p>\n<p>                                    <a class=\"fig-a11y-skip a11y-hidden\" href=\"#fig-a11y-skip-main-inarticle\"><br \/>\n        Passer la publicit\u00e9<br \/>\n    <\/a><\/p>\n<p>\u00abVoleurs d\u2019identit\u00e9s\u00bb<\/p>\n<p class=\"fig-paragraph\">De nombreux acteurs sont mont\u00e9s au cr\u00e9neau sur les r\u00e9seaux sociaux ces derniers jours. \u00abJ&rsquo;esp\u00e8re que tous les acteurs repr\u00e9sent\u00e9s par l&rsquo;agent qui fait cela le laisseront tomber. Quelle horreur\u00bb, a fustig\u00e9 sur Instagram Melissa Barrera, star des films d&rsquo;horreur Scream et Scream 6.<\/p>\n<p class=\"fig-paragraph\">\u00abHonte \u00e0 ces gens\u00bb, a lanc\u00e9 Mara Wilson, l&rsquo;interpr\u00e8te de Matilda. \u00abIls ont vol\u00e9 les visages de centaines de jeunes femmes pour cr\u00e9er cette \u201cactrice\u201d IA. Ce ne sont pas des cr\u00e9ateurs. Ce sont des voleurs d&rsquo;identit\u00e9s.\u00bb<\/p>\n<p class=\"fig-paragraph\">Sur un ton plus l\u00e9ger, Lukas Gage de la s\u00e9rie The White Lotus a accus\u00e9 sa cons\u0153ur virtuelle d&rsquo;\u00eatre \u00abun cauchemar pour travailler\u00bb, car elle serait \u00abincapable de se positionner sur le plateau et \u00e9tait en retard\u00bb.<\/p>\n<p>\u00abUne \u0153uvre cr\u00e9ative\u00bb<\/p>\n<p class=\"fig-paragraph\">La pol\u00e9mique a forc\u00e9 Eline Van der Velden \u00e0 r\u00e9agir. Tilly Norwood \u00abn&rsquo;est pas un remplacement pour un \u00eatre humain, mais une \u0153uvre cr\u00e9ative\u00bb, s&rsquo;est-elle justifi\u00e9e dimanche sur Instagram.<\/p>\n<p class=\"fig-paragraph\">\u00abTout comme l&rsquo;animation, les marionnettes ou les effets sp\u00e9ciaux ont ouvert de nouvelles possibilit\u00e9s sans enlever quoi que ce soit au jeu en direct, l&rsquo;IA offre une autre fa\u00e7on d&rsquo;imaginer et de construire des histoires\u00bb, estime-t-elle, en rappelant \u00eatre elle-m\u00eame actrice. Pour elle, les com\u00e9diens cr\u00e9\u00e9s par IA \u00abdevraient \u00eatre jug\u00e9s comme faisant partie de leur propre genre, sur leurs propres m\u00e9rites, plut\u00f4t que compar\u00e9s directement aux acteurs humains\u00bb.<\/p>\n<p>                                    <a class=\"fig-a11y-skip a11y-hidden\" href=\"#fig-a11y-skip-main-inarticle_mtf\"><br \/>\n        Passer la publicit\u00e9<br \/>\n    <\/a><\/p>\n<p class=\"fig-paragraph\">L&rsquo;utilisation de l&rsquo;IA est devenue de plus en plus visible ces derniers mois dans les industries cr\u00e9atives, g\u00e9n\u00e9rant \u00e0 chaque fois des pol\u00e9miques. Le groupe virtuel, The Velvet Sundown, a d\u00e9pass\u00e9 le million d&rsquo;auditeurs sur la plateforme de streaming Spotify cet \u00e9t\u00e9. Dans son num\u00e9ro d&rsquo;ao\u00fbt, le magazine Vogue a \u00e9galement publi\u00e9 une publicit\u00e9 mettant en sc\u00e8ne une mannequin fictive, g\u00e9n\u00e9r\u00e9e par IA.<\/p>\n","protected":false},"excerpt":{"rendered":"Cette com\u00e9dienne virtuelle, totalement imagin\u00e9e par le studio Xicoia, provoque une vague d\u2019indignation chez les acteurs. Une nouvelle\u00a0actrice\u00a0fait&hellip;\n","protected":false},"author":2,"featured_media":427155,"comment_status":"","ping_status":"","sticky":false,"template":"","format":"standard","meta":{"footnotes":""},"categories":[8],"tags":[2594,58,59,1011,27,2137,223],"class_list":{"0":"post-427154","1":"post","2":"type-post","3":"status-publish","4":"format-standard","5":"has-post-thumbnail","7":"category-divertissement","8":"tag-actrice","9":"tag-divertissement","10":"tag-entertainment","11":"tag-fr","12":"tag-france","13":"tag-hollywood","14":"tag-intelligence-artificielle"},"share_on_mastodon":{"url":"https:\/\/pubeurope.com\/@fr\/115289995736259924","error":""},"_links":{"self":[{"href":"https:\/\/www.europesays.com\/fr\/wp-json\/wp\/v2\/posts\/427154","targetHints":{"allow":["GET"]}}],"collection":[{"href":"https:\/\/www.europesays.com\/fr\/wp-json\/wp\/v2\/posts"}],"about":[{"href":"https:\/\/www.europesays.com\/fr\/wp-json\/wp\/v2\/types\/post"}],"author":[{"embeddable":true,"href":"https:\/\/www.europesays.com\/fr\/wp-json\/wp\/v2\/users\/2"}],"replies":[{"embeddable":true,"href":"https:\/\/www.europesays.com\/fr\/wp-json\/wp\/v2\/comments?post=427154"}],"version-history":[{"count":0,"href":"https:\/\/www.europesays.com\/fr\/wp-json\/wp\/v2\/posts\/427154\/revisions"}],"wp:featuredmedia":[{"embeddable":true,"href":"https:\/\/www.europesays.com\/fr\/wp-json\/wp\/v2\/media\/427155"}],"wp:attachment":[{"href":"https:\/\/www.europesays.com\/fr\/wp-json\/wp\/v2\/media?parent=427154"}],"wp:term":[{"taxonomy":"category","embeddable":true,"href":"https:\/\/www.europesays.com\/fr\/wp-json\/wp\/v2\/categories?post=427154"},{"taxonomy":"post_tag","embeddable":true,"href":"https:\/\/www.europesays.com\/fr\/wp-json\/wp\/v2\/tags?post=427154"}],"curies":[{"name":"wp","href":"https:\/\/api.w.org\/{rel}","templated":true}]}}