{"id":427156,"date":"2025-09-29T22:41:18","date_gmt":"2025-09-29T22:41:18","guid":{"rendered":"https:\/\/www.europesays.com\/fr\/427156\/"},"modified":"2025-09-29T22:41:18","modified_gmt":"2025-09-29T22:41:18","slug":"ios-26-0-1-est-disponible-installez-cette-mise-a-jour-si-vous-avez-des-bugs-sur-votre-iphone","status":"publish","type":"post","link":"https:\/\/www.europesays.com\/fr\/427156\/","title":{"rendered":"iOS 26.0.1 est disponible : installez cette mise \u00e0 jour si vous avez des bugs sur votre iPhone"},"content":{"rendered":"<p>La premi\u00e8re mise \u00e0 jour corrective d\u2019iOS 26 vient d\u2019\u00eatre d\u00e9ploy\u00e9e par Apple. Elle corrige plusieurs bugs apparus avec la derni\u00e8re version de l\u2019iPhone.<\/p>\n<p>Deux semaines apr\u00e8s <a href=\"https:\/\/www.numerama.com\/tech\/2074353-ios-26-est-disponible-voici-les-10-meilleures-nouveautes-a-tester-sur-votre-iphone.html\" data-type=\"post\" data-id=\"2074353\" rel=\"nofollow noopener\" target=\"_blank\">iOS 26<\/a>, Apple d\u00e9ploie iOS 26.0.1, la premi\u00e8re mise \u00e0 jour corrective de sa nouvelle version avec un nouveau design. La marque a publi\u00e9 le 29 septembre cette r\u00e9vision qui p\u00e8se moins de 1 Go et qui corrige plusieurs petits soucis de d\u00e9marrage. D\u2019autres mises \u00e0 jour devraient suivre. <\/p>\n<p><a href=\"https:\/\/www.numerama.com\/wp-content\/uploads\/2025\/09\/screenshot-2025-09-29-at-192408.jpg\" rel=\"nofollow noopener\" target=\"_blank\"><img decoding=\"async\" width=\"1024\" height=\"643\" loading=\"lazy\" alt=\"iOS 26.0.1 sur un iPhone 17.\" title=\"iOS 26.0.1 sur un iPhone 17.\" class=\"wp-image-2084757 placeholder-default wp-image\" src=\"https:\/\/www.europesays.com\/fr\/wp-content\/uploads\/2025\/09\/screenshot-2025-09-29-at-192408-1024x643.jpg\" \/><\/a>iOS 26.0.1 sur un iPhone 17. \/\/ Source : Numerama<\/p>\n<p>Quelles sont les nouveaut\u00e9s d\u2019iOS 26.0.1 ? <\/p>\n<p>Au programme d\u2019iOS 26.0.1, surtout de la correction de bugs. Apple liste les changements suivants : <\/p>\n<ul class=\"wp-block-list\">\n<li>Les connexions Wi-Fi et Bluetooth pouvaient parfois \u00eatre interrompues sur les iPhone 17, iPhone Air et iPhone 17 Pro.<\/li>\n<li>La connexion \u00e0 un r\u00e9seau cellulaire pouvait \u00eatre impossible chez un petit nombre d\u2019utilisateurs d\u2019iPhone apr\u00e8s la mise \u00e0 jour vers iOS\u00a026.<\/li>\n<li>Les photos prises dans certaines conditions d\u2019\u00e9clairage avec les iPhone 17, iPhone Air et iPhone 17 Pro pouvaient comporter des artefacts inattendus.<\/li>\n<li>Les ic\u00f4nes d\u2019apps pouvaient appara\u00eetre vierges apr\u00e8s l\u2019ajout d\u2019une teinte personnalis\u00e9e.<\/li>\n<li>VoiceOver pouvait \u00eatre d\u00e9sactiv\u00e9 chez certains utilisateurs apr\u00e8s la mise \u00e0 jour vers iOS\u00a026.<\/li>\n<\/ul>\n<p>La logique voudrait que votre iPhone soit un peu plus stable post-iOS 26.0.1, puisque d\u2019autres correctifs sont probablement pr\u00e9sents. La mise \u00e0 jour porte le num\u00e9ro de build 23A355, alors que la version finale d\u2019iOS 26.0 \u00e9tait la 23A341. Il y a l\u2019\u00e9quivalent de plusieurs semaines de d\u00e9veloppement dans cette nouvelle version. <\/p>\n<p>Fin octobre, Apple devrait publier iOS 26.1, la premi\u00e8re mise \u00e0 jour majeure d\u2019iOS 26. Elle devrait introduire quelques changements plus visibles, ainsi que de nouveaux correctifs. <\/p>\n<\/p>\n<p>            Ce contenu est bloqu\u00e9 car vous n\u2019avez pas accept\u00e9 les cookies et autres traceurs. Ce contenu est fourni par YouTube.<br \/>Pour pouvoir le visualiser, vous devez accepter l\u2019usage \u00e9tant op\u00e9r\u00e9 par YouTube avec vos donn\u00e9es qui pourront \u00eatre utilis\u00e9es pour les finalit\u00e9s suivantes : vous permettre de visualiser et de partager des contenus avec des m\u00e9dias sociaux, favoriser le d\u00e9veloppement et l\u2019am\u00e9lioration des produits d\u2019Humanoid et de ses partenaires, vous afficher des publicit\u00e9s personnalis\u00e9es par rapport \u00e0 votre profil et activit\u00e9, vous d\u00e9finir un profil publicitaire personnalis\u00e9, mesurer la performance des publicit\u00e9s et du contenu de ce site et mesurer l\u2019audience de ce site <a href=\"#\" class=\"js-privacy\" target=\"_blank\">(en savoir plus)<\/a>        <\/p>\n<p>            En cliquant sur \u00ab J\u2019accepte tout \u00bb, vous consentez aux finalit\u00e9s susmentionn\u00e9es pour l\u2019ensemble des cookies et autres traceurs d\u00e9pos\u00e9s par Humanoid et <a class=\"embed-consent-overlay-vendors-link\" href=\"#preferences-vendeurs\">ses partenaires<\/a>.        <\/p>\n<p>            Vous gardez la possibilit\u00e9 de retirer votre consentement \u00e0 tout moment. Pour plus d\u2019informations, nous vous invitons \u00e0 prendre connaissance de notre <a href=\"https:\/\/www.numerama.com\/politique-cookies\" rel=\"nofollow noopener\" target=\"_blank\">Politique cookies<\/a>.        <\/p>\n<p>        J\u2019accepte tout    <\/p>\n<p class=\"embed-consent-overlay-manage-choices\">        <a href=\"#preferences-publicitaires\">G\u00e9rer mes choix<\/a>    <\/p>\n<p>            <img decoding=\"async\" src=\"https:\/\/www.europesays.com\/fr\/wp-content\/uploads\/2025\/04\/iPhone-16-pro.png\" alt=\"Toute l'actu tech en un clien d'oeil\"\/><\/p>\n<p class=\"card-install-pwa__title\">Toute l&rsquo;actu tech en un clin d&rsquo;\u0153il<\/p>\n<p class=\"card-install-pwa__description\">Ajoutez Numerama \u00e0 votre \u00e9cran d&rsquo;accueil et restez connect\u00e9s au futur !<\/p>\n<p>            <img decoding=\"async\" src=\"https:\/\/www.numerama.com\/wp-content\/themes\/numerama-next\/assets\/images\/premium\/logo-card-pwa-coupe.svg\" alt=\"Logo PWA\"\/><\/p>\n<p>       Installer Numerama<\/p>\n","protected":false},"excerpt":{"rendered":"La premi\u00e8re mise \u00e0 jour corrective d\u2019iOS 26 vient d\u2019\u00eatre d\u00e9ploy\u00e9e par Apple. Elle corrige plusieurs bugs apparus&hellip;\n","protected":false},"author":2,"featured_media":427157,"comment_status":"","ping_status":"","sticky":false,"template":"","format":"standard","meta":{"footnotes":""},"categories":[7],"tags":[733,26054,270,1011,27,28923,43,40,41,39,42,44],"class_list":{"0":"post-427156","1":"post","2":"type-post","3":"status-publish","4":"format-standard","5":"has-post-thumbnail","7":"category-sciences-et-technologies","8":"tag-apple","9":"tag-apple-iphone","10":"tag-breaking","11":"tag-fr","12":"tag-france","13":"tag-ios-26","14":"tag-science","15":"tag-science-and-technology","16":"tag-sciences","17":"tag-sciences-et-technologies","18":"tag-technologies","19":"tag-technology"},"share_on_mastodon":{"url":"https:\/\/pubeurope.com\/@fr\/115290000335850731","error":""},"_links":{"self":[{"href":"https:\/\/www.europesays.com\/fr\/wp-json\/wp\/v2\/posts\/427156","targetHints":{"allow":["GET"]}}],"collection":[{"href":"https:\/\/www.europesays.com\/fr\/wp-json\/wp\/v2\/posts"}],"about":[{"href":"https:\/\/www.europesays.com\/fr\/wp-json\/wp\/v2\/types\/post"}],"author":[{"embeddable":true,"href":"https:\/\/www.europesays.com\/fr\/wp-json\/wp\/v2\/users\/2"}],"replies":[{"embeddable":true,"href":"https:\/\/www.europesays.com\/fr\/wp-json\/wp\/v2\/comments?post=427156"}],"version-history":[{"count":0,"href":"https:\/\/www.europesays.com\/fr\/wp-json\/wp\/v2\/posts\/427156\/revisions"}],"wp:featuredmedia":[{"embeddable":true,"href":"https:\/\/www.europesays.com\/fr\/wp-json\/wp\/v2\/media\/427157"}],"wp:attachment":[{"href":"https:\/\/www.europesays.com\/fr\/wp-json\/wp\/v2\/media?parent=427156"}],"wp:term":[{"taxonomy":"category","embeddable":true,"href":"https:\/\/www.europesays.com\/fr\/wp-json\/wp\/v2\/categories?post=427156"},{"taxonomy":"post_tag","embeddable":true,"href":"https:\/\/www.europesays.com\/fr\/wp-json\/wp\/v2\/tags?post=427156"}],"curies":[{"name":"wp","href":"https:\/\/api.w.org\/{rel}","templated":true}]}}