{"id":427158,"date":"2025-09-29T22:42:15","date_gmt":"2025-09-29T22:42:15","guid":{"rendered":"https:\/\/www.europesays.com\/fr\/427158\/"},"modified":"2025-09-29T22:42:15","modified_gmt":"2025-09-29T22:42:15","slug":"en-suisse-la-crainte-dune-recession-apres-les-droits-de-douane-americains-sur-la-pharmacie","status":"publish","type":"post","link":"https:\/\/www.europesays.com\/fr\/427158\/","title":{"rendered":"En Suisse, la crainte d\u2019une r\u00e9cession apr\u00e8s les droits de douane am\u00e9ricains sur la pharmacie"},"content":{"rendered":"<p>Le 1er ao\u00fbt, la Suisse s\u2019est vue imposer des droits de douane de 39% par Washington, un petit s\u00e9isme pour l\u2019\u00e9conomie helv\u00e9tique.<\/p>\n<p class=\"fig-paragraph\">L\u2019inqui\u00e9tude r\u00e8gne dans les vall\u00e9es helv\u00e9tiques. Des\u00a0<a href=\"http:\/\/www.lefigaro.fr\/medias\/donald-trump-repete-son-intention-d-imposer-des-droits-de-douane-sur-les-films-produits-a-l-etranger-20250929\" data-fig-type=\"NewsFlash\" data-gtm-custom-categorie=\"navigation\" data-gtm-custom-action=\"crossclick\" data-gtm-custom-label=\"Contextuel\" data-gtm-event=\"customEventSPE\" data-fig-domain=\"LEFIGARO\" rel=\"nofollow noopener\" target=\"_blank\">droits de douane<\/a>\u00a0aux \u00c9tats-Unis sur les produits pharmaceutiques pourraient conduire \u00e0 une r\u00e9cession en Suisse, mais leur impact reste encore difficile \u00e0 calculer en attendant d&rsquo;en savoir plus sur les intentions de\u00a0<a href=\"https:\/\/video.lefigaro.fr\/figaro\/gaza-si-le-hamas-rejette-laccord-israel-aura-le-soutien-total-de-donald-trump-20250929\" data-fig-type=\"Video\" data-gtm-custom-categorie=\"navigation\" data-gtm-custom-action=\"crossclick\" data-gtm-custom-label=\"Contextuel\" data-gtm-event=\"customEventSPE\" data-fig-domain=\"LEFIGARO\" rel=\"nofollow noopener\" target=\"_blank\">Donald Trump<\/a>, selon un professeur d&rsquo;\u00e9conomie zurichois. Vendredi, le pr\u00e9sident des \u00c9tats-Unis a dit vouloir appliquer des droits de douane \u00abde 100%\u00bb aux produits pharmaceutiques \u00abde marque ou brevet\u00e9s\u00bb \u00e0 compter du 1er octobre, \u00absauf si une entreprise CONSTRUIT son usine pharmaceutique en Am\u00e9rique\u00bb, a-t-il \u00e9crit dans un message publi\u00e9 sur sa plateforme Truth Social.<\/p>\n<p class=\"fig-paragraph\">\u00abDe nombreux d\u00e9tails ne sont pas clairs\u00bb, a estim\u00e9 Hans Gersbach, professeur d&rsquo;\u00e9conomie et codirecteur du Centre de recherches conjoncturelles de l&rsquo;\u00c9cole Polytechnique f\u00e9d\u00e9rale de Zurich, lors d&rsquo;un entretien avec l&rsquo;AFP. \u00abSi une large proportion des exportations vers les \u00c9tats-Unis dans le secteur de la pharmacie devait subir des droits de douane, et rester en place pour une longue p\u00e9riode, il y aurait un risque clair de r\u00e9cession en Suisse\u00bb, estime-t-il.<\/p>\n<p>                                    <a class=\"fig-a11y-skip a11y-hidden\" href=\"#fig-a11y-skip-main-inarticle\"><br \/>\n        Passer la publicit\u00e9<br \/>\n    <\/a><\/p>\n<p class=\"fig-paragraph\">Mais le champ d&rsquo;application de ces droits de douane reste pour l&rsquo;instant \u00abparticuli\u00e8rement vague\u00bb, insiste-t-il, et il va donc falloir attendre de savoir exactement quelles entreprises et quels\u00a0<a href=\"http:\/\/www.lefigaro.fr\/conjoncture\/automobile-produits-pharmaceutiques-vins-l-accord-officiel-confirme-la-taxe-trump-de-15-pour-l-europe-20250821\" data-fig-type=\"Article\" data-gtm-custom-categorie=\"navigation\" data-gtm-custom-action=\"crossclick\" data-gtm-custom-label=\"Contextuel\" data-gtm-event=\"customEventSPE\" data-fig-domain=\"LEFIGARO\" rel=\"nofollow noopener\" target=\"_blank\">produits pharmaceutiques\u00a0<\/a>seront touch\u00e9s pour \u00e9valuer pleinement les r\u00e9percussions pour l&rsquo;\u00e9conomie helv\u00e9tique, selon lui. Ce centre de recherches li\u00e9 \u00e0 l&rsquo;Universit\u00e9 de Zurich a mis au point un mod\u00e8le qui permet de calculer rapidement l&rsquo;impact d&rsquo;un choc sur les \u00e9changes commerciaux, comme des droits de douane.<\/p>\n<p class=\"fig-paragraph\">Le 1er ao\u00fbt, lorsque la Suisse s&rsquo;est vue imposer des droits de douane de 39% par Washington, ce centre de recherches avait donc pu r\u00e9aliser en quelques heures une premi\u00e8re \u00e9valuation, estimant alors l&rsquo;impact sur le produit int\u00e9rieur brut (PIB) de la Suisse aux alentours de 0,3% et 0,6%. Il s&rsquo;agissait \u00abd&rsquo;un gros choc\u00bb pour l&rsquo;\u00e9conomie helv\u00e9tique, mais d&rsquo;apr\u00e8s ce mod\u00e8le, une r\u00e9cession semblait pouvoir \u00ab\u00eatre \u00e9vit\u00e9e\u00bb, explique M. Gersbach.<\/p>\n<p>7 \u00e0 8% du PIB<\/p>\n<p class=\"fig-paragraph\">Car ces 39% touchent surtout l&rsquo;horlogerie, les machines-outils et instruments de pr\u00e9cision (comme les instruments de mesure) ou encore les produits alimentaires. Mais des droits de douane sur les m\u00e9dicaments, jusqu&rsquo;alors exempt\u00e9s, changeraient la donne compte tenu du poids de la pharmacie dans l&rsquo;\u00e9conomie suisse. Le secteur de la chimie et de la pharmacie contribue \u00e0 \u00abenviron 7 \u00e0 8% du PIB\u00bb de la Suisse, a quantifi\u00e9 M. Gersbach, et est le secteur qui a le plus contribu\u00e9 \u00e0 la croissance des exportations au cours des derni\u00e8res d\u00e9cennies, souligne-t-il.<\/p>\n<p class=\"fig-paragraph\">En avril, Roche et Novartis ont n\u00e9anmoins annonc\u00e9 de colossaux investissements dans de nouvelles usines aux \u00c9tats-Unis, o\u00f9 les deux groupes disposent d\u00e9j\u00e0 d&rsquo;importants centres de production. Vendredi, les cours de ces deux poids lourds du secteur en Suisse avaient d&rsquo;ailleurs peu r\u00e9agi en Bourse. \u00abLes grandes entreprises comme Roche et Novartis pourraient \u00eatre exempt\u00e9es, mais de nombreuses entreprises plus petites vont \u00eatre touch\u00e9es\u00bb, pr\u00e9vient M. Gersbach.<\/p>\n<p class=\"fig-paragraph\">Face aux pressions pour faire baisser les prix des m\u00e9dicaments aux \u00c9tats-Unis, Novartis a annonc\u00e9 lundi une nouvelle initiative avec le lancement d\u00e9but novembre d&rsquo;une plateforme o\u00f9 son traitement appel\u00e9 Cosentyx (utilis\u00e9 contre plusieurs maladies inflammatoires) sera vendu directement aux patients aux \u00c9tats-Unis, avec un important rabais.<\/p>\n","protected":false},"excerpt":{"rendered":"Le 1er ao\u00fbt, la Suisse s\u2019est vue imposer des droits de douane de 39% par Washington, un petit&hellip;\n","protected":false},"author":2,"featured_media":427159,"comment_status":"","ping_status":"","sticky":false,"template":"","format":"standard","meta":{"footnotes":""},"categories":[6],"tags":[35,33,34,1011,27,3067],"class_list":{"0":"post-427158","1":"post","2":"type-post","3":"status-publish","4":"format-standard","5":"has-post-thumbnail","7":"category-economie","8":"tag-business","9":"tag-economie","10":"tag-economy","11":"tag-fr","12":"tag-france","13":"tag-suisse"},"share_on_mastodon":{"url":"https:\/\/pubeurope.com\/@fr\/115290003685408979","error":""},"_links":{"self":[{"href":"https:\/\/www.europesays.com\/fr\/wp-json\/wp\/v2\/posts\/427158","targetHints":{"allow":["GET"]}}],"collection":[{"href":"https:\/\/www.europesays.com\/fr\/wp-json\/wp\/v2\/posts"}],"about":[{"href":"https:\/\/www.europesays.com\/fr\/wp-json\/wp\/v2\/types\/post"}],"author":[{"embeddable":true,"href":"https:\/\/www.europesays.com\/fr\/wp-json\/wp\/v2\/users\/2"}],"replies":[{"embeddable":true,"href":"https:\/\/www.europesays.com\/fr\/wp-json\/wp\/v2\/comments?post=427158"}],"version-history":[{"count":0,"href":"https:\/\/www.europesays.com\/fr\/wp-json\/wp\/v2\/posts\/427158\/revisions"}],"wp:featuredmedia":[{"embeddable":true,"href":"https:\/\/www.europesays.com\/fr\/wp-json\/wp\/v2\/media\/427159"}],"wp:attachment":[{"href":"https:\/\/www.europesays.com\/fr\/wp-json\/wp\/v2\/media?parent=427158"}],"wp:term":[{"taxonomy":"category","embeddable":true,"href":"https:\/\/www.europesays.com\/fr\/wp-json\/wp\/v2\/categories?post=427158"},{"taxonomy":"post_tag","embeddable":true,"href":"https:\/\/www.europesays.com\/fr\/wp-json\/wp\/v2\/tags?post=427158"}],"curies":[{"name":"wp","href":"https:\/\/api.w.org\/{rel}","templated":true}]}}