{"id":427162,"date":"2025-09-29T22:44:14","date_gmt":"2025-09-29T22:44:14","guid":{"rendered":"https:\/\/www.europesays.com\/fr\/427162\/"},"modified":"2025-09-29T22:44:14","modified_gmt":"2025-09-29T22:44:14","slug":"baisses-dimpots-justice-fiscale-les-pistes-de-lecornu-exposees-devant-ses-allies","status":"publish","type":"post","link":"https:\/\/www.europesays.com\/fr\/427162\/","title":{"rendered":"Baisses d\u2019imp\u00f4ts, justice fiscale\u2026 Les pistes de Lecornu expos\u00e9es devant ses alli\u00e9s"},"content":{"rendered":"<p>        <img decoding=\"async\" loading=\"lazy\" src=\"https:\/\/www.europesays.com\/fr\/wp-content\/uploads\/2025\/09\/0bc8b97_upload-1-xf3b68bbfk0t-afp-20250913-74d98g4-v2-highres-francepoliticsgovernmenthealth.jpg\"  width=\"728\" height=\"410\" alt=\"S\u00e9bastien Lecornu a r\u00e9uni ce lundi cinq partis politiques pour \u00e9voquer ses pistes sur le budget.\"\/>  <\/p>\n<p>JEFF PACHOUD \/ AFP<\/p>\n<p>S\u00e9bastien Lecornu a r\u00e9uni ce lundi cinq partis politiques pour \u00e9voquer ses pistes sur le budget.<\/p>\n<p class=\"asset asset-text\">POLITIQUE &#8211; Les premi\u00e8res pistes se dessinent.<a href=\"https:\/\/www.huffingtonpost.fr\/politique\/article\/sebastien-lecornu-qui-etait-accuse-d-avoir-menti-sur-ses-diplomes-reconnait-ne-pas-avoir-de-master_255309.html\" target=\"_blank\" rel=\"noopener\"> S\u00e9bastien Lecornu<\/a> a dit lors d\u2019une r\u00e9union ce lundi 29\u00a0septembre avec ses alli\u00e9s du \u00ab\u00a0socle commun\u00a0\u00bb que son futur gouvernement ferait des \u00ab\u00a0propositions\u00a0\u00bb de baisse d\u2019imp\u00f4ts \u00ab\u00a0notamment en faveur du travail\u00a0\u00bb, alors que<a href=\"https:\/\/www.huffingtonpost.fr\/politique\/article\/les-socialistes-posent-leurs-conditions-avant-la-rencontre-de-la-derniere-chance-avec-sebastien-lecornu_255377.html\" target=\"_blank\" rel=\"noopener\"> les socialistes r\u00e9clament entre autres une baisse cibl\u00e9e de la CSG<\/a>, ont rapport\u00e9 des participants \u00e0 l\u2019AFP.<\/p>\n<p class=\"asset asset-text\">Le Premier ministre a \u00e9galement demand\u00e9 \u00e0 ses soutiens d\u2019\u00eatre \u00ab\u00a0ouverts au d\u00e9bat sur la justice fiscale\u00a0\u00bb et \u00e0 un \u00ab\u00a0juste partage de l\u2019effort de redressement des finances publiques\u00a0\u00bb mais \u00ab\u00a0dans la limite de ne pas ab\u00eemer croissance et emploi\u00a0\u00bb, selon ces participants.<\/p>\n<p class=\"asset asset-text\">S\u00e9bastien Lecornu a r\u00e9uni pour le d\u00e9jeuner \u00e0 Matignon les repr\u00e9sentants des cinq partis (Renaissance, Horizons, MoDem, Les R\u00e9publicains, UDI) et des groupes parlementaires de la droite et du centre, membres de la fragile coalition gouvernementale sortante.<\/p>\n<p class=\"asset asset-text\">En qu\u00eate d\u2019une bienveillance des socialistes pour faire passer son budget, le Premier ministre a pourtant ferm\u00e9 la porte, vendredi dans Le Parisien, \u00e0 leurs principales demandes comme la taxe Zucman sur les hauts patrimoines, le r\u00e9tablissement de l\u2019Imp\u00f4t sur la fortune (ISF) ou la suspension de la r\u00e9forme des retraites, tout en assurant que \u00ab\u00a0certains imp\u00f4ts augmenteront, mais d\u2019autres diminueront\u00a0\u00bb. Le contenu de cet entretien \u00ab\u00a0est \u00e9videmment une base de d\u00e9part pour une n\u00e9gociation, pas un point d\u2019arriv\u00e9e\u00a0\u00bb, s\u2019est d\u00e9fendu le Premier ministre lundi.<\/p>\n<p>                     \u00ab\u00a0Beaucoup de mesures vont bouger\u00a0\u00bb    <\/p>\n<p class=\"asset asset-text\">Tr\u00e8s discret sur ses intentions pour le budget, le Premier ministre a r\u00e9affirm\u00e9 que \u00ab\u00a0tous les arbitrages n\u2019\u00e9taient pas encore rendus\u00a0\u00bb \u00e9tant donn\u00e9 que \u00ab\u00a0beaucoup de mesures vont bouger au Parlement pendant les d\u00e9bats\u00a0\u00bb.<\/p>\n<p class=\"asset asset-text\">S\u00e9bastien Lecornu a notamment insist\u00e9 lundi devant ses alli\u00e9s sur le fait que \u00ab\u00a0tout d\u00e9bat sur la fiscalit\u00e9 doit aller de pair avec la baisse r\u00e9elle des d\u00e9penses publiques\u00a0\u00bb. Le Premier ministre a d\u00e9j\u00e0 annonc\u00e9 \u00e0 cet \u00e9gard plusieurs mesures de diminution des d\u00e9penses de l\u2019\u00c9tat \u00ab\u00a0dans un souci d\u2019exemplarit\u00e9\u00a0\u00bb. Il a annonc\u00e9 \u00e0 ce titre qu\u2019il n\u2019augmentera pas les moyens de fonctionnement de Matignon.<\/p>\n<p class=\"asset asset-text\">Pas question, en revanche, pour le Premier ministre de toucher \u00e0 la \u00ab\u00a0croissance et l\u2019emploi\u00a0\u00bb.<\/p>\n<p class=\"asset asset-text\">Il a expliqu\u00e9 que \u00ab\u00a0certaines mesures de court terme seront acceptables que si elles sont accompagn\u00e9es de r\u00e9formes de moyen et long terme\u00a0\u00bb telles qu\u2019une r\u00e9forme de l\u2019\u00c9tat ou une d\u00e9centralisation.<\/p>\n<p class=\"asset asset-text\">Il a redit aussi \u00ab\u00a0l\u2019importance d\u2019avancer sur la lutte contre les fraudes fiscales et sociales\u00a0\u00bb, qui feront l\u2019objet d\u2019un projet de loi qui sera pr\u00e9sent\u00e9 en conseil des ministres en m\u00eame temps que les projets de loi de budgets (de l\u2019\u00c9tat et de la S\u00e9curit\u00e9 sociale). Il a soulign\u00e9 en outre \u00ab\u00a0l\u2019urgence de traiter de la s\u00e9curit\u00e9 du quotidien\u00a0\u00bb, une revendication r\u00e9currente de la droite.<\/p>\n","protected":false},"excerpt":{"rendered":"JEFF PACHOUD \/ AFP S\u00e9bastien Lecornu a r\u00e9uni ce lundi cinq partis politiques pour \u00e9voquer ses pistes sur&hellip;\n","protected":false},"author":2,"featured_media":427163,"comment_status":"","ping_status":"","sticky":false,"template":"","format":"standard","meta":{"footnotes":""},"categories":[4],"tags":[11,55584,1011,27,12,316,25,11067],"class_list":{"0":"post-427162","1":"post","2":"type-post","3":"status-publish","4":"format-standard","5":"has-post-thumbnail","7":"category-france","8":"tag-actualites","9":"tag-budget-de-l-etat","10":"tag-fr","11":"tag-france","12":"tag-news","13":"tag-politique","14":"tag-republique-francaise","15":"tag-sebastien-lecornu"},"share_on_mastodon":{"url":"https:\/\/pubeurope.com\/@fr\/115290011648911855","error":""},"_links":{"self":[{"href":"https:\/\/www.europesays.com\/fr\/wp-json\/wp\/v2\/posts\/427162","targetHints":{"allow":["GET"]}}],"collection":[{"href":"https:\/\/www.europesays.com\/fr\/wp-json\/wp\/v2\/posts"}],"about":[{"href":"https:\/\/www.europesays.com\/fr\/wp-json\/wp\/v2\/types\/post"}],"author":[{"embeddable":true,"href":"https:\/\/www.europesays.com\/fr\/wp-json\/wp\/v2\/users\/2"}],"replies":[{"embeddable":true,"href":"https:\/\/www.europesays.com\/fr\/wp-json\/wp\/v2\/comments?post=427162"}],"version-history":[{"count":0,"href":"https:\/\/www.europesays.com\/fr\/wp-json\/wp\/v2\/posts\/427162\/revisions"}],"wp:featuredmedia":[{"embeddable":true,"href":"https:\/\/www.europesays.com\/fr\/wp-json\/wp\/v2\/media\/427163"}],"wp:attachment":[{"href":"https:\/\/www.europesays.com\/fr\/wp-json\/wp\/v2\/media?parent=427162"}],"wp:term":[{"taxonomy":"category","embeddable":true,"href":"https:\/\/www.europesays.com\/fr\/wp-json\/wp\/v2\/categories?post=427162"},{"taxonomy":"post_tag","embeddable":true,"href":"https:\/\/www.europesays.com\/fr\/wp-json\/wp\/v2\/tags?post=427162"}],"curies":[{"name":"wp","href":"https:\/\/api.w.org\/{rel}","templated":true}]}}