{"id":427168,"date":"2025-09-29T22:47:14","date_gmt":"2025-09-29T22:47:14","guid":{"rendered":"https:\/\/www.europesays.com\/fr\/427168\/"},"modified":"2025-09-29T22:47:14","modified_gmt":"2025-09-29T22:47:14","slug":"le-decideur-cest-gael-perdriau-le-requisitoire-cinglant-contre-le-maire-de-saint-etienne-dans-laffaire-de-la-sextape","status":"publish","type":"post","link":"https:\/\/www.europesays.com\/fr\/427168\/","title":{"rendered":"\u00ab\u00a0Le d\u00e9cideur, c\u2019est Ga\u00ebl Perdriau\u00a0\u00bb\u00a0: le r\u00e9quisitoire cinglant contre le maire de Saint-\u00c9tienne\u00a0dans l\u2019affaire de la sextape"},"content":{"rendered":"<p class=\"paragraph text_align_left lp-f-body-02\">La carri\u00e8re politique de <a href=\"https:\/\/www.leparisien.fr\/faits-divers\/ma-grande-force-cest-mon-innocence-le-maire-de-saint-etienne-face-aux-accusations-de-chantage-a-la-sextape-21-09-2025-MC5F7K4UAVFRJABXL3323WU6GE.php\" target=\"_blank\" rel=\"noreferrer nofollow noopener\">Ga\u00ebl Perdriau<\/a>, le maire de Saint-\u00c9tienne (<a href=\"https:\/\/www.leparisien.fr\/loire-42\/\" target=\"_blank\" rel=\"noreferrer nofollow noopener\">Loire<\/a>) depuis 2014, va-t-elle se voir compromise dans un tribunal lyonnais\u00a0? La procureure de la R\u00e9publique de Lyon, o\u00f9 <a href=\"https:\/\/www.leparisien.fr\/faits-divers\/affaire-de-la-sextape-a-saint-etienne-le-poker-menteur-des-prevenus-face-a-leur-victime-22-09-2025-CGMAALEVLJF7TFLYTOLTP5MTFU.php\" target=\"_blank\" rel=\"noreferrer nofollow noopener\">se d\u00e9roule le proc\u00e8s<\/a> a <a href=\"https:\/\/www.leparisien.fr\/faits-divers\/proces-du-chantage-a-la-sextape-3-ans-de-prison-ferme-requis-contre-le-maire-de-saint-etienne-gael-perdriau-29-09-2025-KF63DPHEZNGPTK7IQUPDKYQGNQ.php\" target=\"_blank\" rel=\"noreferrer nofollow noopener\">requis ce lundi<\/a> une peine de trois ann\u00e9es d\u2019emprisonnement (cinq ans dont deux avec sursis) \u2015 peine non am\u00e9nageable \u2015 \u00e0 l\u2019encontre de l\u2019\u00e9dile st\u00e9phanois dans la fameuse affaire du chantage \u00e0 la vid\u00e9o intime visant son ex-premier adjoint, <a href=\"https:\/\/www.leparisien.fr\/faits-divers\/proces-du-chantage-a-la-sextape-a-saint-etienne-jai-ete-torture-tous-les-lundis-dans-le-bureau-du-maire-26-09-2025-DYMCWQ6CY5ERHD4GTJV623RWUI.php\" target=\"_blank\" rel=\"noreferrer nofollow noopener\">Gilles Artigues<\/a> (qui avait \u00e9t\u00e9 film\u00e9 \u00e0 son insu en compagnie d\u2019un escort-boy dans un h\u00f4tel parisien en janvier\u00a02015).<\/p>\n<p class=\"paragraph text_align_left lp-f-body-02\">Elle a \u00e9galement demand\u00e9 une peine d\u2019in\u00e9ligibilit\u00e9 d\u2019une dur\u00e9e de cinq ans avec ex\u00e9cution provisoire et 50\u00a0000\u00a0euros d\u2019amende \u00e0 l\u2019\u00e9gard du maire de Saint-\u00c9tienne \u2015 qui est poursuivi pour chantage, d\u00e9tournements de fonds publics et participation \u00e0 une association de malfaiteurs \u2015 afin de s\u2019assurer qu\u2019il quittera imm\u00e9diatement ses fonctions politiques s\u2019il est condamn\u00e9, anticipant un \u00e9ventuel proc\u00e8s en appel.<\/p>\n","protected":false},"excerpt":{"rendered":"La carri\u00e8re politique de Ga\u00ebl Perdriau, le maire de Saint-\u00c9tienne (Loire) depuis 2014, va-t-elle se voir compromise dans&hellip;\n","protected":false},"author":2,"featured_media":427169,"comment_status":"","ping_status":"","sticky":false,"template":"","format":"standard","meta":{"footnotes":""},"categories":[9653],"tags":[1111,11,2430,459,1777,674,118,1011,27,12,25,4001],"class_list":{"0":"post-427168","1":"post","2":"type-post","3":"status-publish","4":"format-standard","5":"has-post-thumbnail","7":"category-saint-etienne","8":"tag-actu","9":"tag-actualites","10":"tag-auvergne-rhone-alpes","11":"tag-departements-horsidfo","12":"tag-eu","13":"tag-europe","14":"tag-faits-divers","15":"tag-fr","16":"tag-france","17":"tag-news","18":"tag-republique-francaise","19":"tag-saint-etienne"},"share_on_mastodon":{"url":"https:\/\/pubeurope.com\/@fr\/115290023259134791","error":""},"_links":{"self":[{"href":"https:\/\/www.europesays.com\/fr\/wp-json\/wp\/v2\/posts\/427168","targetHints":{"allow":["GET"]}}],"collection":[{"href":"https:\/\/www.europesays.com\/fr\/wp-json\/wp\/v2\/posts"}],"about":[{"href":"https:\/\/www.europesays.com\/fr\/wp-json\/wp\/v2\/types\/post"}],"author":[{"embeddable":true,"href":"https:\/\/www.europesays.com\/fr\/wp-json\/wp\/v2\/users\/2"}],"replies":[{"embeddable":true,"href":"https:\/\/www.europesays.com\/fr\/wp-json\/wp\/v2\/comments?post=427168"}],"version-history":[{"count":0,"href":"https:\/\/www.europesays.com\/fr\/wp-json\/wp\/v2\/posts\/427168\/revisions"}],"wp:featuredmedia":[{"embeddable":true,"href":"https:\/\/www.europesays.com\/fr\/wp-json\/wp\/v2\/media\/427169"}],"wp:attachment":[{"href":"https:\/\/www.europesays.com\/fr\/wp-json\/wp\/v2\/media?parent=427168"}],"wp:term":[{"taxonomy":"category","embeddable":true,"href":"https:\/\/www.europesays.com\/fr\/wp-json\/wp\/v2\/categories?post=427168"},{"taxonomy":"post_tag","embeddable":true,"href":"https:\/\/www.europesays.com\/fr\/wp-json\/wp\/v2\/tags?post=427168"}],"curies":[{"name":"wp","href":"https:\/\/api.w.org\/{rel}","templated":true}]}}