{"id":42718,"date":"2025-04-22T00:20:15","date_gmt":"2025-04-22T00:20:15","guid":{"rendered":"https:\/\/www.europesays.com\/fr\/42718\/"},"modified":"2025-04-22T00:20:15","modified_gmt":"2025-04-22T00:20:15","slug":"laccord-avec-lue-sur-lelectricite-une-fausse-mauvaise-idee","status":"publish","type":"post","link":"https:\/\/www.europesays.com\/fr\/42718\/","title":{"rendered":"L\u2019accord avec l\u2019UE sur l\u2019\u00e9lectricit\u00e9, une fausse mauvaise id\u00e9e"},"content":{"rendered":"<p>              <a tabindex=\"-1\" title=\"Jean-Yves Pidoux\" href=\"https:\/\/www.letemps.ch\/profil\/jean-yves-pidoux\" target=\"_blank\" rel=\"noopener\"><\/p>\n<p>                    <img decoding=\"async\" src=\"https:\/\/www.europesays.com\/fr\/wp-content\/uploads\/2025\/04\/1745281215_150_small.jpeg\" class=\"lazy\" alt=\"\"\/><\/p>\n<p><\/a>        <\/p>\n<p>              <a href=\"https:\/\/www.letemps.ch\/profil\/jean-yves-pidoux\" target=\"_blank\" rel=\"noopener\">Jean-Yves Pidoux<\/a><\/p>\n<p>              ancien directeur des SIL, co-pr\u00e9sident des Grands-parents pour le climat<\/p>\n<p>    Publi\u00e9 le 21 avril 2025 \u00e0 19:01. \/ Modifi\u00e9 le 21 avril 2025 \u00e0 21:20.<\/p>\n<p> 3 min. de lecture<\/p>\n<p>L\u2019accord issu des n\u00e9gociations entre la Suisse et l\u2019Union europ\u00e9enne int\u00e8gre un chapitre consacr\u00e9 \u00e0 l\u2019\u00e9lectricit\u00e9. Deux tribunes y ont d\u00e9j\u00e0 \u00e9t\u00e9 consacr\u00e9es dans Le Temps, l\u2019une <a href=\"https:\/\/www.letemps.ch\/opinions\/debats\/l-accord-sur-l-electricite-avec-l-ue-est-une-aubaine-pour-la-suisse\" rel=\"nofollow noopener\" target=\"_blank\">par Wolfgang Martz<\/a> le 31\u00a0janvier et l\u2019autre <a href=\"https:\/\/www.letemps.ch\/opinions\/debats\/non-l-accord-sur-l-electricite-ne-sera-pas-qu-une-aubaine-pour-la-suisse\" rel=\"nofollow noopener\" target=\"_blank\">par Christian Petit<\/a> le 11\u00a0f\u00e9vrier 2025. La premi\u00e8re consid\u00e9rait cet accord, et l\u2019ouverture compl\u00e8te du march\u00e9 qu\u2019il pr\u00e9voit, comme \u00abune aubaine pour la Suisse\u00bb. La seconde nuan\u00e7ait cette appr\u00e9ciation et doutait que l\u2019accord pr\u00e9lude \u00e0 des baisses de prix pour les m\u00e9nages et pour les PME. Je voudrais poursuivre dans cette veine en relevant quelques \u00e9l\u00e9ments structurels et quelques contradictions.<\/p>\n<p>L\u2019accord est vital pour la stabilit\u00e9 du r\u00e9seau \u00e9lectrique suisse; il permettrait aussi une meilleure valorisation de la production nationale. Mais l\u2019exigence europ\u00e9enne d\u2019une ouverture totale du march\u00e9 de l\u2019\u00e9lectricit\u00e9 n\u2019est compr\u00e9hensible ni au regard de la r\u00e9alit\u00e9 ni \u00e0 celui de l\u2019actualit\u00e9.<\/p>\n<p>    Le reste de l\u2019article est r\u00e9serv\u00e9 \u00e0 nos abonn\u00e9s.<\/p>\n<p>&#13;<br \/>\nRejoignez une communaut\u00e9 de lecteurs engag\u00e9s et curieux. Acc\u00e9dez \u00e0 l\u2019information de qualit\u00e9 d\u00e8s CHF 29.- par mois.<\/p>\n<p>    <a class=\"button is-secondary\" data-event=\"click-&gt;clicked\" href=\"https:\/\/www.letemps.ch\/abonnements?wall_id=1\" target=\"_blank\" rel=\"noopener\">Je m\u2019abonne<\/a><\/p>\n<p class=\"post-subscribe__login\">\n        Vous avez d\u00e9j\u00e0 un compte ?<br \/>\n        <a class=\"link\" rel=\"nofollow noopener\" href=\"https:\/\/www.letemps.ch\/compte\/connexion?return_to=https%3A%2F%2Fwww.letemps.ch%2Fopinions%2Fdebats%2Fl-accord-avec-l-ue-sur-l-electricite-une-fausse-mauvaise-idee\" target=\"_blank\">Se connecter<\/a>\n      <\/p>\n","protected":false},"excerpt":{"rendered":"Jean-Yves Pidoux ancien directeur des SIL, co-pr\u00e9sident des Grands-parents pour le climat Publi\u00e9 le 21 avril 2025 \u00e0&hellip;\n","protected":false},"author":2,"featured_media":42719,"comment_status":"","ping_status":"","sticky":false,"template":"","format":"standard","meta":{"footnotes":""},"categories":[1586],"tags":[11,579,1777,674,1779,1011,27,12,301,25,1778,364],"class_list":{"0":"post-42718","1":"post","2":"type-post","3":"status-publish","4":"format-standard","5":"has-post-thumbnail","7":"category-europe","8":"tag-actualites","9":"tag-electricite","10":"tag-eu","11":"tag-europe","12":"tag-european-union","13":"tag-fr","14":"tag-france","15":"tag-news","16":"tag-premium","17":"tag-republique-francaise","18":"tag-ue","19":"tag-union-europeenne"},"share_on_mastodon":{"url":"https:\/\/pubeurope.com\/@fr\/114378756870054425","error":""},"_links":{"self":[{"href":"https:\/\/www.europesays.com\/fr\/wp-json\/wp\/v2\/posts\/42718","targetHints":{"allow":["GET"]}}],"collection":[{"href":"https:\/\/www.europesays.com\/fr\/wp-json\/wp\/v2\/posts"}],"about":[{"href":"https:\/\/www.europesays.com\/fr\/wp-json\/wp\/v2\/types\/post"}],"author":[{"embeddable":true,"href":"https:\/\/www.europesays.com\/fr\/wp-json\/wp\/v2\/users\/2"}],"replies":[{"embeddable":true,"href":"https:\/\/www.europesays.com\/fr\/wp-json\/wp\/v2\/comments?post=42718"}],"version-history":[{"count":0,"href":"https:\/\/www.europesays.com\/fr\/wp-json\/wp\/v2\/posts\/42718\/revisions"}],"wp:featuredmedia":[{"embeddable":true,"href":"https:\/\/www.europesays.com\/fr\/wp-json\/wp\/v2\/media\/42719"}],"wp:attachment":[{"href":"https:\/\/www.europesays.com\/fr\/wp-json\/wp\/v2\/media?parent=42718"}],"wp:term":[{"taxonomy":"category","embeddable":true,"href":"https:\/\/www.europesays.com\/fr\/wp-json\/wp\/v2\/categories?post=42718"},{"taxonomy":"post_tag","embeddable":true,"href":"https:\/\/www.europesays.com\/fr\/wp-json\/wp\/v2\/tags?post=42718"}],"curies":[{"name":"wp","href":"https:\/\/api.w.org\/{rel}","templated":true}]}}