{"id":427186,"date":"2025-09-29T22:59:26","date_gmt":"2025-09-29T22:59:26","guid":{"rendered":"https:\/\/www.europesays.com\/fr\/427186\/"},"modified":"2025-09-29T22:59:26","modified_gmt":"2025-09-29T22:59:26","slug":"risque-dune-journee-noire-le-30-septembre-dans-deux-cliniques-pres-de-rennes","status":"publish","type":"post","link":"https:\/\/www.europesays.com\/fr\/427186\/","title":{"rendered":"Risque d\u2019une journ\u00e9e noire le 30\u00a0septembre dans deux cliniques pr\u00e8s de Rennes"},"content":{"rendered":"<p>Une journ\u00e9e noire, c\u2019est que souhaite l\u2019intersyndicale des CHP Saint-Gr\u00e9goire et Cesson-S\u00e9vign\u00e9, pr\u00e8s de Rennes, mardi 30\u00a0septembre 2025. Les personnels des deux cliniques r\u00e9clament des hausses de salaires \u00e0 la direction de Vivalto sant\u00e9.<strong> \u00ab<a href=\"https:\/\/rennes.maville.com\/actu\/actudet_-hopital-prive-nos-salaries-doivent-beneficier-du-meme-niveau-de-salaire-que-le-public-_53511-5503643_actu.Htm?utm_source=troove&amp;utm_medium=site\" target=\"_blank\" rel=\"noopener\">\u00a0Depuis trois ans<\/a>\u00a0\u00bb,<\/strong> rappelle la CGT. Les syndicats pointent les conditions de travail et la pr\u00e9carit\u00e9 dans les diff\u00e9rentes \u00e9quipes, particuli\u00e8rement chez les soignants.<\/p>\n<p>\u00ab\u00a0Le groupe affiche des b\u00e9n\u00e9fices\u00a0\u00bb<\/p>\n<p>Le groupe Vivalto compte 52\u00a0h\u00f4pitaux priv\u00e9s en France. Il conna\u00eet r\u00e9guli\u00e8rement <a href=\"https:\/\/dinan.maville.com\/actu\/actudet_--le-dialogue-est-tendu-a-saint-malo-les-soignants-de-la-clinique-font-a-nouveau-greve-_7-6714954_actu.Htm?utm_source=troove&amp;utm_medium=site\" target=\"_blank\" rel=\"noopener\">des mouvements de gr\u00e8ve<\/a>. Des discussions \u00e9taient en cours depuis plusieurs mois avec les repr\u00e9sentants du personnel, sans r\u00e9sultat. <strong>\u00ab\u00a0Le groupe rejette la faute sur l\u2019\u00c9tat, sur les crises politiques qui emp\u00eachent les dossiers d\u2019avancer mais affiche des b\u00e9n\u00e9fices\u00a0\u00bb,<\/strong> d\u00e9nonce l\u2019intersyndicale. Avant l\u2019\u00e9t\u00e9, l\u2019id\u00e9e d\u2019une gr\u00e8ve avait \u00e9t\u00e9 lanc\u00e9e si rien n\u2019avan\u00e7ait. Ce sera donc le 30\u00a0septembre.<\/p>\n<p>\u00a0<\/p>\n","protected":false},"excerpt":{"rendered":"Une journ\u00e9e noire, c\u2019est que souhaite l\u2019intersyndicale des CHP Saint-Gr\u00e9goire et Cesson-S\u00e9vign\u00e9, pr\u00e8s de Rennes, mardi 30\u00a0septembre 2025.&hellip;\n","protected":false},"author":2,"featured_media":427187,"comment_status":"","ping_status":"","sticky":false,"template":"","format":"standard","meta":{"footnotes":""},"categories":[2821],"tags":[11045,1111,11,829,55586,1777,674,1011,27,3465,12,29776,3762,3086,584,25,4510,395],"class_list":{"0":"post-427186","1":"post","2":"type-post","3":"status-publish","4":"format-standard","5":"has-post-thumbnail","7":"category-rennes","8":"tag-11045","9":"tag-actu","10":"tag-actualites","11":"tag-bretagne","12":"tag-cliniques","13":"tag-eu","14":"tag-europe","15":"tag-fr","16":"tag-france","17":"tag-journee","18":"tag-news","19":"tag-noire","20":"tag-pres","21":"tag-redon","22":"tag-rennes","23":"tag-republique-francaise","24":"tag-risque","25":"tag-septembre"},"share_on_mastodon":{"url":"https:\/\/pubeurope.com\/@fr\/115290070389245032","error":""},"_links":{"self":[{"href":"https:\/\/www.europesays.com\/fr\/wp-json\/wp\/v2\/posts\/427186","targetHints":{"allow":["GET"]}}],"collection":[{"href":"https:\/\/www.europesays.com\/fr\/wp-json\/wp\/v2\/posts"}],"about":[{"href":"https:\/\/www.europesays.com\/fr\/wp-json\/wp\/v2\/types\/post"}],"author":[{"embeddable":true,"href":"https:\/\/www.europesays.com\/fr\/wp-json\/wp\/v2\/users\/2"}],"replies":[{"embeddable":true,"href":"https:\/\/www.europesays.com\/fr\/wp-json\/wp\/v2\/comments?post=427186"}],"version-history":[{"count":0,"href":"https:\/\/www.europesays.com\/fr\/wp-json\/wp\/v2\/posts\/427186\/revisions"}],"wp:featuredmedia":[{"embeddable":true,"href":"https:\/\/www.europesays.com\/fr\/wp-json\/wp\/v2\/media\/427187"}],"wp:attachment":[{"href":"https:\/\/www.europesays.com\/fr\/wp-json\/wp\/v2\/media?parent=427186"}],"wp:term":[{"taxonomy":"category","embeddable":true,"href":"https:\/\/www.europesays.com\/fr\/wp-json\/wp\/v2\/categories?post=427186"},{"taxonomy":"post_tag","embeddable":true,"href":"https:\/\/www.europesays.com\/fr\/wp-json\/wp\/v2\/tags?post=427186"}],"curies":[{"name":"wp","href":"https:\/\/api.w.org\/{rel}","templated":true}]}}