{"id":427190,"date":"2025-09-29T23:01:19","date_gmt":"2025-09-29T23:01:19","guid":{"rendered":"https:\/\/www.europesays.com\/fr\/427190\/"},"modified":"2025-09-29T23:01:19","modified_gmt":"2025-09-29T23:01:19","slug":"tout-ce-quil-faut-savoir-sur-et-pour-toujours-sur-des-guitares","status":"publish","type":"post","link":"https:\/\/www.europesays.com\/fr\/427190\/","title":{"rendered":"tout ce qu\u2019il faut savoir sur \u201cEt pour toujours sur des guitares\u201d"},"content":{"rendered":"<p>Monumental, convivial et surtout rock\u2019n\u2019roll\u00a0: <a href=\"https:\/\/www.dna.fr\/actualite\/2017\/12\/06\/johnny-idole-aux-multiples-facettes\" target=\"_blank\" rel=\"nofollow noopener\">Johnny Hallyday \u00e9tait l\u2019embl\u00e8me de la musique fran\u00e7aise<\/a>. L\u2019initiative de c\u00e9l\u00e9brer le plus am\u00e9ricain des chanteurs de l\u2019Hexagone revient \u00e0 Michelle Ruffenach, pr\u00e9sidente de l\u2019association Art et l\u2019\u00eatre, d\u00e9j\u00e0 connue \u00e0 Strasbourg pour avoir con\u00e7u plusieurs expositions musicales, notamment autour d\u2019<a href=\"https:\/\/www.dna.fr\/p\/alain-bashung\" target=\"_blank\" rel=\"nofollow noopener\">Alain Bashung<\/a>, Serge Gainsbourg ou Christophe. Inspir\u00e9e par une grande r\u00e9trospective parisienne consacr\u00e9e \u00e0 Johnny en 2024, elle a choisi d\u2019organiser une exposition \u00e0 Strasbourg, en mobilisant artistes, collectionneurs et partenaires locaux.<\/p>\n<p>\u00ab\u00a0 <a href=\"https:\/\/www.dna.fr\/culture-loisirs\/2025\/06\/07\/une-expo-dans-les-tuyaux-autour-de-johnny-hallyday\" target=\"_blank\" rel=\"nofollow noopener\">Michelle Ruffenach m\u2019a parl\u00e9 de son projet autour de cette l\u00e9gende<\/a> , raconte Emmanuel Bridaux, responsable du magasin de guitares Le Studio &#8211; Arp\u00e8ge \u00e0 Strasbourg. J\u2019ai dit \u2018\u2018banco\u2019\u2019 en lui donnant carte blanche. J\u2019adore le personnage, j\u2019ai grandi avec lui. C\u2019est quelqu\u2019un qui a d\u00e9mocratis\u00e9 la musique. Il a fait chanter et danser plusieurs g\u00e9n\u00e9rations dont font partie mes parents. Assez peu d\u2019artistes ont r\u00e9ussi une telle performance.\u00a0\u00bb<\/p>\n<p>Michelle Ruffenach opine du chef, m\u00eame si elle reconna\u00eet n\u2019avoir d\u00e9couvert l\u2019artiste que sur le tard. \u00ab\u00a0Je me reproche de l\u2019avoir snob\u00e9, dit-elle. Ma ni\u00e8ce me r\u00e9p\u00e9tait qu\u2019un concert de Johnny, \u00e7a ne se rate pas\u2026 J\u2019aurais pu y aller \u00e0 plusieurs reprises\u2026\u00a0\u00bb<\/p>\n<p>  Des guitares exceptionnelles dont une Fender Telecaster<\/p>\n<p> Emmanuel Bridaux ne tarit pas d\u2019\u00e9loges sur Johnny\u00a0: \u00ab\u00a0C\u2019\u00e9tait un super musicien qui avait une aura de dingue\u00a0! Il n\u2019avait jamais compos\u00e9\u00a0; mais ce qu\u2019il savait faire de mieux, c\u2019est interpr\u00e9ter.\u00a0\u00bb <\/p>\n<p>Le Studio \u2013 Arp\u00e8ge, sp\u00e9cialis\u00e9 dans les instruments \u00e0 cordes, accueillera ainsi \u00e0 partir du 2\u00a0octobre peintures \u2013 notamment de l\u2019artiste r\u00e9gional Seven, photographies, lithographies, picture discs et documents rares, dont certains pr\u00eat\u00e9s par le mus\u00e9e de la Sacem. Des guitares exceptionnelles compl\u00e9teront la sc\u00e9nographie. Telle que la Fender Telecaster, noire brillante, sortie en 2003, sur laquelle le rockeur a jou\u00e9.<\/p>\n<p>  Des fonds pour une association qui lutte contre la maladie de Charcot<\/p>\n<p>La programmation pr\u00e9voit \u00e9galement quelques surprises, destin\u00e9es \u00e0 rappeler l\u2019univers foisonnant du chanteur. <a href=\"https:\/\/www.dna.fr\/politique\/2025\/09\/28\/le-dessin-de-la-semaine-de-yannick-lefrancois-jean-philippe-vetter-a-le-vent-en-poupe\" target=\"_blank\" rel=\"nofollow noopener\">Yannick Lefran\u00e7ois<\/a> , auteur de BD et dessinateur de presse des DNA , a r\u00e9alis\u00e9 pour l\u2019occasion une illustration qui met en sc\u00e8ne notre Johnny national au milieu de 112 autres rock stars du monde entier, de la fin des ann\u00e9es 50 \u00e0 aujourd\u2019hui. L\u2019illustrateur l\u2019a baptis\u00e9 \u201c O\u00f9 est Johnny \u00a0 ?\u201d \u00a0\u00e0 la fa\u00e7on de \u201c O\u00f9 est Charlie \u00a0 ?\u201d L\u2019\u0153uvre \u2013 1 \u00a0 m sur 70 \u00a0 cm \u2013 sera vendue aux ench\u00e8res dans les prochains jours au profit de <a href=\"https:\/\/www.arsla.org\/la-sla-cest-quoi\/?gad_source=1&amp;gad_campaignid=361008484&amp;gclid=Cj0KCQjw3OjGBhDYARIsADd-uX5WL1KP7SAmPmhywexVWFCNCPUW1QXKCzlWjjN63ttl8-nu57tUG44aAnAxEALw_wcB\" target=\"_blank\" rel=\"nofollow noopener\">l\u2019Association pour la recherche sur la scl\u00e9rose lat\u00e9rale amyotrophique (Arsla)<\/a> , maladie de Charcot <a href=\"https:\/\/www.dna.fr\/sante\/2025\/06\/03\/courir-marcher-et-faire-du-velo-pour-guy-enleve-par-la-maladie-de-charcot\" target=\"_blank\" rel=\"nofollow noopener\">dont souffrait Guy Beyler<\/a> arrach\u00e9 \u00e0 ses proches en 2023 et l\u2019un des amis de Yannick Lefran\u00e7ois.<\/p>\n<p>L\u2019\u00e9v\u00e9nement b\u00e9n\u00e9ficie du soutien de nombreux passionn\u00e9s et proches de l\u2019artiste. Le fan-club officiel Limited Access a mis \u00e0 disposition plusieurs clich\u00e9s d\u2019archives. Des figures du milieu musical, telles que le producteur Bruno Eucat ou le chanteur Yvan Dantzer, apportent \u00e9galement leur contribution, notamment par le pr\u00eat d\u2019instruments.<\/p>\n<p>  Ouverture de l\u2019exposition le jeudi 2\u00a0octobre<\/p>\n<p>L\u2019ouverture de l\u2019exposition est pr\u00e9vue le jeudi 2\u00a0octobre \u00e0 15\u00a0h. Elle co\u00efncidera avec une soir\u00e9e sp\u00e9ciale dans le cadre des Biblioth\u00e8ques id\u00e9ales. Yarol Poupaud, guitariste et directeur musical de <a href=\"https:\/\/www.dna.fr\/p\/johnny-hallyday\" target=\"_blank\" rel=\"nofollow noopener\">Johnny Hallyday<\/a>, ainsi que Jean Fauque, auteur de plusieurs textes pour lui, y participeront \u00e0 travers \u00e9changes et showcase.<\/p>\n<p>Tout au long du mois d\u2019octobre, l\u2019exposition s\u2019accompagnera d\u2019animations vari\u00e9es s\u00e9ances de d\u00e9dicaces, rencontres autour de livres consacr\u00e9s \u00e0 l\u2019idole des jeunes et des moins jeunes, showcases.<\/p>\n<p>En r\u00e9unissant \u0153uvres d\u2019art, objets iconiques et temps forts musicaux, \u201cEt pour toujours sur des guitares\u201d ambitionne de faire revivre l\u2019univers de Johnny Hallyday et de t\u00e9moigner de l\u2019empreinte qu\u2019il a laiss\u00e9e dans la culture populaire fran\u00e7aise.<\/p>\n<p class=\"note\">\u00c0 compter du jeudi 2\u00a0octobre \u00e0 15\u00a0h, exposition \u201cEt pour toujours sur des guitares\u201d au magasin de guitares Le Studio &#8211; Arp\u00e8ge, 14, boulevard de la Victoire \u00e0 Strasbourg.\u00a0Exposition visible jusqu\u2019au samedi 18\u00a0octobre inclus. Du mardi au vendredi de 10\u00a0h \u00e0 12\u00a0h\u00a030 et de 14\u00a0h \u00e0 18\u00a0h. Le samedi de 10\u00a0h \u00e0 18\u00a0h. Entr\u00e9e libre.\u00a0Vendredi 3\u00a0octobre, \u00e0 18\u00a0h\u00a030, conf\u00e9rence du producteur Bruno Eucat et du chanteur Yvan Dantzer.<\/p>\n","protected":false},"excerpt":{"rendered":"Monumental, convivial et surtout rock\u2019n\u2019roll\u00a0: Johnny Hallyday \u00e9tait l\u2019embl\u00e8me de la musique fran\u00e7aise. L\u2019initiative de c\u00e9l\u00e9brer le plus&hellip;\n","protected":false},"author":2,"featured_media":427191,"comment_status":"","ping_status":"","sticky":false,"template":"","format":"standard","meta":{"footnotes":""},"categories":[2820],"tags":[1111,11,1687,2880,1777,674,2271,107,1011,27,775,873,12,973,25,104,640,2879],"class_list":{"0":"post-427190","1":"post","2":"type-post","3":"status-publish","4":"format-standard","5":"has-post-thumbnail","7":"category-strasbourg","8":"tag-actu","9":"tag-actualites","10":"tag-culture-loisirs","11":"tag-edition-strasbourg","12":"tag-eu","13":"tag-europe","14":"tag-exposition-arts-plastiques","15":"tag-fil-info","16":"tag-fr","17":"tag-france","18":"tag-grand-est","19":"tag-musique","20":"tag-news","21":"tag-people","22":"tag-republique-francaise","23":"tag-societe","24":"tag-strasbourg","25":"tag-strasbourg-ville"},"share_on_mastodon":{"url":"https:\/\/pubeurope.com\/@fr\/115290078427067748","error":""},"_links":{"self":[{"href":"https:\/\/www.europesays.com\/fr\/wp-json\/wp\/v2\/posts\/427190","targetHints":{"allow":["GET"]}}],"collection":[{"href":"https:\/\/www.europesays.com\/fr\/wp-json\/wp\/v2\/posts"}],"about":[{"href":"https:\/\/www.europesays.com\/fr\/wp-json\/wp\/v2\/types\/post"}],"author":[{"embeddable":true,"href":"https:\/\/www.europesays.com\/fr\/wp-json\/wp\/v2\/users\/2"}],"replies":[{"embeddable":true,"href":"https:\/\/www.europesays.com\/fr\/wp-json\/wp\/v2\/comments?post=427190"}],"version-history":[{"count":0,"href":"https:\/\/www.europesays.com\/fr\/wp-json\/wp\/v2\/posts\/427190\/revisions"}],"wp:featuredmedia":[{"embeddable":true,"href":"https:\/\/www.europesays.com\/fr\/wp-json\/wp\/v2\/media\/427191"}],"wp:attachment":[{"href":"https:\/\/www.europesays.com\/fr\/wp-json\/wp\/v2\/media?parent=427190"}],"wp:term":[{"taxonomy":"category","embeddable":true,"href":"https:\/\/www.europesays.com\/fr\/wp-json\/wp\/v2\/categories?post=427190"},{"taxonomy":"post_tag","embeddable":true,"href":"https:\/\/www.europesays.com\/fr\/wp-json\/wp\/v2\/tags?post=427190"}],"curies":[{"name":"wp","href":"https:\/\/api.w.org\/{rel}","templated":true}]}}